{"id":38568,"date":"2020-03-24T09:09:36","date_gmt":"2020-03-24T08:09:36","guid":{"rendered":"http:\/\/miradordeatarfe.es\/?p=38568"},"modified":"2020-03-23T19:14:16","modified_gmt":"2020-03-23T18:14:16","slug":"quedamos-esta-noche-la-cita-que-nadie-en-espana-quiere-perderse","status":"publish","type":"post","link":"https:\/\/miradordeatarfe.es\/?p=38568","title":{"rendered":"\u00bfQuedamos esta noche? La cita que nadie en Espa\u00f1a quiere perderse"},"content":{"rendered":"<h2 class=\"articulo-subtitulo\">A las ocho de la tarde, el pa\u00eds entero estalla en aplausos para homenajear a los profesionales que nos defienden de la pandemia. Ellos responden con m\u00e1s aplausos. Una muestra de que #seguimosconectados<\/h2>\n<p><div class=\"jetpack-video-wrapper\"><iframe loading=\"lazy\" title=\"Historias humanas: el gran #AplausoSanitario\" width=\"640\" height=\"480\" src=\"https:\/\/www.youtube.com\/embed\/TiaawYnK-0U?feature=oembed\" frameborder=\"0\" allow=\"accelerometer; autoplay; clipboard-write; encrypted-media; gyroscope; picture-in-picture; web-share\" referrerpolicy=\"strict-origin-when-cross-origin\" allowfullscreen><\/iframe><\/div>\n<\/p>\n<h3>H\u00e9roes. Unos lo son desde los hospitales, las farmacias, los supermercados o los camiones.<\/h3>\n<p style=\"text-align: justify;\">Con jornadas interminables, maratonianas, duras, muy duras. Con el v\u00e9rtigo de no saber qu\u00e9 pasar\u00e1. Otros, desde sus casas. Qued\u00e1ndose en ellas. Nietos y abuelos. Padres. Hijos. Personas sin capa ni antifaz, pero de carne y hueso. Y coraz\u00f3n, mucho coraz\u00f3n.<\/p>\n<p style=\"text-align: justify;\">No se sabe qui\u00e9n fue el primero en emitir ese mensaje, pero el 14 de marzo, en cuesti\u00f3n de horas, lleg\u00f3 a los tel\u00e9fonos de millones de espa\u00f1oles: \u201cUn aplauso para reconocer el trabajo de nuestros profesionales sanitarios\u201d. A la hora prevista, las diez de la noche, el silencio de las calles vac\u00edas de pueblos y ciudades se cambi\u00f3 por un aluvi\u00f3n de aplausos. Desde ventanas y balcones, desde patios interiores y azoteas, los espa\u00f1oles se unieron para reconocer la labor que m\u00e9dicos, enfermeras y enfermeros y dem\u00e1s personal sanitario est\u00e1n realizando para acabar con la pandemia. Desde entonces, cada d\u00eda retumba el pa\u00eds con el homenaje a las 20 horas, para que tambi\u00e9n los ni\u00f1os puedan participar. Tambi\u00e9n para demostrar que #nosotrosnoparamos. Ninguno, ni en los hospitales, ni desde nuestras casas, con un aplauso a unos h\u00e9roes a los que queremos darles las gracias con nuestras manos porque estamos en las suyas.<\/p>\n<p style=\"text-align: justify;\">Los propios profesionales sanitarios han mostrado su gratitud, y el apoyo a sus compa\u00f1eros, devolviendo los aplausos, deteniendo un instante el ritmo fren\u00e9tico de trabajo para respirar, como demuestra este v\u00eddeo, un homenaje de <a href=\"https:\/\/www.telefonica.com\/es\/home\" target=\"_blank\" rel=\"noopener noreferrer\">Telef\u00f3nica<\/a> a los miles de h\u00e9roes de nuestra Sanidad y nuestros servicios de emergencia, que deja claro que todos estamos juntos y que <a href=\"https:\/\/twitter.com\/hashtag\/SeguimosConectados?src=hashtag_click\" target=\"_blank\" rel=\"noopener noreferrer\">#seguimosconectados<\/a>. No solo por las redes sino tambi\u00e9n como ciudadanos.<\/p>\n","protected":false},"excerpt":{"rendered":"<p>A las ocho de la tarde, el pa\u00eds entero estalla en aplausos para homenajear a&#8230;<\/p>\n","protected":false},"author":1,"featured_media":38570,"comment_status":"closed","ping_status":"closed","sticky":false,"template":"","format":"standard","meta":{"_coblocks_attr":"","_coblocks_dimensions":"","_coblocks_responsive_height":"","_coblocks_accordion_ie_support":"","jetpack_post_was_ever_published":false,"_jetpack_newsletter_access":"","_jetpack_dont_email_post_to_subs":false,"_jetpack_newsletter_tier_id":0,"_jetpack_memberships_contains_paywalled_content":false,"_jetpack_memberships_contains_paid_content":false,"footnotes":"","jetpack_publicize_message":"","jetpack_publicize_feature_enabled":true,"jetpack_social_post_already_shared":false,"jetpack_social_options":{"image_generator_settings":{"template":"highway","default_image_id":0,"enabled":false},"version":2}},"categories":[1161,44,15,10],"tags":[4997,7165,2828,3463],"class_list":["post-38568","post","type-post","status-publish","format-standard","has-post-thumbnail","hentry","category-ciudadania","category-noticias-de-hoy","category-ultimas-noticias","category-salud","tag-bomberos","tag-heroes","tag-hospitales","tag-policias"],"jetpack_publicize_connections":[],"jetpack_featured_media_url":"https:\/\/i0.wp.com\/miradordeatarfe.es\/wp-content\/uploads\/2020\/03\/ACS5YLMZMZHJTA3TMKVAL23VC4.jpg?fit=980%2C528&ssl=1","jetpack_likes_enabled":true,"jetpack_sharing_enabled":true,"_links":{"self":[{"href":"https:\/\/miradordeatarfe.es\/index.php?rest_route=\/wp\/v2\/posts\/38568","targetHints":{"allow":["GET"]}}],"collection":[{"href":"https:\/\/miradordeatarfe.es\/index.php?rest_route=\/wp\/v2\/posts"}],"about":[{"href":"https:\/\/miradordeatarfe.es\/index.php?rest_route=\/wp\/v2\/types\/post"}],"author":[{"embeddable":true,"href":"https:\/\/miradordeatarfe.es\/index.php?rest_route=\/wp\/v2\/users\/1"}],"replies":[{"embeddable":true,"href":"https:\/\/miradordeatarfe.es\/index.php?rest_route=%2Fwp%2Fv2%2Fcomments&post=38568"}],"version-history":[{"count":1,"href":"https:\/\/miradordeatarfe.es\/index.php?rest_route=\/wp\/v2\/posts\/38568\/revisions"}],"predecessor-version":[{"id":38569,"href":"https:\/\/miradordeatarfe.es\/index.php?rest_route=\/wp\/v2\/posts\/38568\/revisions\/38569"}],"wp:featuredmedia":[{"embeddable":true,"href":"https:\/\/miradordeatarfe.es\/index.php?rest_route=\/wp\/v2\/media\/38570"}],"wp:attachment":[{"href":"https:\/\/miradordeatarfe.es\/index.php?rest_route=%2Fwp%2Fv2%2Fmedia&parent=38568"}],"wp:term":[{"taxonomy":"category","embeddable":true,"href":"https:\/\/miradordeatarfe.es\/index.php?rest_route=%2Fwp%2Fv2%2Fcategories&post=38568"},{"taxonomy":"post_tag","embeddable":true,"href":"https:\/\/miradordeatarfe.es\/index.php?rest_route=%2Fwp%2Fv2%2Ftags&post=38568"}],"curies":[{"name":"wp","href":"https:\/\/api.w.org\/{rel}","templated":true}]}}