{"id":38571,"date":"2020-03-29T08:37:27","date_gmt":"2020-03-29T06:37:27","guid":{"rendered":"http:\/\/miradordeatarfe.es\/?p=38571"},"modified":"2020-03-27T12:52:37","modified_gmt":"2020-03-27T11:52:37","slug":"ahorrar-en-estado-de-alarma-cambiar-la-tarifa-electrica-al-pvpc-abarata-el-recibo-hasta-un-29","status":"publish","type":"post","link":"https:\/\/miradordeatarfe.es\/?p=38571","title":{"rendered":"Ahorrar en estado de alarma: cambiar la tarifa el\u00e9ctrica al PVPC abarata el recibo hasta un 29%"},"content":{"rendered":"<h2>El \u00faltimo an\u00e1lisis de FACUA pone de manifiesto diferencias al alza que oscilan entre 2,38 y 26,24 euros en el recibo del usuario medio si su tarifa es de mercado libre en lugar de la semirregulada PVPC.<\/h2>\n<div id=\"contenedor\">\n<div id=\"contenido\" class=\"p70\">\n<div class=\"interior\">\n<div id=\"textoScroll\">\n<div class=\"elemento\">\n<div class=\"txtContenido\">\n<p>Los problemas econ\u00f3micos que numerosas familias atraviesan durante el estado de alarma hacen necesario llevar a cabo medidas de ahorro que en el caso de los suministros dom\u00e9sticos pasan especialmente por revisar el recibo el\u00e9ctrico. Seg\u00fan un an\u00e1lisis realizado este mes de marzo por FACUA-Consumidores en Acci\u00f3n, un usuario medio que tenga contratada una tarifa de mercado libre puede reducir el importe de su factura hasta un 28,9% si retorna a la tarifa semirregulada, el Precio Voluntario para el Peque\u00f1o Consumidor (PVPC).<\/p>\n<p>As\u00ed lo pone de manifiesto el \u00faltimo estudio comparativo realizado por FACUA-Consumidores en Acci\u00f3n, que ha analizado este mes de marzo ofertas de diez comercializadoras. En todos los casos, sus tarifas encarecen el recibo con respecto al ya de por s\u00ed elevado PVPC. Las m\u00e1s caras son las de Iberdrola, Fen\u00ede y Holaluz.<\/p>\n<p>Todas las ofertas analizadas por FACUA incrementan la factura mensual del usuario medio. Lo hacen entre 2,38 y 26,24 euros frente al importe que pagar\u00eda si siguiese en el mercado semirregulado (PVPC). As\u00ed, mientras que el recibo de un usuario con 4,4 kilovatios (kW) de potencia contratada y 366 kilovatios hora (kWh) de energ\u00eda consumida ser\u00eda de 64,51 euros con la tarifa media PVPC del mes pasado, al contratar las del mercado libre objeto del estudio pagar\u00eda entre 66,89 euros en el mejor de los casos (con la Tarifa 2.0 Sin Discriminaci\u00f3n Horaria de Som Energ\u00eda) y 90,75 euros en el peor (con el Plan Estable de Iberdrola).<\/p>\n<p><strong>C\u00f3mo volver a tener la tarifa PVPC<\/strong><\/p>\n<p>FACUA advierte a los usuarios que se pasaran al mercado libre de que para volver a tener la tarifa semirregulada PVPC s\u00f3lo tienen que contactar con cualquiera de las ocho denominadas comercializadoras de referencia, que pertenecen a grupos empresariales que tambi\u00e9n poseen comercializadoras de mercado libre (aqu\u00ed tienes sus <a href=\"https:\/\/www.facua.org\/es\/noticia.php?Id=15195#pvpc\">datos de contacto<\/a>).<\/p>\n<p>El estudio, realizado entre el 5 y el 9 de marzo, abarca las tarifas sin discriminaci\u00f3n horaria y precio estable por cada kW de potencia contratada y kWh de energ\u00eda consumida de Cepsa, CHC Energ\u00eda, Endesa, Fen\u00ede, Holaluz, Iberdrola, Lucera, Naturgy, Repsol y Som Energ\u00eda.<\/p>\n<div class=\"imagenContenido\"><img data-recalc-dims=\"1\" decoding=\"async\" title=\"\" src=\"https:\/\/i0.wp.com\/www.facua.org\/es\/images\/FACUAelectricasmarzo20.jpg?w=640&#038;ssl=1\" alt=\"\" \/><\/div>\n<p><strong>Iberdrola, Fen\u00ede y Holaluz, las m\u00e1s caras<\/strong><\/p>\n<p>Con las tarifas analizadas, las tres comercializadoras que provocan las facturas m\u00e1s elevadas son Iberdrola (90,75 euros para un usuario medio), Fen\u00ede (87,51 euros) y Holaluz (87,10 euros). Hasta un 40,7% por encima de la factura para el mismo usuario con la tarifa semirregulada PVPC partiendo de las cifras del mes de febrero (64,51 euros).<\/p>\n<p>Al revisar las tarifas por cada kWh consumido, las m\u00e1s elevadas son tambi\u00e9n las de Fen\u00ede (19,08 c\u00e9ntimos), Iberdrola (19,06 c\u00e9ntimos) y Holaluz (18,95 c\u00e9ntimos). Las diferencias llegan a alcanzar el 54,1% con respecto al precio medio del kWh el pasado febrero con la tarifa PVPC (12,38 c\u00e9ntimos).<\/p>\n<p>Tambi\u00e9n es importante tener en cuenta las tarifas por cada kW de potencia contratada que aplican las compa\u00f1\u00edas. Frente a los 4,36 euros\/kW\/mes que supone con la tarifa semirregulada PVPC, en la mitad de las diez ofertas analizadas el importe es m\u00e1s caro, llegando a alcanzar los 4,92 euros\/kW\/mes en el caso de Cepsa (un 12,8% m\u00e1s) y 4,77 euros\/kW\/mes en el de Iberdrola (un 9,3% m\u00e1s).<\/p>\n<p>\u00c9stas son las tarifas analizadas por FACUA y la factura mensual que supondr\u00edan para un usuario medio, que consume 366 kWh al mes y tiene una potencia contratada de 4,4 kW:<\/p>\n<div>\n<table>\n<tbody>\n<tr>\n<td><strong>Comercializadora<\/strong><\/td>\n<td><strong><b>Potencia (\u20ac\/kW)<\/b><\/strong><\/td>\n<td><b>Energ\u00eda (c\u00e9nt\/kWh)<\/b><\/td>\n<td><strong>Recibo (\u20ac)<\/strong><\/td>\n<\/tr>\n<tr>\n<td><strong>PVPC febrero<\/strong> (1)<\/td>\n<td>4,36<\/td>\n<td>12,38<\/td>\n<td>64,51<\/td>\n<\/tr>\n<tr>\n<td><b>Cepsa<\/b><\/td>\n<td>4,92<\/td>\n<td>17,82<\/td>\n<td>86,86<\/td>\n<\/tr>\n<tr>\n<td><strong>CHC Energ\u00eda<\/strong><\/td>\n<td>4,44<\/td>\n<td>17,05<\/td>\n<td>81,97<\/td>\n<\/tr>\n<tr>\n<td><strong>Endesa<\/strong><\/td>\n<td>4,36<\/td>\n<td>15,25<\/td>\n<td>75,01<\/td>\n<\/tr>\n<tr>\n<td><b>Fen\u00ede Energ\u00eda<\/b><\/td>\n<td>4,02<\/td>\n<td>19,08<\/td>\n<td>87,51<\/td>\n<\/tr>\n<tr>\n<td><strong>Holaluz<\/strong><\/td>\n<td>4,03<\/td>\n<td>18,95<\/td>\n<td>87,10<\/td>\n<\/tr>\n<tr>\n<td><b>Iberdrola<\/b><\/td>\n<td>4,77<\/td>\n<td>19,06<\/td>\n<td>90,75<\/td>\n<\/tr>\n<tr>\n<td><b>Lucera<\/b><\/td>\n<td>4,03<\/td>\n<td>16,15<\/td>\n<td>81,76<\/td>\n<\/tr>\n<tr>\n<td><b>Naturgy<\/b><\/td>\n<td>4,45<\/td>\n<td>14,37<\/td>\n<td>72,17<\/td>\n<\/tr>\n<tr>\n<td><b>Repsol<\/b><\/td>\n<td>4,55<\/td>\n<td>16,41<\/td>\n<td>80,09<\/td>\n<\/tr>\n<tr>\n<td><b>Som Energ\u00eda<\/b> (2)<\/td>\n<td>4,03<\/td>\n<td>13,22<\/td>\n<td>66,89<\/td>\n<\/tr>\n<\/tbody>\n<\/table>\n<\/div>\n<p><em>Las tarifas se indican redondeadas a dos decimales, con el IVA y el impuesto especial sobre la electricidad incluidos. Estos suponen un incremento del 27,19% sobre las tarifas antes de impuestos indirectos. El recibo se calcula para un usuario medio, que seg\u00fan los c\u00e1lculos de FACUA tiene una potencia contratada de 4,4 kW y consume 366 kWh al mes.<\/em><\/p>\n<p><em>Las tarifas sin discriminaci\u00f3n horaria y precio estable por cada kW de potencia contratada y kWh de energ\u00eda consumida que han sido analizadas son las denominadas Cepsa Hogar Fija Electricidad, Endesa One, Naturgy Tarifa Online Luz, Iberdrola Plan Estable, Holaluz Pago Cl\u00e1sico, Repsol Tarifa Online, Som Energ\u00eda Tarifa 2.0 Sin Discriminaci\u00f3n Horaria, Lucera Tarifa 2.0A Precio Fijo, CHC Energ\u00eda Oferta Confianza Base Hogar y Fen\u00ede Energ\u00eda Megavatio 2.0.<br \/>\n<\/em><\/p>\n<p><em>(1) La tarifa semirregulada PVPC se contrata con cualquiera de las denominadas comercializadoras de referencia, que pertenecen a grupos empresariales que tambi\u00e9n poseen comercializadoras de mercado libre. En la tabla se indican los datos relativos al PVPC medio de febrero de 2020.<\/em><\/p>\n<p><em>(2) Som Energ\u00eda cobra aparte 0,02 euros al d\u00eda en concepto de financiaci\u00f3n del bono social.<\/em><\/p>\n<div id=\"pvpc\">\n<table>\n<tbody>\n<tr>\n<td><strong>COMERCIALIZADORAS DE REFERENCIA (PVPC)<\/strong><\/td>\n<td><b>Tel\u00e9fono<\/b><\/td>\n<td><strong>Online<\/strong><\/td>\n<\/tr>\n<tr>\n<td><b>Baser Comercializadora de Referencia SA<\/b><\/td>\n<td>900902947<\/td>\n<td><a href=\"https:\/\/www.basercor.es\/es\/luz\/pvpc\/\" target=\"_blank\" rel=\"noopener noreferrer\">Web<\/a><\/td>\n<\/tr>\n<tr>\n<td><b>Energ\u00eda XXI Comercializadora de Referencia SLU<\/b><\/td>\n<td>800760333<\/td>\n<td><a href=\"https:\/\/www.energiaxxi.com\/pvpc-precio-voluntario-pequeno-consumidor-mercado-regulado\" target=\"_blank\" rel=\"noopener noreferrer\">Web<\/a><\/td>\n<\/tr>\n<tr>\n<td><b>Teramelcor SL<\/b><\/td>\n<td>800007943<\/td>\n<td><a href=\"http:\/\/teramelcor.es\/pvpc.html\" target=\"_blank\" rel=\"noopener noreferrer\">Web<\/a><\/td>\n<\/tr>\n<tr>\n<td><strong>Comercializador de Referencia Energ\u00e9tico SLU<\/strong><\/td>\n<td>900814023<\/td>\n<td><a href=\"https:\/\/www.corenergetico.es\/es\/modelos-de-contratacion\/pvpc\/\" target=\"_blank\" rel=\"noopener noreferrer\">Web<\/a><\/td>\n<\/tr>\n<tr>\n<td><b>R\u00e9gsiti Comecializadora Regulada SLU<\/b><\/td>\n<td>900101005<\/td>\n<td><a href=\"https:\/\/www.regsiti.com\/pvpc\/\" target=\"_blank\" rel=\"noopener noreferrer\">Web<\/a><\/td>\n<\/tr>\n<tr>\n<td><b>Comercializadora Regulada, Gas &amp; Power SA<\/b><\/td>\n<td>900100283<\/td>\n<td><a href=\"https:\/\/www.comercializadoraregulada.es\/regulada\/pvpc\" target=\"_blank\" rel=\"noopener noreferrer\">Web<\/a><\/td>\n<\/tr>\n<tr>\n<td><b>Curenerg\u00eda Comercializador de \u00daltimo Recurso SAU<\/b><\/td>\n<td>900200708<\/td>\n<td><a href=\"https:\/\/www.curenergia.es\/tarifa-regulada-luz\/precio-voluntario-pequeno-consumidor\" target=\"_blank\" rel=\"noopener noreferrer\">Web<\/a><\/td>\n<\/tr>\n<tr>\n<td><b>Energ\u00eda Ceuta XXI Comercializadora de Referencia SA<\/b><\/td>\n<td>900106004<\/td>\n<td><a href=\"https:\/\/www.energiaceutaxxi.com\/#pvpc\" target=\"_blank\" rel=\"noopener noreferrer\">Web<\/a><\/td>\n<\/tr>\n<\/tbody>\n<\/table>\n<\/div>\n<\/div>\n<\/div>\n<\/div>\n<\/div>\n<\/div>\n<div id=\"barra\" class=\"p30\">\n<div class=\"p50\">\n<div class=\"elemento mod_fca ventana\"><\/p>\n<h3 id=\"mod_header_botonUnete\" class=\"tituloVentana\">\u00a0<\/h3>\n<\/div>\n<\/div>\n<div class=\"p50\">\u00a0<\/div>\n<\/div>\n<\/div>\n<div class=\"mod_eh_footer\">\n<div id=\"logo\">\u00a0<\/div>\n<\/div>\n","protected":false},"excerpt":{"rendered":"<p>El \u00faltimo an\u00e1lisis de FACUA pone de manifiesto diferencias al alza que oscilan entre 2,38&#8230;<\/p>\n","protected":false},"author":1,"featured_media":38572,"comment_status":"closed","ping_status":"closed","sticky":false,"template":"","format":"standard","meta":{"_coblocks_attr":"","_coblocks_dimensions":"","_coblocks_responsive_height":"","_coblocks_accordion_ie_support":"","jetpack_post_was_ever_published":false,"_jetpack_newsletter_access":"","_jetpack_dont_email_post_to_subs":false,"_jetpack_newsletter_tier_id":0,"_jetpack_memberships_contains_paywalled_content":false,"_jetpack_memberships_contains_paid_content":false,"footnotes":"","jetpack_publicize_message":"","jetpack_publicize_feature_enabled":true,"jetpack_social_post_already_shared":false,"jetpack_social_options":{"image_generator_settings":{"template":"highway","default_image_id":0,"enabled":false},"version":2}},"categories":[1161,9,44,15,10],"tags":[1444,116,587],"class_list":["post-38571","post","type-post","status-publish","format-standard","has-post-thumbnail","hentry","category-ciudadania","category-medio-ambiente","category-noticias-de-hoy","category-ultimas-noticias","category-salud","tag-companias","tag-electricidad","tag-luz"],"jetpack_publicize_connections":[],"jetpack_featured_media_url":"https:\/\/i0.wp.com\/miradordeatarfe.es\/wp-content\/uploads\/2020\/03\/luz.png?fit=960%2C640&ssl=1","jetpack_likes_enabled":true,"jetpack_sharing_enabled":true,"_links":{"self":[{"href":"https:\/\/miradordeatarfe.es\/index.php?rest_route=\/wp\/v2\/posts\/38571","targetHints":{"allow":["GET"]}}],"collection":[{"href":"https:\/\/miradordeatarfe.es\/index.php?rest_route=\/wp\/v2\/posts"}],"about":[{"href":"https:\/\/miradordeatarfe.es\/index.php?rest_route=\/wp\/v2\/types\/post"}],"author":[{"embeddable":true,"href":"https:\/\/miradordeatarfe.es\/index.php?rest_route=\/wp\/v2\/users\/1"}],"replies":[{"embeddable":true,"href":"https:\/\/miradordeatarfe.es\/index.php?rest_route=%2Fwp%2Fv2%2Fcomments&post=38571"}],"version-history":[{"count":1,"href":"https:\/\/miradordeatarfe.es\/index.php?rest_route=\/wp\/v2\/posts\/38571\/revisions"}],"predecessor-version":[{"id":38573,"href":"https:\/\/miradordeatarfe.es\/index.php?rest_route=\/wp\/v2\/posts\/38571\/revisions\/38573"}],"wp:featuredmedia":[{"embeddable":true,"href":"https:\/\/miradordeatarfe.es\/index.php?rest_route=\/wp\/v2\/media\/38572"}],"wp:attachment":[{"href":"https:\/\/miradordeatarfe.es\/index.php?rest_route=%2Fwp%2Fv2%2Fmedia&parent=38571"}],"wp:term":[{"taxonomy":"category","embeddable":true,"href":"https:\/\/miradordeatarfe.es\/index.php?rest_route=%2Fwp%2Fv2%2Fcategories&post=38571"},{"taxonomy":"post_tag","embeddable":true,"href":"https:\/\/miradordeatarfe.es\/index.php?rest_route=%2Fwp%2Fv2%2Ftags&post=38571"}],"curies":[{"name":"wp","href":"https:\/\/api.w.org\/{rel}","templated":true}]}}