{"id":38574,"date":"2020-03-27T09:04:25","date_gmt":"2020-03-27T08:04:25","guid":{"rendered":"http:\/\/miradordeatarfe.es\/?p=38574"},"modified":"2020-03-23T20:09:44","modified_gmt":"2020-03-23T19:09:44","slug":"rivalidad-malsana","status":"publish","type":"post","link":"https:\/\/miradordeatarfe.es\/?p=38574","title":{"rendered":"Rivalidad malsana"},"content":{"rendered":"<div id=\"articulo_contenedor\" class=\"articulo__contenedor\">\n<div id=\"cuerpo_noticia\" class=\"articulo-cuerpo\">\n<h2 class=\"articulo-subtitulo\">Washington y Pekin no pueden trasladar su choque a la lucha contra la pandemia<\/h2>\n<p style=\"text-align: justify;\">El mundo se enfrenta, con la expansi\u00f3n de la Covid-19, a una emergencia global sin precedentes y lo \u00faltimo que necesita es que sus dos potencias econ\u00f3micas m\u00e1s importantes \u2014que ya rivalizan en el campo militar\u2014 se enzarcen en una carrera de gestos hostiles y rupturas de puentes de comunicaci\u00f3n. Todo esto enrarece, y hasta podr\u00eda llegar a poner en riesgo, el imprescindible consenso internacional para vencer a la pandemia.<\/p>\n<section id=\"sumario_1|despiece\" class=\"sumario_despiece derecha\">\n<div class=\"sumario__interior\" style=\"text-align: justify;\">\u00a0Los \u00faltimos dos a\u00f1os de guerra comercial entre Pek\u00edn y Washington no pueden justificar actos como la revocaci\u00f3n por orden gubernamental de credenciales a periodistas de reputados medios estadounidenses que trabajan en China ni la machacona cantinela empleada por Donald Trump para insistir en llamar \u201cvirus chino\u201d al desencadenante de la pandemia a sabiendas de que es injusto y de la irritaci\u00f3n que ello provoca en el Gobierno de Pek\u00edn. M\u00e1s peligrosa resulta la decisi\u00f3n del Departamento de Estado de EE UU de reducir dr\u00e1sticamente la presencia diplom\u00e1tica en China cuando este canal es vital para mantener una comunicaci\u00f3n eficaz entre los dos Gobiernos. Si en circunstancias normales la labor de la diplomacia es importante, en esta situaci\u00f3n resulta de extraordinaria relevancia. Tampoco ayuda la soterrada guerra de desinformaci\u00f3n sobre el origen del virus en una \u00e9poca donde, desgraciadamente, las noticias falsas se extienden a mayor velocidad que la propia enfermedad.<\/div>\n<\/section>\n<p style=\"text-align: justify;\">Mientras sociedades de todo el mundo est\u00e1n dando un hist\u00f3rico ejemplo de responsabilidad y sacrificio, poniendo por encima de cualquier inter\u00e9s particular la lucha contra la expansi\u00f3n del coronavirus, los Gobiernos de EE\u00a0UU y China parecen estar exacerbando una rivalidad malsana, traslad\u00e1ndola a aspectos tan vitales como la b\u00fasqueda de una vacuna efectiva.<\/p>\n<p style=\"text-align: justify;\">De las guerras siempre emergen potencias ganadoras, pero en esta ocasi\u00f3n lo fundamental es la victoria en s\u00ed misma. Y, les guste o no a sus Gobiernos, China y EE\u00a0UU ahora est\u00e1n en el mismo campo.<\/p>\n<p style=\"text-align: justify;\">\u00a0<\/p>\n<p style=\"text-align: justify;\">https:\/\/elpais.com\/elpais\/2020\/03\/22\/opinion\/1584881866_410869.html<\/p>\n<p style=\"text-align: justify;\"><span class=\"foto-texto\">FOTO: Donald Trump informa sobre el coronavirus en la Casa Blanca.<\/span> <span class=\"foto-firma\"> <span class=\"foto-agencia\">Contacto<\/span><\/span><\/p>\n<\/div>\n<div class=\"articulo-trust\">\n<div class=\"articulo-trust__inner\" style=\"text-align: justify;\">\u00a0<\/div>\n<\/div>\n<\/div>\n","protected":false},"excerpt":{"rendered":"<p>Washington y Pekin no pueden trasladar su choque a la lucha contra la pandemia El&#8230;<\/p>\n","protected":false},"author":1,"featured_media":38575,"comment_status":"closed","ping_status":"closed","sticky":false,"template":"","format":"standard","meta":{"_coblocks_attr":"","_coblocks_dimensions":"","_coblocks_responsive_height":"","_coblocks_accordion_ie_support":"","jetpack_post_was_ever_published":false,"_jetpack_newsletter_access":"","_jetpack_dont_email_post_to_subs":false,"_jetpack_newsletter_tier_id":0,"_jetpack_memberships_contains_paywalled_content":false,"_jetpack_memberships_contains_paid_content":false,"footnotes":"","jetpack_publicize_message":"","jetpack_publicize_feature_enabled":true,"jetpack_social_post_already_shared":false,"jetpack_social_options":{"image_generator_settings":{"template":"highway","default_image_id":0,"enabled":false},"version":2}},"categories":[1161,44,6937,15],"tags":[7021,254,2605],"class_list":["post-38574","post","type-post","status-publish","format-standard","has-post-thumbnail","hentry","category-ciudadania","category-noticias-de-hoy","category-sociedad","category-ultimas-noticias","tag-coronavirus","tag-guerra","tag-naciones"],"jetpack_publicize_connections":[],"jetpack_featured_media_url":"https:\/\/i0.wp.com\/miradordeatarfe.es\/wp-content\/uploads\/2020\/03\/1584881866_410869_1584882145_noticia_normal_recorte1.jpg?fit=1960%2C1308&ssl=1","jetpack_likes_enabled":true,"jetpack_sharing_enabled":true,"_links":{"self":[{"href":"https:\/\/miradordeatarfe.es\/index.php?rest_route=\/wp\/v2\/posts\/38574","targetHints":{"allow":["GET"]}}],"collection":[{"href":"https:\/\/miradordeatarfe.es\/index.php?rest_route=\/wp\/v2\/posts"}],"about":[{"href":"https:\/\/miradordeatarfe.es\/index.php?rest_route=\/wp\/v2\/types\/post"}],"author":[{"embeddable":true,"href":"https:\/\/miradordeatarfe.es\/index.php?rest_route=\/wp\/v2\/users\/1"}],"replies":[{"embeddable":true,"href":"https:\/\/miradordeatarfe.es\/index.php?rest_route=%2Fwp%2Fv2%2Fcomments&post=38574"}],"version-history":[{"count":1,"href":"https:\/\/miradordeatarfe.es\/index.php?rest_route=\/wp\/v2\/posts\/38574\/revisions"}],"predecessor-version":[{"id":38576,"href":"https:\/\/miradordeatarfe.es\/index.php?rest_route=\/wp\/v2\/posts\/38574\/revisions\/38576"}],"wp:featuredmedia":[{"embeddable":true,"href":"https:\/\/miradordeatarfe.es\/index.php?rest_route=\/wp\/v2\/media\/38575"}],"wp:attachment":[{"href":"https:\/\/miradordeatarfe.es\/index.php?rest_route=%2Fwp%2Fv2%2Fmedia&parent=38574"}],"wp:term":[{"taxonomy":"category","embeddable":true,"href":"https:\/\/miradordeatarfe.es\/index.php?rest_route=%2Fwp%2Fv2%2Fcategories&post=38574"},{"taxonomy":"post_tag","embeddable":true,"href":"https:\/\/miradordeatarfe.es\/index.php?rest_route=%2Fwp%2Fv2%2Ftags&post=38574"}],"curies":[{"name":"wp","href":"https:\/\/api.w.org\/{rel}","templated":true}]}}