{"id":38577,"date":"2020-03-23T21:14:21","date_gmt":"2020-03-23T20:14:21","guid":{"rendered":"http:\/\/miradordeatarfe.es\/?p=38577"},"modified":"2020-03-23T21:14:21","modified_gmt":"2020-03-23T20:14:21","slug":"comunicado-oficial-sobre-los-casos-de-coronavirus-en-atarfe","status":"publish","type":"post","link":"https:\/\/miradordeatarfe.es\/?p=38577","title":{"rendered":"COMUNICADO OFICIAL SOBRE LOS CASOS DE CORONAVIRUS EN ATARFE"},"content":{"rendered":"<h3 style=\"text-align: justify;\">Desde el Ayuntamiento de Atarfe queremos agradecer p\u00fablicamente a todos los vecinos y vecinas del municipio la responsabilidad y el comportamiento c\u00edvico ejemplar que est\u00e1n demostrando con el confinamiento en sus domicilios ante la grave crisis sanitaria provocada por el coronavirus.<\/h3>\n<p style=\"text-align: justify;\">No obstante para conocimiento y aumento de las medidas de autoprotecci\u00f3n debo informarles que se han confirmado siete casos positivos p<span class=\"text_exposed_show\">or infecci\u00f3n del COVID-19 en vecinos de Atarfe.<\/span><\/p>\n<div class=\"text_exposed_show\">\n<p style=\"text-align: justify;\">Debemos recordar que estamos en estado de alerta sanitaria a nivel mundial y para minimizar en lo posible esta desgracia, todos tenemos la obligaci\u00f3n de aislarnos en nuestros domicilios, limitando nuestras salidas al m\u00e1ximo y no buscando excusas. Si nosotros no nos movemos, no se mueve el virus y no se transmite. Advertimos que el coronavirus se propaga de forma r\u00e1pida y exponencial y es por ello que la \u00daNICA DEFENSA que tiene el ciudadano es quedarse en casa y no salir. Es muy duro, pero tenemos que entender que es la \u00fanica manera de protegernos y de proteger a las personas que queremos.<\/p>\n<p style=\"text-align: justify;\">Desde el pasado 13 de marzo, el Ayuntamiento est\u00e1 tomando todas las medidas de prevenci\u00f3n que est\u00e1n en su mano, siguiendo los protocolos desarrollados por los Gobierno de Espa\u00f1a y de Andaluc\u00eda.<\/p>\n<p style=\"text-align: justify;\">Se recuerda una vez mas, que en caso de tener s\u00edntomas asociados al COVID -19 (Dolor de garganta, tos, fiebre y dificultad para respirar en casos graves) los ciudadanos deben:<\/p>\n<p style=\"text-align: justify;\">\u00b7 No trasladarse al centro de salud, pues se corre el riesgo de propagar el virus al resto de la poblaci\u00f3n y al personal sanitario, vital en estos momentos y siempre.<\/p>\n<p style=\"text-align: justify;\">\u00b7 Aislamiento total en el domicilio tanto de la persona con s\u00edntomas, como de quien conviva con \u00e9l, hasta descartar un posible contagio.<\/p>\n<p style=\"text-align: justify;\">Por parte de las Fuerzas de Seguridad se advierte que se va a ser m\u00e1s estricto a la hora de aplicar las Normas del Estado de Alarma procediendo a sancionar todas aquellas conductas que pongan en riesgo a la ciudadan\u00eda.<\/p>\n<p style=\"text-align: justify;\">Asimismo se informa que por la Consejer\u00eda de Salud de la Junta de Andaluc\u00eda se proh\u00edben todos los velatorios tanto en instalaciones p\u00fablicas como privadas. Se restringir\u00e1 la comitiva para el enterramiento o despedida de cremaci\u00f3n a los familiares m\u00e1s cercanos, guardando entre las personas una distancia de 1 o 2 metros, as\u00ed mismo se procurar\u00e1 evitar todo tipo de manifestaciones afectuosa, posponi\u00e9ndose el culto o ceremonia civil f\u00fanebre, para cuando cese el estado de alarma.<\/p>\n<p style=\"text-align: justify;\">Mucha gente, sobre todo mayor, no tiene acceso a internet y a redes sociales. Por favor trasmitir a vuestros familiares, amigos y vecinos, esta informaci\u00f3n de manera NO PRESENCIAL.<\/p>\n<p style=\"text-align: justify;\">En Atarfe a 23 de marzo de 2020<br \/>\nEl Alcalde<\/p>\n<p style=\"text-align: justify;\">Puedes descargar este comunicado en el siguiente enlace:<\/p>\n<p style=\"text-align: justify;\"><a href=\"http:\/\/www.atarfe.es\/pdf\/comunicado-casos-coronavirus-atarfe.pdf?fbclid=IwAR1tJSkN62AF9Wqn3mJhis4Omc4rlzzFCWdSZb-pvG5yGdZ51XEsWQ1EBsw\" target=\"_blank\" rel=\"noopener nofollow noreferrer\" data-ft=\"{&quot;tn&quot;:&quot;-U&quot;}\" data-lynx-mode=\"async\" data-lynx-uri=\"https:\/\/l.facebook.com\/l.php?u=http%3A%2F%2Fwww.atarfe.es%2Fpdf%2Fcomunicado-casos-coronavirus-atarfe.pdf%3Ffbclid%3DIwAR1tJSkN62AF9Wqn3mJhis4Omc4rlzzFCWdSZb-pvG5yGdZ51XEsWQ1EBsw&amp;h=AT0Ti9Ope5p8C_euVzVKWvkAe1OA5hH8ZeaKF7SPnWXmz5LgH_k44FNUwczox8ER9SXRYyFzI2GsJE5RP-Nc1E8gO9ZQCO08smSvvmMycRpSxiBG3a5Vu9Owrm6lXSsPYNgojVC1IHVeKk6DFVLk19_ds4sNB_IhJWFwSeBeNtA_ssC_uFUF7_3PMTujmwah8_TKftIFiqQKcoj620DpeYBsUsAr6nEvfFi223m1LTqym7wGvNO-amqBe3C6e5P8Y_hkuNvZFOA2kZCnGE3EvFyge0aH8clrEGomFQZeq9VsyvWL0CUAynf5k85Z7Dk1rxrIqvrxUbUtOmsTHVk8eJd9DHqtJYj5GkhGk3nfQKQ_C7puqwuqD8feu9iddYlG25QaXM2ALJou7EDq15nPxmwyZBTegLO5gUOaQF-onxJQph2xT-6kvRW2RWJ9LkwtLyu6EDdhyUenYUJQ7o1BYrKicJKJPfgP-n7BooCEZ0QlxfrMlaAFQUZNcLGc5TJt9jaYpPCtKJnS7GWiE6qagDXxgylr_eV3xEIxqBZt-Y7wuEQPFwHANBMwpUjhgfkgV9XrjFirAIPEp2hZZtac7CfGAAd56hVdknYTROaJk7Qy9P2vO4Y8uXEGw-MSOVTz8aY\">www.atarfe.es\/pdf\/comunicado-casos-coronavirus-atarfe.pdf<\/a><\/p>\n<p style=\"text-align: justify;\"><a class=\"_58cn\" href=\"https:\/\/www.facebook.com\/hashtag\/atarfetenecesita?source=feed_text&amp;epa=HASHTAG&amp;__xts__%5B0%5D=68.ARBsadaHmuDz42U2k9-Ognfy9T1SJgqOrrxKy72hkw7NQzx1992jRHKleUIut9zZ-hRIZbmkBIpmiZiFqYueUueGO0rMeEI7eXt9DpFXNn4qFbdyI_NmeWXCCXpVhz0KxkpmgjHAPOYWJy1XewcukjEZBdGQ4QFDN0k3i-jRx-IfE6GJP8t8iHRscX6i8fV7LMMs0_vjEHkg4wfvmkuw6nE20jIU6mD1d_V366PBLoO4eIeqHEsM2OJuzKdeSR7pQKEw4eIHjQaeH6cikiXzQ1JSo59T8lJ9UCzpqdHbypunknWAcdBZyoIr16ZcAEq0A6eMgAC96PMg_fefARL5jjB-og&amp;__tn__=%2ANK-R\" data-ft=\"{&quot;type&quot;:104,&quot;tn&quot;:&quot;*N&quot;}\"><span class=\"_5afx\"><span class=\"_58cl _5afz\" aria-label=\"hashtag\">#<\/span><span class=\"_58cm\">AtarfeTeNecesita<\/span><\/span><\/a><br \/>\n<a class=\"_58cn\" href=\"https:\/\/www.facebook.com\/hashtag\/atarfesequedaencasa?source=feed_text&amp;epa=HASHTAG&amp;__xts__%5B0%5D=68.ARBsadaHmuDz42U2k9-Ognfy9T1SJgqOrrxKy72hkw7NQzx1992jRHKleUIut9zZ-hRIZbmkBIpmiZiFqYueUueGO0rMeEI7eXt9DpFXNn4qFbdyI_NmeWXCCXpVhz0KxkpmgjHAPOYWJy1XewcukjEZBdGQ4QFDN0k3i-jRx-IfE6GJP8t8iHRscX6i8fV7LMMs0_vjEHkg4wfvmkuw6nE20jIU6mD1d_V366PBLoO4eIeqHEsM2OJuzKdeSR7pQKEw4eIHjQaeH6cikiXzQ1JSo59T8lJ9UCzpqdHbypunknWAcdBZyoIr16ZcAEq0A6eMgAC96PMg_fefARL5jjB-og&amp;__tn__=%2ANK-R\" data-ft=\"{&quot;type&quot;:104,&quot;tn&quot;:&quot;*N&quot;}\"><span class=\"_5afx\"><span class=\"_58cl _5afz\" aria-label=\"hashtag\">#<\/span><span class=\"_58cm\">AtarfeSeQuedaEnCasa<\/span><\/span><\/a><br \/>\n<a class=\"_58cn\" href=\"https:\/\/www.facebook.com\/hashtag\/todovaasalirbien?source=feed_text&amp;epa=HASHTAG&amp;__xts__%5B0%5D=68.ARBsadaHmuDz42U2k9-Ognfy9T1SJgqOrrxKy72hkw7NQzx1992jRHKleUIut9zZ-hRIZbmkBIpmiZiFqYueUueGO0rMeEI7eXt9DpFXNn4qFbdyI_NmeWXCCXpVhz0KxkpmgjHAPOYWJy1XewcukjEZBdGQ4QFDN0k3i-jRx-IfE6GJP8t8iHRscX6i8fV7LMMs0_vjEHkg4wfvmkuw6nE20jIU6mD1d_V366PBLoO4eIeqHEsM2OJuzKdeSR7pQKEw4eIHjQaeH6cikiXzQ1JSo59T8lJ9UCzpqdHbypunknWAcdBZyoIr16ZcAEq0A6eMgAC96PMg_fefARL5jjB-og&amp;__tn__=%2ANK-R\" data-ft=\"{&quot;type&quot;:104,&quot;tn&quot;:&quot;*N&quot;}\"><span class=\"_5afx\"><span class=\"_58cl _5afz\" aria-label=\"hashtag\">#<\/span><span class=\"_58cm\">TodoVaASalirBien<\/span><\/span><\/a><\/p>\n<\/div>\n","protected":false},"excerpt":{"rendered":"<p>Desde el Ayuntamiento de Atarfe queremos agradecer p\u00fablicamente a todos los vecinos y vecinas del&#8230;<\/p>\n","protected":false},"author":1,"featured_media":38578,"comment_status":"closed","ping_status":"closed","sticky":false,"template":"","format":"standard","meta":{"_coblocks_attr":"","_coblocks_dimensions":"","_coblocks_responsive_height":"","_coblocks_accordion_ie_support":"","jetpack_post_was_ever_published":false,"_jetpack_newsletter_access":"","_jetpack_dont_email_post_to_subs":false,"_jetpack_newsletter_tier_id":0,"_jetpack_memberships_contains_paywalled_content":false,"_jetpack_memberships_contains_paid_content":false,"footnotes":"","jetpack_publicize_message":"","jetpack_publicize_feature_enabled":true,"jetpack_social_post_already_shared":false,"jetpack_social_options":{"image_generator_settings":{"template":"highway","default_image_id":0,"enabled":false},"version":2}},"categories":[2,6916,7149,44,15],"tags":[4293,7021,7166,792],"class_list":["post-38577","post","type-post","status-publish","format-standard","has-post-thumbnail","hentry","category-atarfe","category-ayuntamiento-de-atarfe","category-coronavirus","category-noticias-de-hoy","category-ultimas-noticias","tag-ayuntamiento-de-atarfe","tag-coronavirus","tag-covid-19","tag-enfermos"],"jetpack_publicize_connections":[],"jetpack_featured_media_url":"https:\/\/i0.wp.com\/miradordeatarfe.es\/wp-content\/uploads\/2020\/03\/90532058_2958609644202886_3761656344952700928_n.jpg?fit=600%2C345&ssl=1","jetpack_likes_enabled":true,"jetpack_sharing_enabled":true,"_links":{"self":[{"href":"https:\/\/miradordeatarfe.es\/index.php?rest_route=\/wp\/v2\/posts\/38577","targetHints":{"allow":["GET"]}}],"collection":[{"href":"https:\/\/miradordeatarfe.es\/index.php?rest_route=\/wp\/v2\/posts"}],"about":[{"href":"https:\/\/miradordeatarfe.es\/index.php?rest_route=\/wp\/v2\/types\/post"}],"author":[{"embeddable":true,"href":"https:\/\/miradordeatarfe.es\/index.php?rest_route=\/wp\/v2\/users\/1"}],"replies":[{"embeddable":true,"href":"https:\/\/miradordeatarfe.es\/index.php?rest_route=%2Fwp%2Fv2%2Fcomments&post=38577"}],"version-history":[{"count":1,"href":"https:\/\/miradordeatarfe.es\/index.php?rest_route=\/wp\/v2\/posts\/38577\/revisions"}],"predecessor-version":[{"id":38579,"href":"https:\/\/miradordeatarfe.es\/index.php?rest_route=\/wp\/v2\/posts\/38577\/revisions\/38579"}],"wp:featuredmedia":[{"embeddable":true,"href":"https:\/\/miradordeatarfe.es\/index.php?rest_route=\/wp\/v2\/media\/38578"}],"wp:attachment":[{"href":"https:\/\/miradordeatarfe.es\/index.php?rest_route=%2Fwp%2Fv2%2Fmedia&parent=38577"}],"wp:term":[{"taxonomy":"category","embeddable":true,"href":"https:\/\/miradordeatarfe.es\/index.php?rest_route=%2Fwp%2Fv2%2Fcategories&post=38577"},{"taxonomy":"post_tag","embeddable":true,"href":"https:\/\/miradordeatarfe.es\/index.php?rest_route=%2Fwp%2Fv2%2Ftags&post=38577"}],"curies":[{"name":"wp","href":"https:\/\/api.w.org\/{rel}","templated":true}]}}