{"id":38628,"date":"2020-03-25T13:10:41","date_gmt":"2020-03-25T12:10:41","guid":{"rendered":"http:\/\/miradordeatarfe.es\/?p=38628"},"modified":"2020-03-25T13:10:41","modified_gmt":"2020-03-25T12:10:41","slug":"atarfe-y-vegas-del-genil-entran-en-el-mapa-de-casos-confirmados-de-coronavirus-en-la-provincia-de-granada","status":"publish","type":"post","link":"https:\/\/miradordeatarfe.es\/?p=38628","title":{"rendered":"Atarfe y Vegas del Genil entran en el mapa de casos confirmados de coronavirus en la provincia de Granada"},"content":{"rendered":"<h3 style=\"text-align: justify;\">Un repaso por todos los municipios de Granada donde se van detectando contagios del Covid-19 y son confirmados por las autoridades sanitarias<\/h3>\n<div class=\"mce-body \" style=\"text-align: justify;\">\n<p class=\"mce\">Contin\u00faa el goteo de localidades de la provincia de Granada con casos registrados de <a class=\"mce\" title=\"Coronavirus en Granada: El mayor repunte hasta ahora deja 480 positivos y 21 fallecidos en la provincia\" href=\"https:\/\/www.granadahoy.com\/granada\/Coronavirus-Granada-repunte-positivos-fallecidos_0_1449155351.html\">coronavirus<\/a>. <strong class=\"mce\">La provincia\u00a0<\/strong><strong class=\"mce\">alcanza ya los 480<\/strong>\u00a0<strong class=\"mce\">infectados<\/strong>\u00a0reconocidos por la Administraci\u00f3n,\u00a0<strong class=\"mce\">215 ingresados en los hospitales y 21 personas fallecidas<\/strong>, lo que confirma la aceleraci\u00f3n de la enfermedad a cada hora que pasa<\/p>\n<p class=\"mce\">Cuatro\u00a0 de los fallecidos proceden de una <a class=\"mce\" title=\"La residencia de ancianos de La Zubia, principal foco de coronavirus de la provincia de Granada\" href=\"https:\/\/www.granadahoy.com\/granada\/residencia-Zubia-principal-foco-coronavirus-provincia_0_1447355675.html\">residencia de ancianos privada de La Zubia<\/a>, que es por ahora el principal foco del Covid-19 en la provincia, al que se suma otra fallecida en el centro Ballesol de la capital, aunque tambi\u00e9n se han hecho p\u00fablicos contagios en Motril, \u00cdllora, Pinos Puente, Hu\u00e9tor T\u00e1jar, Maracena, Almu\u00f1\u00e9car,\u00a0 Guadix, Baza y Lanjar\u00f3n. Vegas del Genil y Atarfe se suman a la lista.<\/p>\n<h2 class=\"mce\">Atarfe<\/h2>\n<p class=\"mce\">El Ayuntamiento de\u00a0\u00a0<strong class=\"mce\">Atarfe<\/strong>\u00a0ha confirmado\u00a0 <strong class=\"mce\">siete casos positivos por infecci\u00f3n del Covid-19<\/strong>, lo que han puesto en conocimiento de la ciudadan\u00eda para su \u00abconocimiento y aumento de las medidas de autoprotecci\u00f3n\u00bb.El\u00a0Consistorio ha agradecido\u00a0a todos los vecinos de la localidad la \u00abresponsabilidad y el comportamiento\u00a0c\u00edvico ejemplar\u00bb que est\u00e1n demostrando con el confinamiento en sus domicilios ante la grave crisis sanitaria.<\/p>\n<h2 class=\"mce\">Vegas del Genil\u00a0<\/h2>\n<p class=\"mce\">El Ayuntamiento de Vegas del Genil ha confirmado un caso de coronavirus en la localidad. \u00abEn nuestra labor de transparencia e informaci\u00f3n con la ciudadan\u00eda y queriendo evitar al maximo falsos mensajes que lo \u00fanico que hacen es alertar, hoy tenemos que comunicar que el virus se ha presentado en nuestro municipio, con un caso positivo, <strong class=\"mce\">este ciudadano est\u00e1 estable y aislado en el Hospital<\/strong>, le mandamos desde aqu\u00ed una pronta recuperaci\u00f3n y nuestros mejores deseos, por lo dem\u00e1s la situaci\u00f3n sigue siendo estable. \u00c1nimo que ya queda menos\u00bb, seg\u00fan la nota remitida.<\/p>\n<h2 class=\"mce\">Residencias de ancianos\u00a0<\/h2>\n<p class=\"mce\">Cuatro de los fallecidos eran residentes del centro para mayores\u00a0<strong class=\"mce\">El Balc\u00f3n de la Zubia<\/strong>, el gran foco del coronavirus en la provincia de momento. Pero tambi\u00e9n hay otra muerte registrada de una residente en\u00a0<strong class=\"mce\">Ballesol<\/strong>, junto a la estaci\u00f3n de autobuses. Tambi\u00e9n hay registrado un positivo por coronavirus en la residencia\u00a0a residencia\u00a0<strong class=\"mce\">Domus Vi,<\/strong>\u00a0situada en El Serrallo, y en el centro<strong class=\"mce\">\u00a0La Milagrosa de Armilla,<\/strong>\u00a0donde ha dado positivo una empleada.<\/p>\n<h2 class=\"mce\">Lanjar\u00f3n<\/h2>\n<p class=\"mce\">El Ayuntamiento de Lanjar\u00f3n ha confirmado<strong class=\"mce\"> dos casos que han dado positivo en las \u00faltimas horas<\/strong>. Se trata de un trabajador del centro de salud de la localidad y de una empleada del Ayuntamiento. El miembro del personal sanitario est\u00e1 en cuarentena en su domicilio, mientras que la empleada del Consistorio se encontraba ayer en dependencias hospitalarias, aunque no acud\u00eda a su centro de trabajo desde el 13 de marzo.<\/p>\n<h2 class=\"mce\">Guadix<\/h2>\n<p class=\"mce\">La zona Norte de la provincia de Granada se incorpora al mapa del coronavirus. En el caso de la comarca de Guadix ya sed ha registrado un caso positivo que <strong class=\"mce\">no ha necesitado de hospitalizaci\u00f3n<\/strong> y que se encuentra en su casa en cuarentena.<\/p>\n<h2 class=\"mce\">Baza<\/h2>\n<p class=\"mce\">En la comarca de Baza ya se ha registrado un<strong class=\"mce\"> positivo por Covid-19<\/strong>, aunque al igual que el caso de Guadix, de momento no reviste gravedad y no ha sido necesaria su hospitalizaci\u00f3n. En total hay ocho casos en estudio, de las cuatro est\u00e1n en sus domicilios y el resto se encuenetran ingresado en el hospital comarcal de Baza.\u00a0<\/p>\n<h2 class=\"mce\">La Zubia<\/h2>\n<p class=\"mce\">La Unidad Militar de Emergencias (UME) acudi\u00f3 el jueves\u00a0a la<a class=\"mce\" title=\"El Ej\u00e9rcito limpia hoy el hospital del PTS y la residencia de La Zubia, foco de coronavirus\" href=\"https:\/\/www.granadahoy.com\/granada\/Ejercito-ume-hospital-PTS-residencia-Zubia-coronavirus_0_1447655342.html\"> residencia de ancianos \u00abEl Balc\u00f3n de La Zubia\u00bb,<\/a> <strong class=\"mce\">principal foco de coronavirus en Granada<\/strong> y en la que constan al menos cuatro personas de las seis cuyo fallecimiento ha sido confirmado oficialmente hasta ahora en esta provincia andaluza.<\/p>\n<p class=\"mce\">El centro de mayores \u00abEl Balc\u00f3n de La Zubia\u00bb, que ocupa un edificio de uno<strong class=\"mce\">s 5.500 metros cuadrados con zonas ajardinadas<\/strong>, abri\u00f3 en marzo de 2009 con una capacidad de 104 plazas residenciales, un 80 por ciento concertadas con la Consejer\u00eda de Salud de la Junta de Andaluc\u00eda, seg\u00fan recoge su p\u00e1gina web.<\/p>\n<h2 class=\"mce\">Hu\u00e9tor T\u00e1jar<\/h2>\n<div class=\"o9v6fnle cxmmr5t8 oygrvhab hcukyx3x c1et5uql ii04i59q mce\">\n<div class=\"mce\" dir=\"auto\">Tras detectarse en Hu\u00e9tor T\u00e1jar los primeros casos de infecci\u00f3n por coronavirus el Ayuntamiento lanz\u00f3 ayer un comunicado en el que ped\u00eda a los vecinos que <strong class=\"mce\">respeten el confinamient<\/strong>o al que obliga el Estado de Alarma decretado por el Gobierno. \u00abHemos contrastado con el<strong class=\"mce\"> PTS la posible existencia de un caso en Hu\u00e9tor T\u00e1jar, del que no ten\u00edamos conocimiento<\/strong> antes de la publicaci\u00f3n porque no pas\u00f3 por el Centro de Salud de Hu\u00e9tor T\u00e1jar, sino que fue atendido directamente por el hospital granadino. Est\u00e1 a la espera del test para su confirmaci\u00f3n, por lo que a\u00fan no podemos asegurar que sea un caso de coronavirus\u00bb, seg\u00fan el Ayuntamiento sobre el que ser\u00eda un tercer caso.<\/div>\n<h2 class=\"mce\">Motril<\/h2>\n<\/div>\n<p class=\"mce\">La alcaldesa de Motril (Granada), <strong class=\"mce\">Luisa Garc\u00eda Chamorro,<\/strong> ha informado de la existencia de <a class=\"mce\" title=\"La alcaldesa de Motril confirma cuatro casos de coronavirus\" href=\"https:\/\/www.granadahoy.com\/granada\/Motril-coronavirus-alcaldesa-confirma-casos_0_1446755628.html\"><strong class=\"mce\">cuatro casos positivos por coronavirus<\/strong><\/a> y ha pedido a los habitantes de la localidad que no salgan a la calle si no es estrictamente necesario. Desde el inicio de la crisis en Granada, el pasado 12, hab\u00eda enfermos hospitalizados en el centro de Motril.\u00a0<\/p>\n<h2 class=\"mce\">Maracena\u00a0<\/h2>\n<p class=\"mce\">El<a class=\"mce\" title=\"El centro de salud de Maracena, clausurado por el positivo en coronavirus de uno de sus sanitarios\" href=\"https:\/\/www.granadahoy.com\/granada\/Maracena-centro-salud-clausurado-positivo-coronavirus-sanitarios_0_1446755584.html\"> centro de Salud de Maracena <\/a>ha sido clausurado hoy por ser foco de infecci\u00f3n de coronavirus tras el contagio de uno de sus profesionales.\u00a0Seg\u00fan confirman fuentes de Salud, <strong class=\"mce\">el centro est\u00e1 siendo desinfectado<\/strong>\u00a0y volver\u00e1 a abrirse ma\u00f1ana.<\/p>\n<h2 class=\"mce\">\u00cdllora\u00a0<\/h2>\n<p class=\"mce\"><strong class=\"mce\">Cinco vecinos de \u00cdllora,<\/strong> un municipio de unos 10.000 habitantes del Poniente de Granada, est\u00e1n en cuarentena desde el pasado jueves, cuando se detect\u00f3 un<a class=\"mce\" title=\"Confirmado un caso de coronavirus en \u00cdllora (Granada) con cinco vecinos en cuarentena\" href=\"https:\/\/www.granadahoy.com\/granada\/Confirmado-coronavirus-Illora-vecinos-cuarentena_0_1446755577.html\"> posible positivo por Covid-19<\/a>,<strong class=\"mce\"> posteriormente confirmado<\/strong>, de una mujer de unos 40 a\u00f1os de la localidad.<\/p>\n<p class=\"mce\">Seg\u00fan fuentes cercanas consultadas por Europa Press, son algunos familiares y otros compa\u00f1eros de trabajo de esta mujer, que <strong class=\"mce\">permanece ingresada en un centro hospitalario de Granada capital<\/strong>, con s\u00edntomas leves.<\/p>\n<h2 class=\"mce\">Loja\u00a0<\/h2>\n<p class=\"mce\">Al comienzo de la crisis hospitalaria Loja registr\u00f3 su primer caso de positivo por coronavirus y el Ayuntamiento inform\u00f3 de que todas las personas que hab\u00edan estado en contacto con el afectado estaban en cuarentena. El Ayuntamiento ha continuado estos d\u00edas\u00a0\u00a0con la<strong class=\"mce\"> desinfecci\u00f3n de calles con el uso de dos camiones<\/strong>, uno de CESPA y otro de bomberos, y de dos tractores agr\u00edcolas. Se desinfectan calles de la ciudad y pedan\u00edas con lej\u00eda.\u00a0<\/p>\n<h2 class=\"mce\">Almu\u00f1\u00e9car<\/h2>\n<p class=\"mce\">El foco de los primeros casos ayer se localizaba en\u00a0<strong class=\"mce\">Almu\u00f1\u00e9car, cuyo punto m\u00e1s cr\u00edtico era el centro de salud de la localidad, donde trabajaban los m\u00e9dicos y personal sanitario afectados por la infecci\u00f3n del virus.\u00a0<\/strong>Todo el personal est\u00e1 en aislamiento y se han suspendido las consultas.<strong class=\"mce\">\u00a0<\/strong><\/p>\n<p class=\"mce\">El\u00a0<strong class=\"mce\">centro sanitario del municipio costero fue clausurado<\/strong>\u00a0para aplicar los protocolos establecidos, que incluyen mantener al personal aislado en sus domicilios. La v\u00eda de contagio fue el <strong class=\"mce\">viaje de un m\u00e9dico a un encuentro en M\u00e1laga<\/strong>, y \u00e9ste se convirti\u00f3 en transmisor hacia otros compa\u00f1eros.\u00a0<\/p>\n<h2 class=\"mce\">Granada<\/h2>\n<div class=\"inset-auto\">\n<figure class=\"image-holder\"><span class=\"obj-img hmedia\"> <a class=\"fn\" href=\"https:\/\/www.granadahoy.com\/2020\/03\/17\/granada\/Oficina-bancaria-cerrada-Chana_1447066048_118652202_667x386.jpg\" rel=\"enclosure\" type=\"image\/jpeg\">Oficina bancaria cerrada en La Chana.<\/a> <img data-recalc-dims=\"1\" loading=\"lazy\" decoding=\"async\" class=\"photo lazy\" src=\"https:\/\/i0.wp.com\/www.granadahoy.com\/2020\/03\/17\/granada\/Oficina-bancaria-cerrada-Chana_1447066048_118652202_667x386.jpg?resize=640%2C370&#038;ssl=1\" alt=\"Oficina bancaria cerrada en La Chana.\" width=\"640\" height=\"370\" data-src=\"\/2020\/03\/17\/granada\/Oficina-bancaria-cerrada-Chana_1447066048_118652202_667x386.jpg\" \/><\/span><figcaption>\n<div class=\"footnote\">\n<p class=\"text\">Oficina bancaria cerrada en La Chana. <wbr \/><\/p>\n<\/div>\n<\/figcaption><\/figure>\n<\/div>\n<p class=\"mce\">Algunos de los primeros casos detectados en la provincia fueron positivos de la capital de Granada, entre ellos el de un <strong class=\"mce\">profesor de la Facultad de Bellas Artes de Granada<\/strong>, que tuvo que ser ingresado en el Hospital Cl\u00ednico del PTS. El centro aplic\u00f3 los protocolos y adelant\u00f3 la suspensi\u00f3n de clases la semana pasada. Tambi\u00e9n\u00a0 se han conocido nuevos positivos entre personal sanitario de varios <strong class=\"mce\">centros de salud de la capital<\/strong>, como el de Carretera de la Sierra y la pasada semana en el de G\u00f3ngora, adem\u00e1s de una residencia de ancianos en El Serrallo.<\/p>\n<\/div>\n<h3 style=\"text-align: justify;\"><small><small class=\"author\"><a class=\"lnk\" href=\"https:\/\/www.granadahoy.com\/gonzalo_de_la_chica_cappa\/\">G. Cappa<\/a><\/small><\/small><\/h3>\n<p style=\"text-align: justify;\">FOTO: El mapa del coronavirus en la provincia: todos los casos confirmados en los pueblos de Granada<\/p>\n","protected":false},"excerpt":{"rendered":"<p>Un repaso por todos los municipios de Granada donde se van detectando contagios del Covid-19&#8230;<\/p>\n","protected":false},"author":1,"featured_media":38629,"comment_status":"closed","ping_status":"closed","sticky":false,"template":"","format":"standard","meta":{"_coblocks_attr":"","_coblocks_dimensions":"","_coblocks_responsive_height":"","_coblocks_accordion_ie_support":"","jetpack_post_was_ever_published":false,"_jetpack_newsletter_access":"","_jetpack_dont_email_post_to_subs":false,"_jetpack_newsletter_tier_id":0,"_jetpack_memberships_contains_paywalled_content":false,"_jetpack_memberships_contains_paid_content":false,"footnotes":"","jetpack_publicize_message":"","jetpack_publicize_feature_enabled":true,"jetpack_social_post_already_shared":false,"jetpack_social_options":{"image_generator_settings":{"template":"highway","default_image_id":0,"enabled":false},"version":2}},"categories":[1161,7149,44,15],"tags":[81,7021,626],"class_list":["post-38628","post","type-post","status-publish","format-standard","has-post-thumbnail","hentry","category-ciudadania","category-coronavirus","category-noticias-de-hoy","category-ultimas-noticias","tag-atarfe","tag-coronavirus","tag-provincia"],"jetpack_publicize_connections":[],"jetpack_featured_media_url":"https:\/\/i0.wp.com\/miradordeatarfe.es\/wp-content\/uploads\/2020\/03\/coronavirus-provincia-confirmados-pueblos-Granada_1446766097_118599662_667x375.jpg?fit=667%2C375&ssl=1","jetpack_likes_enabled":true,"jetpack_sharing_enabled":true,"_links":{"self":[{"href":"https:\/\/miradordeatarfe.es\/index.php?rest_route=\/wp\/v2\/posts\/38628","targetHints":{"allow":["GET"]}}],"collection":[{"href":"https:\/\/miradordeatarfe.es\/index.php?rest_route=\/wp\/v2\/posts"}],"about":[{"href":"https:\/\/miradordeatarfe.es\/index.php?rest_route=\/wp\/v2\/types\/post"}],"author":[{"embeddable":true,"href":"https:\/\/miradordeatarfe.es\/index.php?rest_route=\/wp\/v2\/users\/1"}],"replies":[{"embeddable":true,"href":"https:\/\/miradordeatarfe.es\/index.php?rest_route=%2Fwp%2Fv2%2Fcomments&post=38628"}],"version-history":[{"count":1,"href":"https:\/\/miradordeatarfe.es\/index.php?rest_route=\/wp\/v2\/posts\/38628\/revisions"}],"predecessor-version":[{"id":38630,"href":"https:\/\/miradordeatarfe.es\/index.php?rest_route=\/wp\/v2\/posts\/38628\/revisions\/38630"}],"wp:featuredmedia":[{"embeddable":true,"href":"https:\/\/miradordeatarfe.es\/index.php?rest_route=\/wp\/v2\/media\/38629"}],"wp:attachment":[{"href":"https:\/\/miradordeatarfe.es\/index.php?rest_route=%2Fwp%2Fv2%2Fmedia&parent=38628"}],"wp:term":[{"taxonomy":"category","embeddable":true,"href":"https:\/\/miradordeatarfe.es\/index.php?rest_route=%2Fwp%2Fv2%2Fcategories&post=38628"},{"taxonomy":"post_tag","embeddable":true,"href":"https:\/\/miradordeatarfe.es\/index.php?rest_route=%2Fwp%2Fv2%2Ftags&post=38628"}],"curies":[{"name":"wp","href":"https:\/\/api.w.org\/{rel}","templated":true}]}}