{"id":38631,"date":"2020-03-26T09:12:35","date_gmt":"2020-03-26T08:12:35","guid":{"rendered":"http:\/\/miradordeatarfe.es\/?p=38631"},"modified":"2020-03-25T17:27:03","modified_gmt":"2020-03-25T16:27:03","slug":"rfaf-suspende-todas-las-competiciones-hasta-nuevo-aviso","status":"publish","type":"post","link":"https:\/\/miradordeatarfe.es\/?p=38631","title":{"rendered":"La Federacion Andaluza de Futbol suspende todas las competiciones hasta nuevo aviso"},"content":{"rendered":"<h3 style=\"text-align: justify;\">No se volver\u00e1n a jugar partidos hasta que el gobierno decrete que no hay riesgo para la salud<\/h3>\n<div class=\"bloque_big_izda\">\n<p style=\"text-align: justify;\">La Real Federaci\u00f3n Andaluza de F\u00fatbol y como continuaci\u00f3n a las anteriores comunicaciones emitidas, en relaci\u00f3n a la situaci\u00f3n originada en Espa\u00f1a por el virus COVID-19 y siguiendo en todo momento las directrices que le han sido marcadas por la Real Federaci\u00f3n Espa\u00f1ola de F\u00fatbol, desea poner en conocimiento lo siguiente:<\/p>\n<p style=\"text-align: justify;\">Desde el d\u00eda de hoy y hasta nuevo aviso, quedan suspendidas todas las competiciones de ligas deportivas de f\u00fatbol y f\u00fatbol sala regidas bajo la competencia de la Real Federaci\u00f3n Andaluza de F\u00fatbol en Andaluc\u00eda, hasta que las autoridades competentes del Gobierno de Espa\u00f1a y de la Administraci\u00f3n General del Estado consideren que se pueden reanudar cuando ello no suponga ning\u00fan riesgo para la salud de los futbolistas, cuerpo t\u00e9cnico y empleados de los clubs y para el p\u00fablico asistente.<\/p>\n<p style=\"text-align: justify;\">La Real Federaci\u00f3n Andaluza de F\u00fatbol lamenta las molestias y el perjuicio que se pueda ocasionar a todos los entes federados con estas decisiones, pero recuerda que como cualquier otra federaci\u00f3n deportiva en Espa\u00f1a debe acogerse a las decisiones de las autoridades sanitarias competentes en aras de la mayor seguridad y salubridad de nuestras personas federadas y aficionadas.<\/p>\n<\/div>\n<p>FOTO: La Divisi\u00f3n de Honor para por el coronavirus (JOS\u00c9 M. BALDOMERO)<\/p>\n<p>https:\/\/www.granadaenjuego.com\/Division-Honor\/rfaf-suspende-todas-las-competiciones-hasta-nuevo-aviso<\/p>\n","protected":false},"excerpt":{"rendered":"<p>No se volver\u00e1n a jugar partidos hasta que el gobierno decrete que no hay riesgo&#8230;<\/p>\n","protected":false},"author":1,"featured_media":38633,"comment_status":"closed","ping_status":"closed","sticky":false,"template":"","format":"standard","meta":{"_coblocks_attr":"","_coblocks_dimensions":"","_coblocks_responsive_height":"","_coblocks_accordion_ie_support":"","jetpack_post_was_ever_published":false,"_jetpack_newsletter_access":"","_jetpack_dont_email_post_to_subs":false,"_jetpack_newsletter_tier_id":0,"_jetpack_memberships_contains_paywalled_content":false,"_jetpack_memberships_contains_paid_content":false,"footnotes":"","jetpack_publicize_message":"","jetpack_publicize_feature_enabled":true,"jetpack_social_post_already_shared":false,"jetpack_social_options":{"image_generator_settings":{"template":"highway","default_image_id":0,"enabled":false},"version":2}},"categories":[7149,182,44,6937,15],"tags":[7021,322,666],"class_list":["post-38631","post","type-post","status-publish","format-standard","has-post-thumbnail","hentry","category-coronavirus","category-deportes","category-noticias-de-hoy","category-sociedad","category-ultimas-noticias","tag-coronavirus","tag-deporte","tag-futbol"],"jetpack_publicize_connections":[],"jetpack_featured_media_url":"https:\/\/i0.wp.com\/miradordeatarfe.es\/wp-content\/uploads\/2020\/03\/imagen40595_0_ppal.jpg?fit=450%2C298&ssl=1","jetpack_likes_enabled":true,"jetpack_sharing_enabled":true,"_links":{"self":[{"href":"https:\/\/miradordeatarfe.es\/index.php?rest_route=\/wp\/v2\/posts\/38631","targetHints":{"allow":["GET"]}}],"collection":[{"href":"https:\/\/miradordeatarfe.es\/index.php?rest_route=\/wp\/v2\/posts"}],"about":[{"href":"https:\/\/miradordeatarfe.es\/index.php?rest_route=\/wp\/v2\/types\/post"}],"author":[{"embeddable":true,"href":"https:\/\/miradordeatarfe.es\/index.php?rest_route=\/wp\/v2\/users\/1"}],"replies":[{"embeddable":true,"href":"https:\/\/miradordeatarfe.es\/index.php?rest_route=%2Fwp%2Fv2%2Fcomments&post=38631"}],"version-history":[{"count":4,"href":"https:\/\/miradordeatarfe.es\/index.php?rest_route=\/wp\/v2\/posts\/38631\/revisions"}],"predecessor-version":[{"id":38646,"href":"https:\/\/miradordeatarfe.es\/index.php?rest_route=\/wp\/v2\/posts\/38631\/revisions\/38646"}],"wp:featuredmedia":[{"embeddable":true,"href":"https:\/\/miradordeatarfe.es\/index.php?rest_route=\/wp\/v2\/media\/38633"}],"wp:attachment":[{"href":"https:\/\/miradordeatarfe.es\/index.php?rest_route=%2Fwp%2Fv2%2Fmedia&parent=38631"}],"wp:term":[{"taxonomy":"category","embeddable":true,"href":"https:\/\/miradordeatarfe.es\/index.php?rest_route=%2Fwp%2Fv2%2Fcategories&post=38631"},{"taxonomy":"post_tag","embeddable":true,"href":"https:\/\/miradordeatarfe.es\/index.php?rest_route=%2Fwp%2Fv2%2Ftags&post=38631"}],"curies":[{"name":"wp","href":"https:\/\/api.w.org\/{rel}","templated":true}]}}