{"id":38642,"date":"2020-03-26T10:30:30","date_gmt":"2020-03-26T09:30:30","guid":{"rendered":"http:\/\/miradordeatarfe.es\/?p=38642"},"modified":"2020-03-25T17:25:46","modified_gmt":"2020-03-25T16:25:46","slug":"no-puedo-mas-todo-tiene-un-limite-no-estoy-dispuesto-a-seguir-callado-y-tragando-bilis","status":"publish","type":"post","link":"https:\/\/miradordeatarfe.es\/?p=38642","title":{"rendered":"No puedo m\u00e1s, todo tiene un l\u00edmite, no estoy dispuesto a seguir callado y tragando bilis."},"content":{"rendered":"<div class=\"adn ads\" data-message-id=\"#msg-f:1662139461180282915\" data-legacy-message-id=\"17111b0896cf5823\">\n<div class=\"gs\">\n<div class=\"\">\n<div id=\":bl\" class=\"ii gt\">\n<div id=\":bm\" class=\"a3s aXjCH \">\n<div dir=\"auto\">\n<h3 dir=\"auto\" style=\"text-align: justify;\">Ya est\u00e1 bien de sembrar odio, ya est\u00e1 bien de tanta mentira y manipulaci\u00f3n. Lo que algunas y algunos est\u00e1n haciendo estos d\u00edas es profundamente mezquino e inhumano. Es indecente intentar sacar provecho del dolor y la muerte.\u00a0<\/h3>\n<div dir=\"auto\" style=\"text-align: justify;\">NADIE, repito, NADIE, se imaginaba la magnitud que iba a alcanzar esto. Ni los gobiernos occidentales, ni las organizaciones pol\u00edticas, ni la mism\u00edsima Organizaci\u00f3n Mundial de la Salud, prestaron atenci\u00f3n a lo que ocurr\u00eda en China. El capitalismo ve\u00eda con placer el desmoronamiento del gigante asi\u00e1tico, ganar la guerra comercial era lo m\u00e1s importante y las muertes nos pillaban lejos. \u00bfAlguien se plante\u00f3 en aquel momento tomar medidas? NADIE. Tampoco nadie las tom\u00f3 cuando el virus pic\u00f3 a la puerta de Europa. La falta de previsi\u00f3n y medidas tambi\u00e9n se globalizaron y el virus nos pill\u00f3 con los deberes sin hacer.<\/div>\n<div dir=\"auto\" style=\"text-align: justify;\">\u00a0<\/div>\n<div dir=\"auto\" style=\"text-align: justify;\">Nos equivocamos, claro que s\u00ed, hay que asumirlo. A toro pasado es f\u00e1cil decir que sobraban todos los actos y eventos, pol\u00edticos, sindicales, sociales, deportivos, etc\u00e9tera, que hubo en el \u00faltimo mes, pero, de una manera u otra, todas y todos participamos en ellos. Es m\u00e1s, si alguien hubiera decidido cancelarlos hubi\u00e9ramos puesto el grito en el cielo y lo habr\u00edamos acusado, como poco, de alarmista.\u00a0<\/div>\n<div dir=\"auto\" style=\"text-align: justify;\">\u00a0<\/div>\n<div dir=\"auto\" style=\"text-align: justify;\">A este gobierno le est\u00e1 tocando lidiar con una situaci\u00f3n ca\u00f3tica, con una situaci\u00f3n que nadie querr\u00eda gestionar porque no hay precedentes en la historia reciente que\u00a0 sirvan de gu\u00eda de actuaci\u00f3n, pero ah\u00ed est\u00e1n dando el do de pecho. Han puesto todos los recursos del estado a disposici\u00f3n del pueblo, est\u00e1n intentando salir de este infierno de la mejor manera posible, sin dejar a nadie en la estacada. Han salido de la burbuja en la que generalmente se cobijan las \u00e9lites pol\u00edticas y est\u00e1n luchando a nuestro lado. Podr\u00e1 salir mejor o peor, pero no est\u00e1n regateando esfuerzos. Ayer, en la comparecencia de Pedro S\u00e1nchez, al igual que me ha ocurrido durante estos d\u00edas con otras y otros miembros del gobierno, vi responsabilidad, vi sufrimiento, vi humanidad. Y, a\u00fan as\u00ed, los llam\u00e1is asesinos.<\/div>\n<div dir=\"auto\" style=\"text-align: justify;\">\u00a0<\/div>\n<div dir=\"auto\" style=\"text-align: justify;\">\u00bfC\u00f3mo pod\u00e9is ser tan miserables? \u00bfC\u00f3mo pod\u00e9is seguir escupiendo veneno? \u00bfSab\u00e9is por qu\u00e9 se muere la gente? Porque faltan recursos, porque mientras votabais para llenar los balcones de banderas rojigualdas, dejabais los hospitales sin batas blancas. Ahora recogemos el fruto de las privatizaciones que sembrasteis. Lo p\u00fablico no os interes\u00f3 defenderlo y ahora, hip\u00f3critas de mierda, aplaud\u00eds desde las ventanas.<\/div>\n<div dir=\"auto\" style=\"text-align: justify;\">\u00a0<\/div>\n<div dir=\"auto\" style=\"text-align: justify;\">\u00bfD\u00f3nde est\u00e1n ahora vuestros \u00eddolos? \u00bfD\u00f3nde est\u00e1n vuestros fil\u00e1ntropos? Especulando y haciendo negocio con materiales de primera necesidad, ocultos tras el humo de vuestras hogueras de rencor y mentiras.<\/div>\n<div dir=\"auto\" style=\"text-align: justify;\">\u00a0<\/div>\n<div dir=\"auto\" style=\"text-align: justify;\">Ahora somos las y los \u00abprivilegiados\u00bb, las clases trabajadoras, las que estamos dando el callo, en los hospitales, en los supermercados, en los comercios, en los campos, en las carreteras. Este que aqu\u00ed escribe sali\u00f3 del paro cuando se decret\u00f3 el estado de alarma y lleva nueve d\u00edas desinfectando veh\u00edculos ferroviarios. Jug\u00e1ndonos la salud, sin descanso, pero convencidas y convencidos de que hay que hacerlo, anteponiendo el bienestar colectivo al individual. No hacemos pol\u00edtica, no distinguimos colores, ahora todos somos una. Vosotras y vosotros sois la excepci\u00f3n, bestias carro\u00f1eras que busc\u00e1is la vida en la muerte ajena. Lo que hac\u00e9is, adem\u00e1s de repugnante, es delictivo y espero que pagu\u00e9is por ello.\u00a0<\/div>\n<\/div>\n<div dir=\"auto\" style=\"text-align: justify;\">\u00a0<\/div>\n<div dir=\"auto\" style=\"text-align: justify;\">\n<div dir=\"auto\">Yo no soy del PSOE, no me gusta ni el partido ni Pedro S\u00e1nchez, de hecho, si de mi hubiera dependido, mi organizaci\u00f3n, IU, nunca hubiera formado parte de un gobierno suyo, pero ahora, en este contexto, voy a luchar a su lado hasta la extenuaci\u00f3n. Cuando lleguen tiempos mejores, cuando dejemos atr\u00e1s esta pesadilla, volveremos a ser adversarios y ah\u00ed me tendr\u00e1n, como una gota malaya, record\u00e1ndoles que sin la sanidad p\u00fablica y sin las clases trabajadoras nunca hubi\u00e9ramos salido del atolladero. Y si no nos dan recursos, dignidad y reconocimiento, volver\u00e1n a ser mis adversarios.<\/div>\n<div dir=\"auto\">\u00a0<\/div>\n<div dir=\"auto\">Hasta entonces, lo m\u00e1s lejos a su lado.<\/div>\n<div dir=\"auto\">\u00a0<\/div>\n<div dir=\"auto\">Texto de mi amigo Juan Jose Hern\u00e1ndez Mart\u00ednez . Al que me suscribo en cada punto y coma.<\/div>\n<div dir=\"auto\">PUBLICADO EN LA REDES<\/div>\n<\/div>\n<div class=\"yj6qo\" style=\"text-align: justify;\">FOTO:El Pollo <span class=\"imagen__autor\">Malag\u00f3n<\/span><\/div>\n<div class=\"adL\" style=\"text-align: justify;\">\u00a0<\/div>\n<\/div>\n<\/div>\n<div class=\"hi\">\u00a0<\/div>\n<\/div>\n<\/div>\n<div class=\"ajx\">\u00a0<\/div>\n<\/div>\n<div class=\"gA gt acV\">\n<div class=\"gB xu\">\n<div class=\"ip iq\">\n<div id=\":bk\">\n<table class=\"cf wS\" role=\"presentation\">\n<tbody>\n<tr>\n<td class=\"amq\">\u00a0<\/td>\n<td class=\"amr\">\n<div class=\"nr wR\">\n<div class=\"amn\">\u00a0<\/div>\n<\/div>\n<\/td>\n<\/tr>\n<\/tbody>\n<\/table>\n<\/div>\n<\/div>\n<\/div>\n<\/div>\n","protected":false},"excerpt":{"rendered":"<p>Ya est\u00e1 bien de sembrar odio, ya est\u00e1 bien de tanta mentira y manipulaci\u00f3n. Lo&#8230;<\/p>\n","protected":false},"author":1,"featured_media":38643,"comment_status":"closed","ping_status":"closed","sticky":false,"template":"","format":"standard","meta":{"_coblocks_attr":"","_coblocks_dimensions":"","_coblocks_responsive_height":"","_coblocks_accordion_ie_support":"","jetpack_post_was_ever_published":false,"_jetpack_newsletter_access":"","_jetpack_dont_email_post_to_subs":false,"_jetpack_newsletter_tier_id":0,"_jetpack_memberships_contains_paywalled_content":false,"_jetpack_memberships_contains_paid_content":false,"footnotes":"","jetpack_publicize_message":"","jetpack_publicize_feature_enabled":true,"jetpack_social_post_already_shared":false,"jetpack_social_options":{"image_generator_settings":{"template":"highway","default_image_id":0,"enabled":false},"version":2}},"categories":[1161,44,6937,15],"tags":[999,4566],"class_list":["post-38642","post","type-post","status-publish","format-standard","has-post-thumbnail","hentry","category-ciudadania","category-noticias-de-hoy","category-sociedad","category-ultimas-noticias","tag-derecha","tag-negativo"],"jetpack_publicize_connections":[],"jetpack_featured_media_url":"https:\/\/i0.wp.com\/miradordeatarfe.es\/wp-content\/uploads\/2020\/03\/images-cms-image-000021971.jpg?fit=800%2C533&ssl=1","jetpack_likes_enabled":true,"jetpack_sharing_enabled":true,"_links":{"self":[{"href":"https:\/\/miradordeatarfe.es\/index.php?rest_route=\/wp\/v2\/posts\/38642","targetHints":{"allow":["GET"]}}],"collection":[{"href":"https:\/\/miradordeatarfe.es\/index.php?rest_route=\/wp\/v2\/posts"}],"about":[{"href":"https:\/\/miradordeatarfe.es\/index.php?rest_route=\/wp\/v2\/types\/post"}],"author":[{"embeddable":true,"href":"https:\/\/miradordeatarfe.es\/index.php?rest_route=\/wp\/v2\/users\/1"}],"replies":[{"embeddable":true,"href":"https:\/\/miradordeatarfe.es\/index.php?rest_route=%2Fwp%2Fv2%2Fcomments&post=38642"}],"version-history":[{"count":2,"href":"https:\/\/miradordeatarfe.es\/index.php?rest_route=\/wp\/v2\/posts\/38642\/revisions"}],"predecessor-version":[{"id":38645,"href":"https:\/\/miradordeatarfe.es\/index.php?rest_route=\/wp\/v2\/posts\/38642\/revisions\/38645"}],"wp:featuredmedia":[{"embeddable":true,"href":"https:\/\/miradordeatarfe.es\/index.php?rest_route=\/wp\/v2\/media\/38643"}],"wp:attachment":[{"href":"https:\/\/miradordeatarfe.es\/index.php?rest_route=%2Fwp%2Fv2%2Fmedia&parent=38642"}],"wp:term":[{"taxonomy":"category","embeddable":true,"href":"https:\/\/miradordeatarfe.es\/index.php?rest_route=%2Fwp%2Fv2%2Fcategories&post=38642"},{"taxonomy":"post_tag","embeddable":true,"href":"https:\/\/miradordeatarfe.es\/index.php?rest_route=%2Fwp%2Fv2%2Ftags&post=38642"}],"curies":[{"name":"wp","href":"https:\/\/api.w.org\/{rel}","templated":true}]}}