{"id":38672,"date":"2020-03-27T11:30:58","date_gmt":"2020-03-27T10:30:58","guid":{"rendered":"http:\/\/miradordeatarfe.es\/?p=38672"},"modified":"2020-03-25T20:41:32","modified_gmt":"2020-03-25T19:41:32","slug":"turnos-de-dia-y-noche-en-el-pulmon-de-coviran-en-atarfe-para-surtir-a-3-000-supermercados","status":"publish","type":"post","link":"https:\/\/miradordeatarfe.es\/?p=38672","title":{"rendered":"Turnos de d\u00eda y noche en el \u00abpulm\u00f3n\u00bb de Covir\u00e1n en Atarfe para surtir a 3.000 supermercados"},"content":{"rendered":"<h2 style=\"text-align: justify;\">Los h\u00e9roes del s\u00faper tampoco descansan. En la plataforma nodriza de Covir\u00e1n en Granada, clave para abastecer al pa\u00eds, 177 profesionales trabajan a destajo en esta crisis<\/h2>\n<p style=\"text-align: justify;\">Un <strong>almac\u00e9n gigante de diecisiete mil metros cuadrados<\/strong> (para los que miden en campos de f\u00fatbol, la superficie de m\u00e1s de tres campos de 50&#215;100 metros) lleno de <strong>estanter\u00edas de 17 metros de altura abarrotadas de alimentos y productos de droguer\u00eda donde 177 profesionales trabajan a destajo<\/strong> preparando pedidos para que a m\u00e1s de tres mil supermercados en Espa\u00f1a y Portugal no les falte de nada estos d\u00edas. As\u00ed es la plataforma nodriza de la cooperativa granadina de distribuci\u00f3n Covir\u00e1n, una de las grandes despensas de la provincia de Granada.<\/p>\n<p style=\"text-align: justify;\">\u00abLa gente se sorprende al entrar aqu\u00ed y ver las dimensiones porque piensa en Covir\u00e1n como tienda de barrio&#8230; Somos peque\u00f1os s\u00ed, pero somos muchos y esa es nuestra fuerza\u00bb, <strong>dice orgulloso el responsable de la plataforma, Miguel Carrillo<\/strong>.<\/p>\n<section class=\"voc-ficha-detail voc-file-sports\">\n<h4>Periodismo y compromiso<\/h4>\n<\/section>\n<p style=\"text-align: justify;\">Los d\u00edas de mayor pico de ventas de la historia de la cooperativa de distribuci\u00f3n granadina est\u00e1n exigiendo un esfuerzo extraordinario a los profesionales de la plataforma nodriza, <strong>que trabajan con turnos reforzados y hasta de noche, de lunes a domingo<\/strong>.<\/p>\n<p style=\"text-align: justify;\">Los primeros d\u00edas de histeria de la crisis en Granada, con clientes arrasando los supermercados como si no hubiera un ma\u00f1ana sin coronavirus, <strong>triplicaron los pedidos de los socios de Covir\u00e1n para hacer frente a la demanda desbocada<\/strong>. Ahora, en la plataforma empiezan a notar que las compras compulsivas de los primeros d\u00edas se est\u00e1n calmando, pero se mantienen en guardia. Los h\u00e9roes del s\u00faper no descansan.<\/p>\n<p style=\"text-align: justify;\">Saben que, ahora m\u00e1s que nunca, <strong>la plataforma de Atarfe es clave para la cooperativa<\/strong>. De ella depende directamente el abastecimiento de las 300 tiendas de Covir\u00e1n en Granada pero tambi\u00e9n se apoyan<strong> en Atarfe las plataformas nodrizas de Dos Hermanas (Sevilla) y Coslada (Madrid)<\/strong> y las 22 restantes que surten a los 3.000 supermercados que la marca granadina tiene en Espa\u00f1a y Portugal.<\/p>\n<p style=\"text-align: justify;\"><strong>\u00abAtarfe es el pulm\u00f3n de Covir\u00e1n\u00bb, resume Miguel Carillo<\/strong>, que en esta crisis est\u00e1 al frente de la plataforma. En realidad \u00e9l es el segundo de a bordo pero el jefe, que tiene factores de riesgo, se ha tenido que marchar a casa por precauci\u00f3n. Igual que a otros cinco profesionales m\u00e1s de la plataforma, a los que hay que proteger especialmente del coronavirus porque que sufren patolog\u00edas pulmonares o diabetes.<\/p>\n<h3 style=\"text-align: justify;\">El do de pecho<\/h3>\n<p style=\"text-align: justify;\">Pero los dem\u00e1s est\u00e1n cubriendo el hueco y dando el do de pecho, a golpe de hora extraordinaria para que en las tiendas Covir\u00e1n no falte de nada. Y Miguel, al tim\u00f3n en esta crisis, no puede estar m\u00e1s orgulloso de este equipo 177 &#8216;h\u00e9roes&#8217;, que sin m\u00e1scara pero con mascarilla, desf\u00edan al miedo y van a trabajar cada d\u00eda a Covir\u00e1n, principalmente desde los pueblos del cintur\u00f3n de Granada. <strong>\u00abEs impresionante c\u00f3mo est\u00e1n respondiendo, todos se han apuntado voluntarios para trabajar s\u00e1bados y domingo<\/strong>. Tambi\u00e9n los d\u00edas en los que ha hecho falta turno de noche. Todos se han volcado, Ni uno ha dicho que no\u00bb, relata emocionado.<\/p>\n<p style=\"text-align: justify;\">Miguel Carillo es un veterano de Covir\u00e1n, empez\u00f3 hace 32 a\u00f1os, cuando la plataforma era un almac\u00e9n con 22 trabajadores. M\u00e1s de tres d\u00e9cadas de carrera le han permitido ver muchas cosas, pero ninguna se le parece a esta. \u00abCuando la Guerra de Irak hubo unos d\u00edas de incertidumbre, la gente compr\u00f3 m\u00e1s&#8230; <strong>pero esto&#8230; esto es lo nunca visto<\/strong>\u00bb, cuenta.<\/p>\n<h3 style=\"text-align: justify;\">El desaf\u00edo<\/h3>\n<p style=\"text-align: justify;\">El jefe admite que ten\u00eda dudas de de c\u00f3mo \u00edban a ser capaces de afrontar este desaf\u00edo <strong>\u00aby sin embargo en la cooperativa se est\u00e1n portando como h\u00e9roes<\/strong>\u00bb, asegura rotundo.<\/p>\n<p style=\"text-align: justify;\">La actividad es fren\u00e9tica, los supermercados que se demandaban 8.000 productos \u2013\u00abl\u00edneas de preparaci\u00f3n\u00bb les llaman en la plataforma\u2013 <strong>ahora requieren m\u00e1s de 20.0000<\/strong>. Adem\u00e1s se han multiplicado los kilos y las cargas. Tambi\u00e9n la de trabajo.<\/p>\n<p style=\"text-align: justify;\">As\u00ed es m\u00e1s dif\u00edcil seguir la metodolog\u00eda de trabajo &#8216;Lean&#8217;, que llevan a rajatabla en la plataforma y se basa en mejoras continuas, que se van marcando con caritas sonrientes. <strong>El que coordina las mejoras Lean es el &#8216;champion&#8217;, Jes\u00fas Hita<\/strong>, que lo mismo prepara pedidos que dise\u00f1a una ruta para ganar tiempo en los recorridos.<\/p>\n<p style=\"text-align: justify;\">\u00abEn estos momentos pesa la responsabilidad. Nos hemos prestado a todo, hemos estado preparando pedidos a las tres dela ma\u00f1ana&#8230; pero tambmi\u00e9n <strong>pesa saber que somos un factor de riesgo cuando volvemos a casa donde est\u00e1 confinada la familia<\/strong>\u00bb, explica.<\/p>\n<p style=\"text-align: justify;\">El clima trabajo tambi\u00e9n se hace m\u00e1s irrespirable con mascarilla y la banda sonora de la plataforma que en los a\u00f1orados d\u00edas sin coronavirus eran las risas y los chascarrillos <strong>se ha sustituido ahora por la megafon\u00eda que recuerda cada hora las normas de seguridad<\/strong>.<\/p>\n<p style=\"text-align: justify;\">\u00abLos momentos son tensos para todos, es normal alg\u00fan rifirrafe\u00bb, admite Jes\u00fas, que, se queda sin embargo con la satisfacci\u00f3n de que est\u00e1n dando la talla. <strong>\u00abS\u00ed nos sentimos reconocidos, los socios est\u00e1n valorando nuestro esfuerzo\u00bb<\/strong>, asegura.<\/p>\n<p style=\"text-align: justify;\">Para Miguel , el esfuerzo tambi\u00e9n est\u00e1 mereciendo la pena. \u00abSaber que en los momentos en los que los lineales de grandes hipermercados estaban desabastecidos <strong>en los s\u00faper de barrio no faltaba de nada es nuestro orgullo<\/strong>\u00bb.<\/p>\n<p>https:\/\/www.ideal.es\/granada\/estado-alarma-coronavirus-granada-coviran-turnos-noche-pulmon-20200323164517-nt.html?fbclid=IwAR0vS_aEEHixSfOKtD4OclRTJMBESxUOhOcrOA4lYTzwJU9EFey0BkjaAUM<\/p>\n","protected":false},"excerpt":{"rendered":"<p>Los h\u00e9roes del s\u00faper tampoco descansan. En la plataforma nodriza de Covir\u00e1n en Granada, clave&#8230;<\/p>\n","protected":false},"author":1,"featured_media":38673,"comment_status":"closed","ping_status":"closed","sticky":false,"template":"","format":"standard","meta":{"_coblocks_attr":"","_coblocks_dimensions":"","_coblocks_responsive_height":"","_coblocks_accordion_ie_support":"","jetpack_post_was_ever_published":false,"_jetpack_newsletter_access":"","_jetpack_dont_email_post_to_subs":false,"_jetpack_newsletter_tier_id":0,"_jetpack_memberships_contains_paywalled_content":false,"_jetpack_memberships_contains_paid_content":false,"footnotes":"","jetpack_publicize_message":"","jetpack_publicize_feature_enabled":true,"jetpack_social_post_already_shared":false,"jetpack_social_options":{"image_generator_settings":{"template":"highway","default_image_id":0,"enabled":false},"version":2}},"categories":[2,186,44,15],"tags":[81,7021,7172],"class_list":["post-38672","post","type-post","status-publish","format-standard","has-post-thumbnail","hentry","category-atarfe","category-instituciones","category-noticias-de-hoy","category-ultimas-noticias","tag-atarfe","tag-coronavirus","tag-coviran"],"jetpack_publicize_connections":[],"jetpack_featured_media_url":"https:\/\/i0.wp.com\/miradordeatarfe.es\/wp-content\/uploads\/2020\/03\/snapshot-1.jpg?fit=1280%2C720&ssl=1","jetpack_likes_enabled":true,"jetpack_sharing_enabled":true,"_links":{"self":[{"href":"https:\/\/miradordeatarfe.es\/index.php?rest_route=\/wp\/v2\/posts\/38672","targetHints":{"allow":["GET"]}}],"collection":[{"href":"https:\/\/miradordeatarfe.es\/index.php?rest_route=\/wp\/v2\/posts"}],"about":[{"href":"https:\/\/miradordeatarfe.es\/index.php?rest_route=\/wp\/v2\/types\/post"}],"author":[{"embeddable":true,"href":"https:\/\/miradordeatarfe.es\/index.php?rest_route=\/wp\/v2\/users\/1"}],"replies":[{"embeddable":true,"href":"https:\/\/miradordeatarfe.es\/index.php?rest_route=%2Fwp%2Fv2%2Fcomments&post=38672"}],"version-history":[{"count":1,"href":"https:\/\/miradordeatarfe.es\/index.php?rest_route=\/wp\/v2\/posts\/38672\/revisions"}],"predecessor-version":[{"id":38674,"href":"https:\/\/miradordeatarfe.es\/index.php?rest_route=\/wp\/v2\/posts\/38672\/revisions\/38674"}],"wp:featuredmedia":[{"embeddable":true,"href":"https:\/\/miradordeatarfe.es\/index.php?rest_route=\/wp\/v2\/media\/38673"}],"wp:attachment":[{"href":"https:\/\/miradordeatarfe.es\/index.php?rest_route=%2Fwp%2Fv2%2Fmedia&parent=38672"}],"wp:term":[{"taxonomy":"category","embeddable":true,"href":"https:\/\/miradordeatarfe.es\/index.php?rest_route=%2Fwp%2Fv2%2Fcategories&post=38672"},{"taxonomy":"post_tag","embeddable":true,"href":"https:\/\/miradordeatarfe.es\/index.php?rest_route=%2Fwp%2Fv2%2Ftags&post=38672"}],"curies":[{"name":"wp","href":"https:\/\/api.w.org\/{rel}","templated":true}]}}