{"id":38683,"date":"2020-03-29T11:32:46","date_gmt":"2020-03-29T09:32:46","guid":{"rendered":"http:\/\/miradordeatarfe.es\/?p=38683"},"modified":"2020-03-29T11:37:47","modified_gmt":"2020-03-29T09:37:47","slug":"atarfe-donacion-de-sangre-el-31-de-marzo","status":"publish","type":"post","link":"https:\/\/miradordeatarfe.es\/?p=38683","title":{"rendered":"ATARFE: DONACI\u00d3N DE SANGRE EL 31 DE MARZO suspendida"},"content":{"rendered":"<div class=\"text_exposed_show\">\n<p><a class=\"_58cn\" href=\"https:\/\/www.facebook.com\/hashtag\/atarfetenecesita?source=feed_text&amp;epa=HASHTAG&amp;__xts__%5B0%5D=68.ARAumgFmTLM9vSwNqrisYuaZC3hRRHJn6oL9dq7GjQRcPD2PcJ7Pf9yziS8OEtYnOUpSoUvyzeq___Mf5ToZ7oEmqLCLWJ12tMnHEz4qr6e5R_YiTtpWVK_lgAl4IoRskm94Hc6CRF3UABJq1uYV1-hvXtMF56EE644NE7YZiNxElHgJvfiyZ6ZA88J_E0N6ppHmNdh2hO9zDBT0ivFEm6ZuUAqN-0a8ZdChFS8H5azWB8AhNqOJdQkT5pP6ZaD44bYNUiMhaVZp3CMvBTlLhJBADjxZs9RXfDubAUVCjGLgCBdYTnd7s75jF9iMWtdEoQeI1E9R0CVqYv8U-mytZODLhQ&amp;__tn__=%2ANK-R\" data-ft=\"{&quot;type&quot;:104,&quot;tn&quot;:&quot;*N&quot;}\"><span class=\"_5afx\"><span class=\"_58cm\"><span id=\"fbPhotoSnowliftCaption\" class=\"fbPhotosPhotoCaption\" tabindex=\"0\" aria-live=\"polite\" data-ft=\"{&quot;tn&quot;:&quot;K&quot;}\"><span class=\"hasCaption\">SUSPENDIDA LA JORNADA DE DONACI\u00d3N DE SANGRE EN ATARFE<\/p>\n<p>Desde el Centro Regional de Transfusi\u00f3n Sangu\u00ednea nos informan que se suspende la jornada de Donaci\u00f3n de Sangre prevista en Atarfe para el pr\u00f3ximo 31 de Marzo.<\/p>\n<p>Ha habido una avalancha de donaciones en el centro base y por ahora est\u00e1n las necesidades cubiertas. <span class=\"text_exposed_show\"><br \/>\n<\/span><\/span><\/span><\/span><\/span><\/a><\/p>\n<p><a href=\"https:\/\/i0.wp.com\/miradordeatarfe.es\/wp-content\/uploads\/2020\/03\/90791458_2971869119543605_7688793441903312896_n.jpg?ssl=1\"><img data-recalc-dims=\"1\" loading=\"lazy\" decoding=\"async\" class=\"alignnone wp-image-38764 size-full\" src=\"https:\/\/i0.wp.com\/miradordeatarfe.es\/wp-content\/uploads\/2020\/03\/90791458_2971869119543605_7688793441903312896_n.jpg?resize=640%2C640&#038;ssl=1\" alt=\"\" width=\"640\" height=\"640\" srcset=\"https:\/\/i0.wp.com\/miradordeatarfe.es\/wp-content\/uploads\/2020\/03\/90791458_2971869119543605_7688793441903312896_n.jpg?w=755&amp;ssl=1 755w, https:\/\/i0.wp.com\/miradordeatarfe.es\/wp-content\/uploads\/2020\/03\/90791458_2971869119543605_7688793441903312896_n.jpg?resize=300%2C300&amp;ssl=1 300w, https:\/\/i0.wp.com\/miradordeatarfe.es\/wp-content\/uploads\/2020\/03\/90791458_2971869119543605_7688793441903312896_n.jpg?resize=150%2C150&amp;ssl=1 150w, https:\/\/i0.wp.com\/miradordeatarfe.es\/wp-content\/uploads\/2020\/03\/90791458_2971869119543605_7688793441903312896_n.jpg?resize=600%2C600&amp;ssl=1 600w\" sizes=\"auto, (max-width: 640px) 100vw, 640px\" \/><\/a><\/p>\n<p><a class=\"_58cn\" href=\"https:\/\/www.facebook.com\/hashtag\/atarfetenecesita?source=feed_text&amp;epa=HASHTAG&amp;__xts__%5B0%5D=68.ARAumgFmTLM9vSwNqrisYuaZC3hRRHJn6oL9dq7GjQRcPD2PcJ7Pf9yziS8OEtYnOUpSoUvyzeq___Mf5ToZ7oEmqLCLWJ12tMnHEz4qr6e5R_YiTtpWVK_lgAl4IoRskm94Hc6CRF3UABJq1uYV1-hvXtMF56EE644NE7YZiNxElHgJvfiyZ6ZA88J_E0N6ppHmNdh2hO9zDBT0ivFEm6ZuUAqN-0a8ZdChFS8H5azWB8AhNqOJdQkT5pP6ZaD44bYNUiMhaVZp3CMvBTlLhJBADjxZs9RXfDubAUVCjGLgCBdYTnd7s75jF9iMWtdEoQeI1E9R0CVqYv8U-mytZODLhQ&amp;__tn__=%2ANK-R\" data-ft=\"{&quot;type&quot;:104,&quot;tn&quot;:&quot;*N&quot;}\"><span class=\"_5afx\"><span class=\"_58cm\"><span id=\"fbPhotoSnowliftCaption\" class=\"fbPhotosPhotoCaption\" tabindex=\"0\" aria-live=\"polite\" data-ft=\"{&quot;tn&quot;:&quot;K&quot;}\"><span class=\"hasCaption\"><span class=\"text_exposed_show\"><br \/>\nMuchas gracias a todas las personas que hab\u00edan mostrado su inter\u00e9s y generosidad.<\/span><\/span><\/span><\/span><\/span><\/a><br \/>\n<a class=\"_58cn\" href=\"https:\/\/www.facebook.com\/hashtag\/atarfesequedaencasa?source=feed_text&amp;epa=HASHTAG&amp;__xts__%5B0%5D=68.ARAumgFmTLM9vSwNqrisYuaZC3hRRHJn6oL9dq7GjQRcPD2PcJ7Pf9yziS8OEtYnOUpSoUvyzeq___Mf5ToZ7oEmqLCLWJ12tMnHEz4qr6e5R_YiTtpWVK_lgAl4IoRskm94Hc6CRF3UABJq1uYV1-hvXtMF56EE644NE7YZiNxElHgJvfiyZ6ZA88J_E0N6ppHmNdh2hO9zDBT0ivFEm6ZuUAqN-0a8ZdChFS8H5azWB8AhNqOJdQkT5pP6ZaD44bYNUiMhaVZp3CMvBTlLhJBADjxZs9RXfDubAUVCjGLgCBdYTnd7s75jF9iMWtdEoQeI1E9R0CVqYv8U-mytZODLhQ&amp;__tn__=%2ANK-R\" data-ft=\"{&quot;type&quot;:104,&quot;tn&quot;:&quot;*N&quot;}\"><span class=\"_5afx\"><span class=\"_58cl _5afz\" aria-label=\"hashtag\">#<\/span><span class=\"_58cm\">AtarfeSeQuedaEnCasa<\/span><\/span><\/a><br \/>\n<a class=\"_58cn\" href=\"https:\/\/www.facebook.com\/hashtag\/todovaasalirbien?source=feed_text&amp;epa=HASHTAG&amp;__xts__%5B0%5D=68.ARAumgFmTLM9vSwNqrisYuaZC3hRRHJn6oL9dq7GjQRcPD2PcJ7Pf9yziS8OEtYnOUpSoUvyzeq___Mf5ToZ7oEmqLCLWJ12tMnHEz4qr6e5R_YiTtpWVK_lgAl4IoRskm94Hc6CRF3UABJq1uYV1-hvXtMF56EE644NE7YZiNxElHgJvfiyZ6ZA88J_E0N6ppHmNdh2hO9zDBT0ivFEm6ZuUAqN-0a8ZdChFS8H5azWB8AhNqOJdQkT5pP6ZaD44bYNUiMhaVZp3CMvBTlLhJBADjxZs9RXfDubAUVCjGLgCBdYTnd7s75jF9iMWtdEoQeI1E9R0CVqYv8U-mytZODLhQ&amp;__tn__=%2ANK-R\" data-ft=\"{&quot;type&quot;:104,&quot;tn&quot;:&quot;*N&quot;}\"><span class=\"_5afx\"><span class=\"_58cl _5afz\" aria-label=\"hashtag\">#<\/span><span class=\"_58cm\">TodoVaASalirBien<\/span><\/span><\/a><\/p>\n<\/div>\n","protected":false},"excerpt":{"rendered":"<p>SUSPENDIDA LA JORNADA DE DONACI\u00d3N DE SANGRE EN ATARFE Desde el Centro Regional de Transfusi\u00f3n&#8230;<\/p>\n","protected":false},"author":1,"featured_media":38755,"comment_status":"closed","ping_status":"closed","sticky":false,"template":"","format":"standard","meta":{"_coblocks_attr":"","_coblocks_dimensions":"","_coblocks_responsive_height":"","_coblocks_accordion_ie_support":"","jetpack_post_was_ever_published":false,"_jetpack_newsletter_access":"","_jetpack_dont_email_post_to_subs":false,"_jetpack_newsletter_tier_id":0,"_jetpack_memberships_contains_paywalled_content":false,"_jetpack_memberships_contains_paid_content":false,"footnotes":"","jetpack_publicize_message":"","jetpack_publicize_feature_enabled":true,"jetpack_social_post_already_shared":false,"jetpack_social_options":{"image_generator_settings":{"template":"highway","default_image_id":0,"enabled":false},"version":2}},"categories":[2,1161,186,44,15],"tags":[558],"class_list":["post-38683","post","type-post","status-publish","format-standard","has-post-thumbnail","hentry","category-atarfe","category-ciudadania","category-instituciones","category-noticias-de-hoy","category-ultimas-noticias","tag-donar-sangre"],"jetpack_publicize_connections":[],"jetpack_featured_media_url":"https:\/\/i0.wp.com\/miradordeatarfe.es\/wp-content\/uploads\/2020\/03\/unnamed-7.jpg?fit=512%2C256&ssl=1","jetpack_likes_enabled":true,"jetpack_sharing_enabled":true,"_links":{"self":[{"href":"https:\/\/miradordeatarfe.es\/index.php?rest_route=\/wp\/v2\/posts\/38683","targetHints":{"allow":["GET"]}}],"collection":[{"href":"https:\/\/miradordeatarfe.es\/index.php?rest_route=\/wp\/v2\/posts"}],"about":[{"href":"https:\/\/miradordeatarfe.es\/index.php?rest_route=\/wp\/v2\/types\/post"}],"author":[{"embeddable":true,"href":"https:\/\/miradordeatarfe.es\/index.php?rest_route=\/wp\/v2\/users\/1"}],"replies":[{"embeddable":true,"href":"https:\/\/miradordeatarfe.es\/index.php?rest_route=%2Fwp%2Fv2%2Fcomments&post=38683"}],"version-history":[{"count":3,"href":"https:\/\/miradordeatarfe.es\/index.php?rest_route=\/wp\/v2\/posts\/38683\/revisions"}],"predecessor-version":[{"id":38766,"href":"https:\/\/miradordeatarfe.es\/index.php?rest_route=\/wp\/v2\/posts\/38683\/revisions\/38766"}],"wp:featuredmedia":[{"embeddable":true,"href":"https:\/\/miradordeatarfe.es\/index.php?rest_route=\/wp\/v2\/media\/38755"}],"wp:attachment":[{"href":"https:\/\/miradordeatarfe.es\/index.php?rest_route=%2Fwp%2Fv2%2Fmedia&parent=38683"}],"wp:term":[{"taxonomy":"category","embeddable":true,"href":"https:\/\/miradordeatarfe.es\/index.php?rest_route=%2Fwp%2Fv2%2Fcategories&post=38683"},{"taxonomy":"post_tag","embeddable":true,"href":"https:\/\/miradordeatarfe.es\/index.php?rest_route=%2Fwp%2Fv2%2Ftags&post=38683"}],"curies":[{"name":"wp","href":"https:\/\/api.w.org\/{rel}","templated":true}]}}