{"id":38689,"date":"2020-03-29T11:00:41","date_gmt":"2020-03-29T09:00:41","guid":{"rendered":"http:\/\/miradordeatarfe.es\/?p=38689"},"modified":"2020-03-28T23:44:52","modified_gmt":"2020-03-28T22:44:52","slug":"atarfe-ya-falta-poco-este-virus-lo-paramos-unidos","status":"publish","type":"post","link":"https:\/\/miradordeatarfe.es\/?p=38689","title":{"rendered":"ATARFE, YA FALTA POCO. ESTE VIRUS LO PARAMOS UNIDOS"},"content":{"rendered":"<h3><span class=\"_44bj\">Queremos dar las Gracias a tod@s los Atarfe\u00f1os y Atarfe\u00f1as por vuestra Generosidad, Solidaridad y Responsabilidad. Pronto volveremos a llenar de vida nuestras Calles, Comercios y Bares. Pronto volveremos a disfrutar de los Besos y Abrazos de un\/a Amig@ cuando nos encontremos.<\/span><\/h3>\n<p><span class=\"_44bj\">Pero hay que ser conscientes de que lo m\u00e1s duro est\u00e1 por llegar y esta Guerra al Coronavirus no la Ganamos si no cumplimos de manera estricta las indicaciones de Quedarnos en Casa.<\/p>\n<p>Demos un ejemplo de Responsabilidad Colectiva. Hazlo por ti, y lo estar\u00e1s haciendo por tus Hij@s y tus Mayores. Si tu lo haces por los dem\u00e1s, los dem\u00e1s lo estar\u00e1n haciendo por ti. Esta Guerra se gana con un arma muy potente, la Conciencia y la Responsabilidad de tod@s en conjunto, actuando como una unidad.<\/p>\n<p><a class=\"_58cn\" href=\"https:\/\/www.facebook.com\/hashtag\/atarfetenecesita?source=feed_text&amp;epa=HASHTAG\" data-ft=\"{&quot;type&quot;:104,&quot;tn&quot;:&quot;*N&quot;}\"><span class=\"_5afx\"><span class=\"_58cl _5afz\" aria-label=\"hashtag\">#<\/span><span class=\"_58cm\">AtarfeTeNecesita<\/span><\/span><\/a><br \/>\n<a class=\"_58cn\" href=\"https:\/\/www.facebook.com\/hashtag\/atarfesequedaencasa?source=feed_text&amp;epa=HASHTAG\" data-ft=\"{&quot;type&quot;:104,&quot;tn&quot;:&quot;*N&quot;}\"><span class=\"_5afx\"><span class=\"_58cl _5afz\" aria-label=\"hashtag\">#<\/span><span class=\"_58cm\">AtarfeSeQuedaEnCasa<\/span><\/span><\/a><br \/>\n<a class=\"_58cn\" href=\"https:\/\/www.facebook.com\/hashtag\/todovaasalirbien?source=feed_text&amp;epa=HASHTAG\" data-ft=\"{&quot;type&quot;:104,&quot;tn&quot;:&quot;*N&quot;}\"><span class=\"_5afx\"><span class=\"_58cl _5afz\" aria-label=\"hashtag\">#<\/span><span class=\"_58cm\">TodoVaASalirBien<\/span><\/span><\/a><\/span><\/p>\n<p>&nbsp;<\/p>\n<p><div class=\"fb-video\" data-allowfullscreen=\"true\" data-href=\"https:\/\/www.facebook.com\/ayuntamientoatarfe\/videos\/680484976040846\/\" style=\"background-color: #fff; display: inline-block;\"><\/div>\n<\/p>\n<p>&nbsp;<\/p>\n","protected":false},"excerpt":{"rendered":"<p>Queremos dar las Gracias a tod@s los Atarfe\u00f1os y Atarfe\u00f1as por vuestra Generosidad, Solidaridad y&#8230;<\/p>\n","protected":false},"author":1,"featured_media":38690,"comment_status":"closed","ping_status":"closed","sticky":false,"template":"","format":"standard","meta":{"_coblocks_attr":"","_coblocks_dimensions":"","_coblocks_responsive_height":"","_coblocks_accordion_ie_support":"","jetpack_post_was_ever_published":false,"_jetpack_newsletter_access":"","_jetpack_dont_email_post_to_subs":false,"_jetpack_newsletter_tier_id":0,"_jetpack_memberships_contains_paywalled_content":false,"_jetpack_memberships_contains_paid_content":false,"footnotes":"","jetpack_publicize_message":"","jetpack_publicize_feature_enabled":true,"jetpack_social_post_already_shared":false,"jetpack_social_options":{"image_generator_settings":{"template":"highway","default_image_id":0,"enabled":false},"version":2}},"categories":[6916,1161,7149,44,15],"tags":[81,4293,7021],"class_list":["post-38689","post","type-post","status-publish","format-standard","has-post-thumbnail","hentry","category-ayuntamiento-de-atarfe","category-ciudadania","category-coronavirus","category-noticias-de-hoy","category-ultimas-noticias","tag-atarfe","tag-ayuntamiento-de-atarfe","tag-coronavirus"],"jetpack_publicize_connections":[],"jetpack_featured_media_url":"https:\/\/i0.wp.com\/miradordeatarfe.es\/wp-content\/uploads\/2020\/03\/Incendio-calle-Moreras-Atarfe-746x419-1.jpg?fit=746%2C419&ssl=1","jetpack_likes_enabled":true,"jetpack_sharing_enabled":true,"_links":{"self":[{"href":"https:\/\/miradordeatarfe.es\/index.php?rest_route=\/wp\/v2\/posts\/38689","targetHints":{"allow":["GET"]}}],"collection":[{"href":"https:\/\/miradordeatarfe.es\/index.php?rest_route=\/wp\/v2\/posts"}],"about":[{"href":"https:\/\/miradordeatarfe.es\/index.php?rest_route=\/wp\/v2\/types\/post"}],"author":[{"embeddable":true,"href":"https:\/\/miradordeatarfe.es\/index.php?rest_route=\/wp\/v2\/users\/1"}],"replies":[{"embeddable":true,"href":"https:\/\/miradordeatarfe.es\/index.php?rest_route=%2Fwp%2Fv2%2Fcomments&post=38689"}],"version-history":[{"count":1,"href":"https:\/\/miradordeatarfe.es\/index.php?rest_route=\/wp\/v2\/posts\/38689\/revisions"}],"predecessor-version":[{"id":38691,"href":"https:\/\/miradordeatarfe.es\/index.php?rest_route=\/wp\/v2\/posts\/38689\/revisions\/38691"}],"wp:featuredmedia":[{"embeddable":true,"href":"https:\/\/miradordeatarfe.es\/index.php?rest_route=\/wp\/v2\/media\/38690"}],"wp:attachment":[{"href":"https:\/\/miradordeatarfe.es\/index.php?rest_route=%2Fwp%2Fv2%2Fmedia&parent=38689"}],"wp:term":[{"taxonomy":"category","embeddable":true,"href":"https:\/\/miradordeatarfe.es\/index.php?rest_route=%2Fwp%2Fv2%2Fcategories&post=38689"},{"taxonomy":"post_tag","embeddable":true,"href":"https:\/\/miradordeatarfe.es\/index.php?rest_route=%2Fwp%2Fv2%2Ftags&post=38689"}],"curies":[{"name":"wp","href":"https:\/\/api.w.org\/{rel}","templated":true}]}}