{"id":38706,"date":"2020-03-28T17:00:17","date_gmt":"2020-03-28T16:00:17","guid":{"rendered":"http:\/\/miradordeatarfe.es\/?p=38706"},"modified":"2020-03-28T17:00:17","modified_gmt":"2020-03-28T16:00:17","slug":"un-paciente-con-coronavirus-se-quita-la-vida-en-el-hospital","status":"publish","type":"post","link":"https:\/\/miradordeatarfe.es\/?p=38706","title":{"rendered":"Un paciente con coronavirus se quita la vida en el hospital"},"content":{"rendered":"<div class=\"blq-img mainImg\">\n<div class=\"img\">\n<div id=\"main\">\n<div class=\"item\">\n<h3 class=\"anteti\">La Polic\u00eda Cient\u00edfica se ha desplazado hasta el centro sanitario, donde se espera la llegada de la comisi\u00f3n judicial<\/h3>\n<\/div>\n<\/div>\n<\/div>\n<div class=\"txt\">\n<div style=\"text-align: justify;\">\u00a0<\/div>\n<div style=\"text-align: justify;\">\u00a0<\/div>\n<div class=\"firma\" style=\"text-align: justify;\">IndeGranada<\/div>\n<div class=\"pie\" style=\"text-align: justify;\">Hospital Virgen de las Nieves.<\/div>\n<\/div>\n<\/div>\n<div class=\"cuerpo\">\n<p style=\"text-align: justify;\">Un paciente ingresado en el Hospital Virgen de las Nieves se ha quitado la vida este s\u00e1bado al arrojarse desde una ventana de una s\u00e9ptima planta.<\/p>\n<p style=\"text-align: justify;\">Seg\u00fan fuentes policiales, el suceso ha ocurrido en torno a las 10.00 horas. Hasta el centro hospitalario se ha trasladado la Polic\u00eda Cient\u00edfica, que esperaba -a las 11.00 horas- la llegada de la comisi\u00f3n judicial.<\/p>\n<p style=\"text-align: justify;\">La investigaci\u00f3n deber\u00e1 aclarar este luctuoso suceso. Seg\u00fan los datos recopilados por este diario, se trata de un paciente aquejado de coronavirus, de unos 77 a\u00f1os. Se ha lanzado desde una s\u00e9ptima planta del edificio y ha ca\u00eddo a un patio interior del recinto hospitalario.<\/p>\n<p style=\"text-align: justify;\">https:\/\/www.elindependientedegranada.es\/ciudadania\/paciente-con-coronavirus-quita-vida-hospital<\/p>\n<p style=\"text-align: justify;\">\u00a0<\/p>\n<p style=\"text-align: justify;\">\u00a0<\/p>\n<p style=\"text-align: justify;\">\u00a0<\/p>\n<p style=\"text-align: justify;\">\u00a0<\/p>\n<p style=\"text-align: justify;\">\u00a0<\/p>\n<p style=\"text-align: justify;\">\u00a0<\/p>\n<p style=\"text-align: justify;\">\u00a0<\/p>\n<p style=\"text-align: justify;\">\u00a0<\/p>\n<p style=\"text-align: justify;\">\u00a0<\/p>\n<p style=\"text-align: justify;\">\u00a0<\/p>\n<p style=\"text-align: justify;\">\u00a0<\/p>\n<p style=\"text-align: justify;\">\u00a0<\/p>\n<p style=\"text-align: justify;\">\u00a0<\/p>\n<p>&nbsp;<\/p>\n<p>&nbsp;<\/p>\n<p>&nbsp;<\/p>\n<p>&nbsp;<\/p>\n<p>&nbsp;<\/p>\n<p>&nbsp;<\/p>\n<\/div>\n","protected":false},"excerpt":{"rendered":"<p>La Polic\u00eda Cient\u00edfica se ha desplazado hasta el centro sanitario, donde se espera la llegada&#8230;<\/p>\n","protected":false},"author":1,"featured_media":38707,"comment_status":"closed","ping_status":"closed","sticky":false,"template":"","format":"standard","meta":{"_coblocks_attr":"","_coblocks_dimensions":"","_coblocks_responsive_height":"","_coblocks_accordion_ie_support":"","jetpack_post_was_ever_published":false,"_jetpack_newsletter_access":"","_jetpack_dont_email_post_to_subs":false,"_jetpack_newsletter_tier_id":0,"_jetpack_memberships_contains_paywalled_content":false,"_jetpack_memberships_contains_paid_content":false,"footnotes":"","jetpack_publicize_message":"","jetpack_publicize_feature_enabled":true,"jetpack_social_post_already_shared":false,"jetpack_social_options":{"image_generator_settings":{"template":"highway","default_image_id":0,"enabled":false},"version":2}},"categories":[1161,44,15],"tags":[7021,129,1030],"class_list":["post-38706","post","type-post","status-publish","format-standard","has-post-thumbnail","hentry","category-ciudadania","category-noticias-de-hoy","category-ultimas-noticias","tag-coronavirus","tag-granada","tag-hospital"],"jetpack_publicize_connections":[],"jetpack_featured_media_url":"https:\/\/i0.wp.com\/miradordeatarfe.es\/wp-content\/uploads\/2020\/03\/hospital.jpg?fit=600%2C337&ssl=1","jetpack_likes_enabled":true,"jetpack_sharing_enabled":true,"_links":{"self":[{"href":"https:\/\/miradordeatarfe.es\/index.php?rest_route=\/wp\/v2\/posts\/38706","targetHints":{"allow":["GET"]}}],"collection":[{"href":"https:\/\/miradordeatarfe.es\/index.php?rest_route=\/wp\/v2\/posts"}],"about":[{"href":"https:\/\/miradordeatarfe.es\/index.php?rest_route=\/wp\/v2\/types\/post"}],"author":[{"embeddable":true,"href":"https:\/\/miradordeatarfe.es\/index.php?rest_route=\/wp\/v2\/users\/1"}],"replies":[{"embeddable":true,"href":"https:\/\/miradordeatarfe.es\/index.php?rest_route=%2Fwp%2Fv2%2Fcomments&post=38706"}],"version-history":[{"count":1,"href":"https:\/\/miradordeatarfe.es\/index.php?rest_route=\/wp\/v2\/posts\/38706\/revisions"}],"predecessor-version":[{"id":38708,"href":"https:\/\/miradordeatarfe.es\/index.php?rest_route=\/wp\/v2\/posts\/38706\/revisions\/38708"}],"wp:featuredmedia":[{"embeddable":true,"href":"https:\/\/miradordeatarfe.es\/index.php?rest_route=\/wp\/v2\/media\/38707"}],"wp:attachment":[{"href":"https:\/\/miradordeatarfe.es\/index.php?rest_route=%2Fwp%2Fv2%2Fmedia&parent=38706"}],"wp:term":[{"taxonomy":"category","embeddable":true,"href":"https:\/\/miradordeatarfe.es\/index.php?rest_route=%2Fwp%2Fv2%2Fcategories&post=38706"},{"taxonomy":"post_tag","embeddable":true,"href":"https:\/\/miradordeatarfe.es\/index.php?rest_route=%2Fwp%2Fv2%2Ftags&post=38706"}],"curies":[{"name":"wp","href":"https:\/\/api.w.org\/{rel}","templated":true}]}}