{"id":38722,"date":"2020-03-29T10:44:22","date_gmt":"2020-03-29T08:44:22","guid":{"rendered":"http:\/\/miradordeatarfe.es\/?p=38722"},"modified":"2020-03-29T11:40:32","modified_gmt":"2020-03-29T09:40:32","slug":"atarfe-suspendido-el-plazo-de-presentacion-de-la-declaracion-anual-para-las-pensiones-no-contributivas","status":"publish","type":"post","link":"https:\/\/miradordeatarfe.es\/?p=38722","title":{"rendered":"ATARFE: SUSPENDIDO EL PLAZO DE PRESENTACI\u00d3N DE LA DECLARACI\u00d3N ANUAL PARA LAS PENSIONES NO CONTRIBUTIVAS"},"content":{"rendered":"<p style=\"text-align: justify;\"><span id=\"fbPhotoSnowliftCaption\" class=\"fbPhotosPhotoCaption\" tabindex=\"0\" aria-live=\"polite\" data-ft=\"{&quot;tn&quot;:&quot;K&quot;}\"><span class=\"hasCaption\">Como consecuencia de la entrada en vigor del Real Decreto 463\/2020, de 14 de marzo, por el que se declara el Estado de Alarma para la gesti\u00f3n de la situaci\u00f3n de crisis sanitaria ocasionada por el COVID-19, se informa que queda suspendido e interrumpido en todo el territorio espa\u00f1ol el plazo de presenta<span class=\"text_exposed_show\">ci\u00f3n de la declaraci\u00f3n anual de ingresos que est\u00e1n obligados a presentar los pensionistas no contributivos, en tanto en cuanto se mantenga la situaci\u00f3n de alarma.<\/span><\/span><\/span><\/p>\n<p style=\"text-align: justify;\"><strong>Las Pensiones no Contributivas de JUBILACI\u00d3N e INVALIDEZ<\/strong> se han previsto para todas las personas que carezcan de recursos suficientes, aunque no hayan cotizado nunca o lo hayan hecho de forma insuficiente.<\/p>\n<p style=\"text-align: justify;\">Las personas que obtienen el derecho a estas pensiones se convierten en <strong>pensionistas de la Seguridad Social con las mismas garant\u00edas y los mismos beneficios que el resto de pensionistas<\/strong>, pudiendo disfrutar de:<\/p>\n<ul style=\"text-align: justify;\">\n<li><strong>Prestaci\u00f3n econ\u00f3mica mensual.<\/strong><\/li>\n<li><strong>Asistencia Sanitaria de la Seguridad Social<\/strong>, m\u00e9dico-farmac\u00e9utica gratuita que incluye en su caso a los familiares que convivan en su domicilio, en las condiciones establecidas reglamentariamente.<\/li>\n<li>Complemento para los titulares de pensi\u00f3n no contributiva que residan en vivienda alquilada<\/li>\n<li>Servicios Sociales Complementarios para personas mayores.<\/li>\n<li>Servicios Sociales Complementarios para personas con discapacidad.<\/li>\n<li>Ayuda social de car\u00e1cter extraordinario.<\/li>\n<\/ul>\n<h3 style=\"text-align: justify;\"><span class=\"fbPhotosPhotoCaption\" tabindex=\"0\" aria-live=\"polite\" data-ft=\"{&quot;tn&quot;:&quot;K&quot;}\"><span class=\"hasCaption\"><span class=\"text_exposed_show\"><br \/>\nComo consecuencia de la entrada en vigor del Real Decreto 463\/2020, de 14 de marzo, por el que sedeclara el estado de alarma para la gesti\u00f3n de la situaci\u00f3n de crisis sanitaria ocasionada por el COVID-19,se informa que queda suspendido e interrumpido en todo el territorio espa\u00f1ol <strong>el plazo de presentaci\u00f3n dela declaraci\u00f3n anual de ingresos que est\u00e1n obligados a presentar los pensionistas no contributivos, entanto en cuanto se mantenga la situaci\u00f3n de alarma, momento en que se reanudar\u00e1 el c\u00f3mputo del plazoque inicialmente finaliza el 31 de marzo de 2020.<\/strong><\/span><\/span><\/span><\/h3>\n<p><a class=\"_58cn\" href=\"https:\/\/www.facebook.com\/hashtag\/atarfetenecesita?epa=HASHTAG\" data-ft=\"{&quot;type&quot;:104,&quot;tn&quot;:&quot;*N&quot;}\">#AtarfeTeNecesita<\/a><br \/>\n<a class=\"_58cn\" href=\"https:\/\/www.facebook.com\/hashtag\/atarfesequedaencasa?epa=HASHTAG\" data-ft=\"{&quot;type&quot;:104,&quot;tn&quot;:&quot;*N&quot;}\">#AtarfeSeQuedaEnCasa<\/a><br \/>\n<a class=\"_58cn\" href=\"https:\/\/www.facebook.com\/hashtag\/todovaasalirbien?epa=HASHTAG\" data-ft=\"{&quot;type&quot;:104,&quot;tn&quot;:&quot;*N&quot;}\">#TodoVaASalirBien<\/a><\/p>\n","protected":false},"excerpt":{"rendered":"<p>Como consecuencia de la entrada en vigor del Real Decreto 463\/2020, de 14 de marzo,&#8230;<\/p>\n","protected":false},"author":1,"featured_media":38767,"comment_status":"closed","ping_status":"closed","sticky":false,"template":"","format":"standard","meta":{"_coblocks_attr":"","_coblocks_dimensions":"","_coblocks_responsive_height":"","_coblocks_accordion_ie_support":"","jetpack_post_was_ever_published":false,"_jetpack_newsletter_access":"","_jetpack_dont_email_post_to_subs":false,"_jetpack_newsletter_tier_id":0,"_jetpack_memberships_contains_paywalled_content":false,"_jetpack_memberships_contains_paid_content":false,"footnotes":"","jetpack_publicize_message":"","jetpack_publicize_feature_enabled":true,"jetpack_social_post_already_shared":false,"jetpack_social_options":{"image_generator_settings":{"template":"highway","default_image_id":0,"enabled":false},"version":2}},"categories":[6916,7149,186,44,6937,15],"tags":[7021,393],"class_list":["post-38722","post","type-post","status-publish","format-standard","has-post-thumbnail","hentry","category-ayuntamiento-de-atarfe","category-coronavirus","category-instituciones","category-noticias-de-hoy","category-sociedad","category-ultimas-noticias","tag-coronavirus","tag-renta"],"jetpack_publicize_connections":[],"jetpack_featured_media_url":"https:\/\/i0.wp.com\/miradordeatarfe.es\/wp-content\/uploads\/2020\/03\/Declaraci%C3%B3n-de-la-renta-tercera-edad.jpg?fit=486%2C284&ssl=1","jetpack_likes_enabled":true,"jetpack_sharing_enabled":true,"_links":{"self":[{"href":"https:\/\/miradordeatarfe.es\/index.php?rest_route=\/wp\/v2\/posts\/38722","targetHints":{"allow":["GET"]}}],"collection":[{"href":"https:\/\/miradordeatarfe.es\/index.php?rest_route=\/wp\/v2\/posts"}],"about":[{"href":"https:\/\/miradordeatarfe.es\/index.php?rest_route=\/wp\/v2\/types\/post"}],"author":[{"embeddable":true,"href":"https:\/\/miradordeatarfe.es\/index.php?rest_route=\/wp\/v2\/users\/1"}],"replies":[{"embeddable":true,"href":"https:\/\/miradordeatarfe.es\/index.php?rest_route=%2Fwp%2Fv2%2Fcomments&post=38722"}],"version-history":[{"count":2,"href":"https:\/\/miradordeatarfe.es\/index.php?rest_route=\/wp\/v2\/posts\/38722\/revisions"}],"predecessor-version":[{"id":38768,"href":"https:\/\/miradordeatarfe.es\/index.php?rest_route=\/wp\/v2\/posts\/38722\/revisions\/38768"}],"wp:featuredmedia":[{"embeddable":true,"href":"https:\/\/miradordeatarfe.es\/index.php?rest_route=\/wp\/v2\/media\/38767"}],"wp:attachment":[{"href":"https:\/\/miradordeatarfe.es\/index.php?rest_route=%2Fwp%2Fv2%2Fmedia&parent=38722"}],"wp:term":[{"taxonomy":"category","embeddable":true,"href":"https:\/\/miradordeatarfe.es\/index.php?rest_route=%2Fwp%2Fv2%2Fcategories&post=38722"},{"taxonomy":"post_tag","embeddable":true,"href":"https:\/\/miradordeatarfe.es\/index.php?rest_route=%2Fwp%2Fv2%2Ftags&post=38722"}],"curies":[{"name":"wp","href":"https:\/\/api.w.org\/{rel}","templated":true}]}}