{"id":38751,"date":"2020-03-28T19:29:15","date_gmt":"2020-03-28T18:29:15","guid":{"rendered":"http:\/\/miradordeatarfe.es\/?p=38751"},"modified":"2021-05-21T19:47:10","modified_gmt":"2021-05-21T17:47:10","slug":"muere-de-coronavirus-la-madre-de-nuestra-colaboradora-reme-sanchez","status":"publish","type":"post","link":"https:\/\/miradordeatarfe.es\/?p=38751","title":{"rendered":"MUERE DE CORONAVIRUS LA MADRE DE NUESTRA COLABORADORA REME SANCHEZ"},"content":{"rendered":"<h3>Estas son las palabras que Reme ha escrito en facebook y que reproducimos en honor de su madre. Descanse en paz.<\/h3>\n<h4>Mi madre era la luz que alimentaba la ma\u00f1ana, la mujer discreta que segu\u00eda mis pasos con su preocupaci\u00f3n de lluvia y su aliento de rosal, de almendro y de romero. Amaba a sus hijos y a su marido por encima de todo y a nosotros nos dedic\u00f3 hasta el \u00faltimo esfuerzo. Anoche esta maldita enfermedad que es el coronavirus nos la rob\u00f3 a Fran y a m\u00ed. Y a mi padre que es un hombre inmenso. Lo que somos, lo alimentaron ellos desde un pueblo de Almer\u00eda, Albox, donde ellos quisieron que f<span class=\"text_exposed_show\">u\u00e9semos felices y que cumpli\u00e9semos nuestros sue\u00f1os. Lo consiguieron. Esta foto es del 19 de julio, nos \u00edbamos al Generalife porque nos hab\u00eda invitado Roc\u00edo D\u00edaz. Pocas veces pod\u00eda acompa\u00f1arme y yo estaba muy orgullosa de presentarla a todo el mundo. Y vino feliz y nos hicimos esta foto que es ahora mi refugio porque su voz no se escucha. Nada. Hoy no hace sol, ya no hace sol en mi casa. No veis que est\u00e1 nublado?<\/span><\/h4>\n<p><a href=\"https:\/\/i0.wp.com\/miradordeatarfe.es\/wp-content\/uploads\/2020\/03\/90655931_10218584071464944_2738181061543460864_n.jpg?ssl=1\"><img data-recalc-dims=\"1\" loading=\"lazy\" decoding=\"async\" class=\"wp-image-38752 size-full aligncenter\" src=\"https:\/\/i0.wp.com\/miradordeatarfe.es\/wp-content\/uploads\/2020\/03\/90655931_10218584071464944_2738181061543460864_n.jpg?resize=569%2C960&#038;ssl=1\" alt=\"\" width=\"569\" height=\"960\" srcset=\"https:\/\/i0.wp.com\/miradordeatarfe.es\/wp-content\/uploads\/2020\/03\/90655931_10218584071464944_2738181061543460864_n.jpg?w=569&amp;ssl=1 569w, https:\/\/i0.wp.com\/miradordeatarfe.es\/wp-content\/uploads\/2020\/03\/90655931_10218584071464944_2738181061543460864_n.jpg?resize=178%2C300&amp;ssl=1 178w\" sizes=\"auto, (max-width: 569px) 100vw, 569px\" \/><\/a><\/p>\n<h3>Rerpoducimos algunos comentarios de poetas y amigos:<\/h3>\n<div class=\"_6c7i\">\n<div class=\"_680y\">\n<div class=\"_6cuy\">\n<div>\n<div class=\" _6qw3\" data-ft=\"{&quot;tn&quot;:&quot;K&quot;}\">\n<div class=\"_72vr\"><a id=\"js_3n3\" class=\"_6qw4\" href=\"https:\/\/www.facebook.com\/gioconda.belli?comment_id=Y29tbWVudDoxMDIxODU4NDEyMTMwNjE5MF8xMDIxODYwMDY0MDgzOTE2OA%3D%3D\" data-hovercard=\"\/ajax\/hovercard\/user.php?id=708968960&amp;extragetparams={&quot;directed_target_id&quot;: &quot; &quot;}\" aria-describedby=\"u_5p_1\" aria-owns=\"\">Gioconda Belli<\/a> <span dir=\"ltr\"><span class=\"_3l3x\">Querida Remedios, me ha dado tanta pena esta noticia. Qu\u00e9 poco imagin\u00e1bamos que el mundo vivir\u00eda algo como esto y con estas penas tan grandes. Te mando un enorme abrazo. Tu dulzura te va a llevar adelante, como habr\u00eda querido tu mam\u00e1. Cuidate mucho. Desde Nicaragua te mando mucho amor.<\/span><\/span><\/div>\n<div>\n<div class=\"_6c7i\">\n<div class=\"_680y\">\n<div class=\"_6cuy\">\n<div>\n<div class=\" _6qw3\" data-ft=\"{&quot;tn&quot;:&quot;K&quot;}\">\n<div class=\"_72vr\"><a id=\"js_447\" class=\"_6qw4\" href=\"https:\/\/www.facebook.com\/joaquinalfredo.abrassantiago?comment_id=Y29tbWVudDoxMDIxODU4NDEyMTMwNjE5MF8xMDIxODYwNDgwODgyMzM2NQ%3D%3D\" data-hovercard=\"\/ajax\/hovercard\/user.php?id=100008304483469&amp;extragetparams={&quot;directed_target_id&quot;: &quot; &quot;}\" aria-describedby=\"u_61_1\" aria-owns=\"\">Joaqu\u00edn Alfredo Abras Santiago<\/a> <span dir=\"ltr\"><span class=\"_3l3x _1n4g\">Tu mam\u00e1 est\u00e1 en ti, querida amiga Remedios, no hay m\u00e1s que leerte para sentirla cerca. Lamento mucho la ausencia que te atenaza. Esa sensaci\u00f3n, lo sabemos todos los que hemos pasado por ah\u00ed, se ir\u00e1 diluyendo en el rumor del agua de las fuentes y su recuerdo, placentera y amable imagen, permanecer\u00e1 en tu memoria, como permanecen sus caricias, sus sonrisas y su apoyo incondicional y permanente. <br \/>\nTe env\u00edo un muy afectuoso abrazo, querida Remedios. Y ojal\u00e1 hubiera podido acompa\u00f1arte, no para mitigar tu dolor, que eso es imposible, al menos para estar a tu lado compartiendo el silencio y los recuerdos. <br \/>\nEsta maldita soledad a la que nos han condenado!!! <br \/>\nRecibe un muy fuerte abrazo, lleno de afectuosa amistad.<\/span><\/span><\/div>\n<div>\n<div class=\"_6c7i\">\n<div class=\"_680y\">\n<div class=\"_6cuy\">\n<div>\n<div class=\" _6qw3\" data-ft=\"{&quot;tn&quot;:&quot;K&quot;}\">\n<div class=\"_72vr\"><a class=\"_6qw4\" href=\"https:\/\/www.facebook.com\/luis.delarosafernande?comment_id=Y29tbWVudDoxMDIxODU4NDEyMTMwNjE5MF8xMDIxODYwNTAyNTk4ODc5NA%3D%3D\" data-hovercard=\"\/ajax\/hovercard\/user.php?id=100012936733952&amp;extragetparams={&quot;directed_target_id&quot;: &quot; &quot;}\">Luis De La Rosa Fern\u00e1ndez<\/a> <span dir=\"ltr\"><span class=\"_3l3x\">Con el dolor que siento en mis carnes desgarradas, comprendo perfectamente el dolor que en estos momentos t\u00fa sientes.<br \/>\nUn abrazo.<\/span><\/span><\/div>\n<\/div>\n<\/div>\n<\/div>\n<\/div>\n<\/div>\n<\/div>\n<\/div>\n<\/div>\n<\/div>\n<\/div>\n<\/div>\n<\/div>\n<div>\n<div class=\"_6c7i\">\n<div class=\"_680y\">\n<div class=\"_6cuy\">\n<div>\n<div class=\" _6qw3\" data-ft=\"{&quot;tn&quot;:&quot;K&quot;}\">\n<div class=\"_72vr\"><a id=\"js_4rx\" class=\"_6qw4\" href=\"https:\/\/www.facebook.com\/inmaculada.hernandezrodriguez.7?comment_id=Y29tbWVudDoxMDIxODU4NDEyMTMwNjE5MF8xMDIxODYwNTQ4NDcyMDI2Mg%3D%3D\" data-hovercard=\"\/ajax\/hovercard\/user.php?id=1316120074&amp;extragetparams={&quot;directed_target_id&quot;: &quot; &quot;}\" aria-describedby=\"u_6h_1\" aria-owns=\"\">Inmaculada Hern\u00e1ndez Rodr\u00edguez<\/a> <span dir=\"ltr\"><span class=\"_3l3x\">Exquisita, hasta en los momentos m\u00e1s tristes de una persona: La muerte de mam\u00e1.<br \/>\nRemedios, no te puedes imaginar la tristeza que me invade&#8230; Lo siento mucho. Much\u00edsimo. <br \/>\nA tu disposici\u00f3n siempre.<\/span><\/span><\/div>\n<div>\n<div class=\"_6c7i\">\n<div class=\"_680y\">\n<div class=\"_6cuy\">\n<div>\n<div class=\" _6qw3\" data-ft=\"{&quot;tn&quot;:&quot;K&quot;}\">\n<div class=\"_72vr\"><a class=\"_6qw4\" href=\"https:\/\/www.facebook.com\/aurora.gamezenriquez?comment_id=Y29tbWVudDoxMDIxODU4NDEyMTMwNjE5MF8xMDIxODU5NzU3MDg4MjQyMQ%3D%3D\" data-hovercard=\"\/ajax\/hovercard\/user.php?id=100000443154695&amp;extragetparams={&quot;directed_target_id&quot;: &quot; &quot;}\">Aurora G\u00e1mez Enr\u00edquez<\/a> <span dir=\"ltr\"><span class=\"_3l3x\">Querida Reme, siento mucho el fallecimiento de tu madre. Que tristeza. Ya descansa en paz y se queda para siempre en los corazones que la han amado. Mi m\u00e1s sentido p\u00e9same, querida amiga. Un abrazo inmenso.<\/span><\/span><\/div>\n<div>\n<div class=\"_6c7i\">\n<div class=\"_680y\">\n<div class=\"_6cuy\">\n<div>\n<div class=\" _6qw3\" data-ft=\"{&quot;tn&quot;:&quot;K&quot;}\">\n<div class=\"_72vr\"><a class=\"_6qw4\" href=\"https:\/\/www.facebook.com\/paco.beltransanchez.5?comment_id=Y29tbWVudDoxMDIxODU4NDEyMTMwNjE5MF8xMDIxODU5ODE3MDQxNzQwOQ%3D%3D\" data-hovercard=\"\/ajax\/hovercard\/user.php?id=100001384250419&amp;extragetparams={&quot;directed_target_id&quot;: &quot; &quot;}\">Paco Beltr\u00e1n S\u00e1nchez<\/a> <span dir=\"ltr\"><span class=\"_3l3x\">Reme te acompa\u00f1o a ti y a tu familia en esta p\u00e9rdida irreparable. \u00c1nimo su voz est\u00e1 en t\u00ed en ese camino que sigues haciendo y que parti\u00f3 de su nano y sus pasos paralelos. Ahora t\u00fa eres lluvia para mucha gente y eso es m\u00e9rito tuyo y de lo que ella y tu padre te ense\u00f1aron &#8230; Un fuerte abrazo y sigue el camino a pesar del dolor&#8230;<\/span><\/span><\/div>\n<div><a class=\"_6qw4\" href=\"https:\/\/www.facebook.com\/ricardo.bellveser?comment_id=Y29tbWVudDoxMDIxODU4NDEyMTMwNjE5MF8xMDIxODYwNjA1Mzg1NDQ5MA%3D%3D\" data-hovercard=\"\/ajax\/hovercard\/user.php?id=1381772228&amp;extragetparams={&quot;directed_target_id&quot;: &quot; &quot;}\">Ricardo Bellveser<\/a> <span dir=\"ltr\"><span class=\"_3l3x\">Reme. Te hago llegar un sincer\u00edsimo abrazo, no s\u00e9 si de consuelo, pero desde luego de amistad y de afecto. Despedir a los padres no es f\u00e1cil, porque los padres, debes saberlo, siempre est\u00e1n ah\u00ed. como un maravilloso fantasma cuya presencia crece con el tiempo. Valga la amistad que te hago llega<\/span><\/span><\/div>\n<div>\n<div class=\"_6c7i\">\n<div class=\"_680y\">\n<div class=\"_6cuy\">\n<div>\n<div class=\" _6qw3\" data-ft=\"{&quot;tn&quot;:&quot;K&quot;}\">\n<div class=\"_72vr\"><a class=\"_6qw4\" href=\"https:\/\/www.facebook.com\/mariasandra.garciamartin?comment_id=Y29tbWVudDoxMDIxODU4NDEyMTMwNjE5MF8xMDIxODYwOTM0MTQ5NjY3OQ%3D%3D\" data-hovercard=\"\/ajax\/hovercard\/user.php?id=100001573790411&amp;extragetparams={&quot;directed_target_id&quot;: &quot; &quot;}\">Maria Sandra Garcia Mart\u00edn<\/a> <span dir=\"ltr\"><span class=\"_3l3x\">Lo siento much\u00edsimo <a class=\"\" href=\"https:\/\/www.facebook.com\/remedios.sanchez?hc_location=ufi\" data-hovercard=\"\/ajax\/hovercard\/user.php?id=1591386328\">Remedios S\u00e1nchez<\/a><br \/>\nUn abrazo muy fuerte!!!!<\/span><\/span><\/div>\n<div>\u00a0<\/div>\n<\/div>\n<\/div>\n<\/div>\n<\/div>\n<\/div>\n<\/div>\n<\/div>\n<\/div>\n<\/div>\n<\/div>\n<\/div>\n<\/div>\n<\/div>\n<\/div>\n<\/div>\n<\/div>\n<\/div>\n<\/div>\n<\/div>\n<\/div>\n<\/div>\n<\/div>\n<\/div>\n<\/div>\n<\/div>\n<\/div>\n<\/div>\n<\/div>\n<\/div>\n","protected":false},"excerpt":{"rendered":"<p>Estas son las palabras que Reme ha escrito en facebook y que reproducimos en honor&#8230;<\/p>\n","protected":false},"author":1,"featured_media":38753,"comment_status":"closed","ping_status":"closed","sticky":false,"template":"","format":"standard","meta":{"_coblocks_attr":"","_coblocks_dimensions":"","_coblocks_responsive_height":"","_coblocks_accordion_ie_support":"","jetpack_post_was_ever_published":false,"_jetpack_newsletter_access":"","_jetpack_dont_email_post_to_subs":false,"_jetpack_newsletter_tier_id":0,"_jetpack_memberships_contains_paywalled_content":false,"_jetpack_memberships_contains_paid_content":false,"footnotes":"","jetpack_publicize_message":"","jetpack_publicize_feature_enabled":true,"jetpack_social_post_already_shared":false,"jetpack_social_options":{"image_generator_settings":{"template":"highway","default_image_id":0,"enabled":false},"version":2}},"categories":[1161,7149,44,6914,6937,15],"tags":[7021,1070,7188],"class_list":["post-38751","post","type-post","status-publish","format-standard","has-post-thumbnail","hentry","category-ciudadania","category-coronavirus","category-noticias-de-hoy","category-opinion-de-reme-sanchez","category-sociedad","category-ultimas-noticias","tag-coronavirus","tag-mirador-de-atarfe","tag-reme-sanchez"],"jetpack_publicize_connections":[],"jetpack_featured_media_url":"https:\/\/i0.wp.com\/miradordeatarfe.es\/wp-content\/uploads\/2020\/03\/1546385_10205530546894988_5386247959705213549_n.jpg?fit=701%2C701&ssl=1","jetpack_likes_enabled":true,"jetpack_sharing_enabled":true,"_links":{"self":[{"href":"https:\/\/miradordeatarfe.es\/index.php?rest_route=\/wp\/v2\/posts\/38751","targetHints":{"allow":["GET"]}}],"collection":[{"href":"https:\/\/miradordeatarfe.es\/index.php?rest_route=\/wp\/v2\/posts"}],"about":[{"href":"https:\/\/miradordeatarfe.es\/index.php?rest_route=\/wp\/v2\/types\/post"}],"author":[{"embeddable":true,"href":"https:\/\/miradordeatarfe.es\/index.php?rest_route=\/wp\/v2\/users\/1"}],"replies":[{"embeddable":true,"href":"https:\/\/miradordeatarfe.es\/index.php?rest_route=%2Fwp%2Fv2%2Fcomments&post=38751"}],"version-history":[{"count":1,"href":"https:\/\/miradordeatarfe.es\/index.php?rest_route=\/wp\/v2\/posts\/38751\/revisions"}],"predecessor-version":[{"id":38754,"href":"https:\/\/miradordeatarfe.es\/index.php?rest_route=\/wp\/v2\/posts\/38751\/revisions\/38754"}],"wp:featuredmedia":[{"embeddable":true,"href":"https:\/\/miradordeatarfe.es\/index.php?rest_route=\/wp\/v2\/media\/38753"}],"wp:attachment":[{"href":"https:\/\/miradordeatarfe.es\/index.php?rest_route=%2Fwp%2Fv2%2Fmedia&parent=38751"}],"wp:term":[{"taxonomy":"category","embeddable":true,"href":"https:\/\/miradordeatarfe.es\/index.php?rest_route=%2Fwp%2Fv2%2Fcategories&post=38751"},{"taxonomy":"post_tag","embeddable":true,"href":"https:\/\/miradordeatarfe.es\/index.php?rest_route=%2Fwp%2Fv2%2Ftags&post=38751"}],"curies":[{"name":"wp","href":"https:\/\/api.w.org\/{rel}","templated":true}]}}