{"id":38757,"date":"2020-03-29T11:37:23","date_gmt":"2020-03-29T09:37:23","guid":{"rendered":"http:\/\/miradordeatarfe.es\/?p=38757"},"modified":"2020-03-29T11:47:46","modified_gmt":"2020-03-29T09:47:46","slug":"el-ceip-atatlaya-de-atarfe-os-echa-de-menos","status":"publish","type":"post","link":"https:\/\/miradordeatarfe.es\/?p=38757","title":{"rendered":"EL CEIP ATALAYA DE ATARFE OS ECHA DE MENOS"},"content":{"rendered":"<p>VIDEO QUE EL CEIP ATALAYA EST\u00c1 ENVIANDO A SUS ALUMNADO Y FAMILIAS CON MOTIVO DEL CORONAVIRUS<\/p>\n<p><a href=\"https:\/\/www.youtube.com\/watch?v=wAWl-6v5NWU&#038;feature=emb_logo\">https:\/\/www.youtube.com\/watch?v=wAWl-6v5NWU&amp;feature=emb_logo<\/a><\/p>\n<p>EN ESTA EPOCA DE EDUCACION A DISTANCIA BUENOES RECIBIR VIDEOS COMO ESTE QUE HACEN QUE EL ALUMNADO SE SIENTA CERCA DE SU MAESTRO.<\/p>\n<p>GRACIAS CEIP ATALAYA POR VUESTRA IMNICIATIVA<\/p>\n<p>El mundo enfrenta una crisis de aprendizaje. En muchos pa\u00edses del mundo en desarrollo, los aprendizajes son insuficientes, las oportunidades de aprendizaje son desiguales, y el progreso es todav\u00eda muy lento. \u00bfQu\u00e9 se necesita? Que los estudiantes lleguen a la escuela habiendo tenido una nutrici\u00f3n y un est\u00edmulo adecuado durante los primeros a\u00f1os de vida; escuelas bien administradas que generen un entorno conducente al aprendizaje; insumos adecuados para que esas escuelas operen de manera efectiva; y, lo m\u00e1s importante, maestros motivados y bien preparados.<\/p>\n<p>Y es que hoy, en el siglo XXI, con la revoluci\u00f3n de las comunicaciones y la tecnolog\u00eda, el elemento esencial <strong>para lograr un aprendizaje efectivo en el aula sigue siendo el maestro<\/strong>. Como se discute en e informe, la tecnolog\u00eda puede facilitar el proceso de aprendizaje, ayudando, por ejemplo, a que en el aula estudiantes con distintos niveles de competencia tengan el est\u00edmulo que necesitan para avanzar. Pero esto simplemente complementa a un maestro que debe de saber utilizar la tecnolog\u00eda.<\/p>\n<p>&nbsp;<\/p>\n<p>&nbsp;<\/p>\n<p>&nbsp;<\/p>\n","protected":false},"excerpt":{"rendered":"<p>VIDEO QUE EL CEIP ATALAYA EST\u00c1 ENVIANDO A SUS ALUMNADO Y FAMILIAS CON MOTIVO DEL&#8230;<\/p>\n","protected":false},"author":1,"featured_media":38762,"comment_status":"closed","ping_status":"closed","sticky":false,"template":"","format":"standard","meta":{"_coblocks_attr":"","_coblocks_dimensions":"","_coblocks_responsive_height":"","_coblocks_accordion_ie_support":"","jetpack_post_was_ever_published":false,"_jetpack_newsletter_access":"","_jetpack_dont_email_post_to_subs":false,"_jetpack_newsletter_tier_id":0,"_jetpack_memberships_contains_paywalled_content":false,"_jetpack_memberships_contains_paid_content":false,"footnotes":"","jetpack_publicize_message":"","jetpack_publicize_feature_enabled":true,"jetpack_social_post_already_shared":false,"jetpack_social_options":{"image_generator_settings":{"template":"highway","default_image_id":0,"enabled":false},"version":2}},"categories":[2,187,44,6920,15],"tags":[830,7189,882],"class_list":["post-38757","post","type-post","status-publish","format-standard","has-post-thumbnail","hentry","category-atarfe","category-centros-educativos","category-noticias-de-hoy","category-tecnologia","category-ultimas-noticias","tag-ceip-atalaya","tag-educacion-tecnologica","tag-maestros"],"jetpack_publicize_connections":[],"jetpack_featured_media_url":"https:\/\/i0.wp.com\/miradordeatarfe.es\/wp-content\/uploads\/2020\/03\/cole_medi.jpg?fit=649%2C349&ssl=1","jetpack_likes_enabled":true,"jetpack_sharing_enabled":true,"_links":{"self":[{"href":"https:\/\/miradordeatarfe.es\/index.php?rest_route=\/wp\/v2\/posts\/38757","targetHints":{"allow":["GET"]}}],"collection":[{"href":"https:\/\/miradordeatarfe.es\/index.php?rest_route=\/wp\/v2\/posts"}],"about":[{"href":"https:\/\/miradordeatarfe.es\/index.php?rest_route=\/wp\/v2\/types\/post"}],"author":[{"embeddable":true,"href":"https:\/\/miradordeatarfe.es\/index.php?rest_route=\/wp\/v2\/users\/1"}],"replies":[{"embeddable":true,"href":"https:\/\/miradordeatarfe.es\/index.php?rest_route=%2Fwp%2Fv2%2Fcomments&post=38757"}],"version-history":[{"count":5,"href":"https:\/\/miradordeatarfe.es\/index.php?rest_route=\/wp\/v2\/posts\/38757\/revisions"}],"predecessor-version":[{"id":38769,"href":"https:\/\/miradordeatarfe.es\/index.php?rest_route=\/wp\/v2\/posts\/38757\/revisions\/38769"}],"wp:featuredmedia":[{"embeddable":true,"href":"https:\/\/miradordeatarfe.es\/index.php?rest_route=\/wp\/v2\/media\/38762"}],"wp:attachment":[{"href":"https:\/\/miradordeatarfe.es\/index.php?rest_route=%2Fwp%2Fv2%2Fmedia&parent=38757"}],"wp:term":[{"taxonomy":"category","embeddable":true,"href":"https:\/\/miradordeatarfe.es\/index.php?rest_route=%2Fwp%2Fv2%2Fcategories&post=38757"},{"taxonomy":"post_tag","embeddable":true,"href":"https:\/\/miradordeatarfe.es\/index.php?rest_route=%2Fwp%2Fv2%2Ftags&post=38757"}],"curies":[{"name":"wp","href":"https:\/\/api.w.org\/{rel}","templated":true}]}}