{"id":38777,"date":"2020-03-31T09:40:44","date_gmt":"2020-03-31T07:40:44","guid":{"rendered":"http:\/\/miradordeatarfe.es\/?p=38777"},"modified":"2020-03-29T20:17:14","modified_gmt":"2020-03-29T18:17:14","slug":"guia-para-trabajadores-que-derechos-tengo-si-mi-empresa-aplica-un-erte-cuanto-cobro","status":"publish","type":"post","link":"https:\/\/miradordeatarfe.es\/?p=38777","title":{"rendered":"Gu\u00eda para trabajadores: \u00bfqu\u00e9 derechos tengo si mi empresa aplica un ERTE? \u00bfcu\u00e1nto cobro?"},"content":{"rendered":"<div id=\"articulo-titulares\" class=\"articulo-titulares\">\n<div class=\"articulo-subtitulos\">\n<h2 class=\"articulo-subtitulo\" style=\"text-align: justify;\">Existen muchas dudas sobre si cotizan durante la suspensi\u00f3n de contratos, qu\u00e9 compensaci\u00f3n reciben o si les afecta si est\u00e1n de baja<\/h2>\n<\/div>\n<\/div>\n<div id=\"articulo__contenedor\" class=\"articulo__contenedor\">\n<div id=\"cuerpo_noticia\" class=\"articulo-cuerpo\">\n<p style=\"text-align: justify;\">El conocido como expediente de regulaci\u00f3n temporal de empleo (ERTE) se ha convertido en el bote salvavidas de miles de empresas afectadas por el par\u00f3n econ\u00f3mico provocado por el coronavirus. Estos reajustes temporales de plantilla, bien a trav\u00e9s de la suspensi\u00f3n de los contratos, bien mediante la reducci\u00f3n de jornada, son la opci\u00f3n que, para evitar despidos, ha priorizado el Ejecutivo de S\u00e1nchez. Para ello, aprob\u00f3 una serie de disposiciones en el Real Decreto ley 8\/2020, de 17 de marzo, de medidas urgentes extraordinarias para hacer frente al impacto econ\u00f3mico y social del COVID-19. Se trataba, principalmente, de agilizar el proceso de los expedientes (que se consideran justificados por una fuerza mayor), al tiempo que se garantizaban los derechos de los trabajadores.<\/p>\n<p style=\"text-align: justify;\">La avalancha de solicitudes presentadas desde el pasado 18 de marzo, d\u00eda en que entr\u00f3 en vigor la norma, ha afectado ya a miles de trabajadores que han visto como, en unos pocos d\u00edas, han pasado de estar en activo a estar, temporalmente, en paro. Por otro lado, a\u00fan no es posible hacer un c\u00e1lculo certero de la cantidad de empresas que terminar\u00e1n acogi\u00e9ndose a estos ERTEs por coronavirus. Lo cierto es que esta situaci\u00f3n ha generado multitud de dudas legales a trabajadores y compa\u00f1\u00edas. Los expertos laboralistas del despacho Lean han resuelto alguna de las preguntas m\u00e1s habituales<\/p>\n<p style=\"text-align: justify;\"><strong>\u00bfQu\u00e9 significa que me apliquen un ERTE de suspensi\u00f3n?<\/strong><\/p>\n<p style=\"text-align: justify;\">Significa que, durante el tiempo que se mantenga la situaci\u00f3n extraordinaria derivada del COVID-19, el trabajador no tiene que ir a trabajar y el empresario no tiene que abonarle su salario. No significa, explican en el documento elaborado por el despacho, que se haya despedido al trabajador. Es decir, el contrato laboral no se ha extinguido, solo queda en suspenso.<\/p>\n<div class=\"firma \" style=\"text-align: justify;\">\n<div class=\"autor\">\n<div class=\"autor-texto\"><span class=\"autor-nombre\"><a title=\"Ver todas las noticias de Patricia Esteban\" href=\"https:\/\/cincodias.elpais.com\/autor\/patricia_esteban_lopez\/a\/\">Patricia Esteban <\/a> <\/span><\/div>\n<\/div>\n<\/div>\n<figure class=\"foto derecha foto_w980\" style=\"text-align: justify;\"><figcaption class=\"foto-pie\"><span class=\"foto-texto\">FOTO: El grupo PSA plantea un ERTE para f\u00e1bricas de Espa\u00f1a y Portugal por el Covid-19.<\/span> <span class=\"foto-firma\"> <span class=\"foto-agencia\">EFE<br \/>\nhttps:\/\/cincodias.elpais.com\/cincodias\/2020\/03\/23\/legal\/1584989658_042490.html<br \/>\n<\/span><\/span><\/figcaption><\/figure>\n<aside id=\"compartir_superior\" class=\"compartir\">\n<div class=\"compartir__interior\">\n<div id=\"compartir_social_superior\" class=\"compartir-social\">\u00a0<\/div>\n<\/div>\n<\/aside>\n<\/div>\n<\/div>\n","protected":false},"excerpt":{"rendered":"<p>Existen muchas dudas sobre si cotizan durante la suspensi\u00f3n de contratos, qu\u00e9 compensaci\u00f3n reciben o&#8230;<\/p>\n","protected":false},"author":1,"featured_media":38778,"comment_status":"closed","ping_status":"closed","sticky":false,"template":"","format":"standard","meta":{"_coblocks_attr":"","_coblocks_dimensions":"","_coblocks_responsive_height":"","_coblocks_accordion_ie_support":"","jetpack_post_was_ever_published":false,"_jetpack_newsletter_access":"","_jetpack_dont_email_post_to_subs":false,"_jetpack_newsletter_tier_id":0,"_jetpack_memberships_contains_paywalled_content":false,"_jetpack_memberships_contains_paid_content":false,"footnotes":"","jetpack_publicize_message":"","jetpack_publicize_feature_enabled":true,"jetpack_social_post_already_shared":false,"jetpack_social_options":{"image_generator_settings":{"template":"highway","default_image_id":0,"enabled":false},"version":2}},"categories":[1161,7149,44,6937,15],"tags":[7191,559],"class_list":["post-38777","post","type-post","status-publish","format-standard","has-post-thumbnail","hentry","category-ciudadania","category-coronavirus","category-noticias-de-hoy","category-sociedad","category-ultimas-noticias","tag-erte","tag-trabajadores"],"jetpack_publicize_connections":[],"jetpack_featured_media_url":"https:\/\/i0.wp.com\/miradordeatarfe.es\/wp-content\/uploads\/2020\/03\/1584989658_042490_1585146012_noticia_normal_recorte1.jpg?fit=1960%2C1029&ssl=1","jetpack_likes_enabled":true,"jetpack_sharing_enabled":true,"_links":{"self":[{"href":"https:\/\/miradordeatarfe.es\/index.php?rest_route=\/wp\/v2\/posts\/38777","targetHints":{"allow":["GET"]}}],"collection":[{"href":"https:\/\/miradordeatarfe.es\/index.php?rest_route=\/wp\/v2\/posts"}],"about":[{"href":"https:\/\/miradordeatarfe.es\/index.php?rest_route=\/wp\/v2\/types\/post"}],"author":[{"embeddable":true,"href":"https:\/\/miradordeatarfe.es\/index.php?rest_route=\/wp\/v2\/users\/1"}],"replies":[{"embeddable":true,"href":"https:\/\/miradordeatarfe.es\/index.php?rest_route=%2Fwp%2Fv2%2Fcomments&post=38777"}],"version-history":[{"count":2,"href":"https:\/\/miradordeatarfe.es\/index.php?rest_route=\/wp\/v2\/posts\/38777\/revisions"}],"predecessor-version":[{"id":38780,"href":"https:\/\/miradordeatarfe.es\/index.php?rest_route=\/wp\/v2\/posts\/38777\/revisions\/38780"}],"wp:featuredmedia":[{"embeddable":true,"href":"https:\/\/miradordeatarfe.es\/index.php?rest_route=\/wp\/v2\/media\/38778"}],"wp:attachment":[{"href":"https:\/\/miradordeatarfe.es\/index.php?rest_route=%2Fwp%2Fv2%2Fmedia&parent=38777"}],"wp:term":[{"taxonomy":"category","embeddable":true,"href":"https:\/\/miradordeatarfe.es\/index.php?rest_route=%2Fwp%2Fv2%2Fcategories&post=38777"},{"taxonomy":"post_tag","embeddable":true,"href":"https:\/\/miradordeatarfe.es\/index.php?rest_route=%2Fwp%2Fv2%2Ftags&post=38777"}],"curies":[{"name":"wp","href":"https:\/\/api.w.org\/{rel}","templated":true}]}}