{"id":38785,"date":"2020-03-30T17:49:22","date_gmt":"2020-03-30T15:49:22","guid":{"rendered":"http:\/\/miradordeatarfe.es\/?p=38785"},"modified":"2020-03-30T12:52:00","modified_gmt":"2020-03-30T10:52:00","slug":"gracias-a-ls-profesionales-que-estan-haciendo-posible-la-atencion-a-personas-con-necesidades-alimentarias","status":"publish","type":"post","link":"https:\/\/miradordeatarfe.es\/?p=38785","title":{"rendered":"GRACIAS A L@S PROFESIONALES QUE EST\u00c1N HACIENDO POSIBLE LA ATENCI\u00d3N A PERSONAS CON NECESIDADES ALIMENTARIAS"},"content":{"rendered":"<p>L@s T\u00e9cnic@s de los Servicios Sociales del Ayuntamiento de Atarfe coordinan el Protocolo de Atenci\u00f3n a Personas con Necesidades Alimentarias. Estos d\u00edas estamos asistiendo a las familias que se encuentran en esta situaci\u00f3n y se ha procedido a hacer la evaluaci\u00f3n de los nuevos casos. Nuestro reconocimiento por el esfuerzo extra realizado para que no haya ninguna familia s<span class=\"text_exposed_show\">in atender.<\/span><\/p>\n<div class=\"text_exposed_show\">\n<p>Queremos dar las gracias por las numerosas muestras y mensajes de Apoyo que hemos recibido. Creemos firmemente que una gran sociedad s\u00f3lo puede construirse se existe un Estado del Bienestar que pueda ayudar y proteger a las personas cuando las circunstancias lo requieren. El Ayuntamiento de Atarfe est\u00e1 reflejando la generosidad que los Atarfe\u00f1os y Atarfe\u00f1as muestran de manera colectiva en esta situaci\u00f3n de Crisis Sanitaria.<\/p>\n<p>No podemos dejar de agradecer a Protecci\u00f3n Civil de Atarfe la gran labor que est\u00e1n realizando en la atenci\u00f3n a estas familias, estableciendo los mecanismos para garantizar el reparto de alimentos dentro de las m\u00e1ximas garant\u00edas de seguridad ante posibles contagios.<\/p>\n<p><span id=\"fbPhotoSnowliftCaption\" class=\"fbPhotosPhotoCaption\" tabindex=\"0\" aria-live=\"polite\" data-ft=\"{&quot;tn&quot;:&quot;K&quot;}\"><span class=\"hasCaption\">Queremos trasladar nuestro m\u00e1s sincero Agradecimiento, as\u00ed como el de l@s miembros de Protecci\u00f3n Civil, Polic\u00eda Local, Auxiliares de Ayuda a Domicilio y dem\u00e1s trabajadores municipales por la infinidad de muestras y gestos de cari\u00f1o que estamos recibiendo estos d\u00edas. <\/p>\n<p>Nos sentimos orgullos@s de nuestro Pueblo y de su gente por el ejemplo de compromiso y responsabilidad colectiva qu<span class=\"text_exposed_show\">e est\u00e1is mostrando en estos momentos tan dif\u00edciles. Entre tod@s vamos a ganar la Guerra al Coronavirus.<\/span><\/span><\/span><\/p>\n<p><a href=\"https:\/\/i0.wp.com\/miradordeatarfe.es\/wp-content\/uploads\/2020\/03\/91482360_2971912366205947_7354695065593184256_o.jpg?ssl=1\"><img data-recalc-dims=\"1\" loading=\"lazy\" decoding=\"async\" class=\"alignnone wp-image-38786 size-full\" src=\"https:\/\/i0.wp.com\/miradordeatarfe.es\/wp-content\/uploads\/2020\/03\/91482360_2971912366205947_7354695065593184256_o.jpg?resize=640%2C427&#038;ssl=1\" alt=\"\" width=\"640\" height=\"427\" srcset=\"https:\/\/i0.wp.com\/miradordeatarfe.es\/wp-content\/uploads\/2020\/03\/91482360_2971912366205947_7354695065593184256_o.jpg?w=960&amp;ssl=1 960w, https:\/\/i0.wp.com\/miradordeatarfe.es\/wp-content\/uploads\/2020\/03\/91482360_2971912366205947_7354695065593184256_o.jpg?resize=300%2C200&amp;ssl=1 300w, https:\/\/i0.wp.com\/miradordeatarfe.es\/wp-content\/uploads\/2020\/03\/91482360_2971912366205947_7354695065593184256_o.jpg?resize=768%2C512&amp;ssl=1 768w, https:\/\/i0.wp.com\/miradordeatarfe.es\/wp-content\/uploads\/2020\/03\/91482360_2971912366205947_7354695065593184256_o.jpg?resize=600%2C400&amp;ssl=1 600w\" sizes=\"auto, (max-width: 640px) 100vw, 640px\" \/><\/a><\/p>\n<p><a class=\"_58cn\" href=\"https:\/\/www.facebook.com\/hashtag\/atarfetenecesita?source=feed_text&amp;epa=HASHTAG&amp;__xts__%5B0%5D=68.ARCv2r0N8L2eQIseGL-hGf6ksRXzd-D2Ng_SsJS4RFsXRm-aXXPoRGpurPQcmBzLU7dd35LpLV24UTLBXofWefhCjGoNxi5QjpzvM0j_QE9NmGvVC2LBnLLXlPR1DsWholnQd226gEM4qc0L0KAkFq_6JyZVpPY6DTWPSFnDVRBR8YO4b2sWqjfHRgsGwyDOqcFb0xZkPMz5hXliMWbVV6rUSq7T1u7Smv-B4IPrYE6MGKDIfPQ_NDtTtLaI_xKU2xlz7rQJxPbiwp4RGAa-yMY6TmhviXphxdGzER35t5GSWEc5tiBI6vW0Klk9xJKIFAtTg5QAo_09os_Myz_Z34ul7g&amp;__tn__=%2ANK-R\" data-ft=\"{&quot;type&quot;:104,&quot;tn&quot;:&quot;*N&quot;}\"><span class=\"_5afx\"><span class=\"_58cl _5afz\" aria-label=\"hashtag\">#<\/span><span class=\"_58cm\">AtarfeTeNecesita<\/span><\/span><\/a><br \/>\n<a class=\"_58cn\" href=\"https:\/\/www.facebook.com\/hashtag\/atarfesequedaencasa?source=feed_text&amp;epa=HASHTAG&amp;__xts__%5B0%5D=68.ARCv2r0N8L2eQIseGL-hGf6ksRXzd-D2Ng_SsJS4RFsXRm-aXXPoRGpurPQcmBzLU7dd35LpLV24UTLBXofWefhCjGoNxi5QjpzvM0j_QE9NmGvVC2LBnLLXlPR1DsWholnQd226gEM4qc0L0KAkFq_6JyZVpPY6DTWPSFnDVRBR8YO4b2sWqjfHRgsGwyDOqcFb0xZkPMz5hXliMWbVV6rUSq7T1u7Smv-B4IPrYE6MGKDIfPQ_NDtTtLaI_xKU2xlz7rQJxPbiwp4RGAa-yMY6TmhviXphxdGzER35t5GSWEc5tiBI6vW0Klk9xJKIFAtTg5QAo_09os_Myz_Z34ul7g&amp;__tn__=%2ANK-R\" data-ft=\"{&quot;type&quot;:104,&quot;tn&quot;:&quot;*N&quot;}\"><span class=\"_5afx\"><span class=\"_58cl _5afz\" aria-label=\"hashtag\">#<\/span><span class=\"_58cm\">AtarfeSeQuedaEnCasa<\/span><\/span><\/a><br \/>\n<a class=\"_58cn\" href=\"https:\/\/www.facebook.com\/hashtag\/todovaasalirbien?source=feed_text&amp;epa=HASHTAG&amp;__xts__%5B0%5D=68.ARCv2r0N8L2eQIseGL-hGf6ksRXzd-D2Ng_SsJS4RFsXRm-aXXPoRGpurPQcmBzLU7dd35LpLV24UTLBXofWefhCjGoNxi5QjpzvM0j_QE9NmGvVC2LBnLLXlPR1DsWholnQd226gEM4qc0L0KAkFq_6JyZVpPY6DTWPSFnDVRBR8YO4b2sWqjfHRgsGwyDOqcFb0xZkPMz5hXliMWbVV6rUSq7T1u7Smv-B4IPrYE6MGKDIfPQ_NDtTtLaI_xKU2xlz7rQJxPbiwp4RGAa-yMY6TmhviXphxdGzER35t5GSWEc5tiBI6vW0Klk9xJKIFAtTg5QAo_09os_Myz_Z34ul7g&amp;__tn__=%2ANK-R\" data-ft=\"{&quot;type&quot;:104,&quot;tn&quot;:&quot;*N&quot;}\"><span class=\"_5afx\"><span class=\"_58cl _5afz\" aria-label=\"hashtag\">#<\/span><span class=\"_58cm\">TodoVaASalirBien<\/span><\/span><\/a><\/p>\n<\/div>\n","protected":false},"excerpt":{"rendered":"<p>L@s T\u00e9cnic@s de los Servicios Sociales del Ayuntamiento de Atarfe coordinan el Protocolo de Atenci\u00f3n&#8230;<\/p>\n","protected":false},"author":1,"featured_media":38787,"comment_status":"closed","ping_status":"closed","sticky":false,"template":"","format":"standard","meta":{"_coblocks_attr":"","_coblocks_dimensions":"","_coblocks_responsive_height":"","_coblocks_accordion_ie_support":"","jetpack_post_was_ever_published":false,"_jetpack_newsletter_access":"","_jetpack_dont_email_post_to_subs":false,"_jetpack_newsletter_tier_id":0,"_jetpack_memberships_contains_paywalled_content":false,"_jetpack_memberships_contains_paid_content":false,"footnotes":"","jetpack_publicize_message":"","jetpack_publicize_feature_enabled":true,"jetpack_social_post_already_shared":false,"jetpack_social_options":{"image_generator_settings":{"template":"highway","default_image_id":0,"enabled":false},"version":2}},"categories":[1],"tags":[5524,1813],"class_list":["post-38785","post","type-post","status-publish","format-standard","has-post-thumbnail","hentry","category-uncategorized","tag-proteccion-civil","tag-servicios-sociales"],"jetpack_publicize_connections":[],"jetpack_featured_media_url":"https:\/\/i0.wp.com\/miradordeatarfe.es\/wp-content\/uploads\/2020\/03\/90674240_2965989193464931_2318049731470688256_o.jpg?fit=960%2C640&ssl=1","jetpack_likes_enabled":true,"jetpack_sharing_enabled":true,"_links":{"self":[{"href":"https:\/\/miradordeatarfe.es\/index.php?rest_route=\/wp\/v2\/posts\/38785","targetHints":{"allow":["GET"]}}],"collection":[{"href":"https:\/\/miradordeatarfe.es\/index.php?rest_route=\/wp\/v2\/posts"}],"about":[{"href":"https:\/\/miradordeatarfe.es\/index.php?rest_route=\/wp\/v2\/types\/post"}],"author":[{"embeddable":true,"href":"https:\/\/miradordeatarfe.es\/index.php?rest_route=\/wp\/v2\/users\/1"}],"replies":[{"embeddable":true,"href":"https:\/\/miradordeatarfe.es\/index.php?rest_route=%2Fwp%2Fv2%2Fcomments&post=38785"}],"version-history":[{"count":1,"href":"https:\/\/miradordeatarfe.es\/index.php?rest_route=\/wp\/v2\/posts\/38785\/revisions"}],"predecessor-version":[{"id":38788,"href":"https:\/\/miradordeatarfe.es\/index.php?rest_route=\/wp\/v2\/posts\/38785\/revisions\/38788"}],"wp:featuredmedia":[{"embeddable":true,"href":"https:\/\/miradordeatarfe.es\/index.php?rest_route=\/wp\/v2\/media\/38787"}],"wp:attachment":[{"href":"https:\/\/miradordeatarfe.es\/index.php?rest_route=%2Fwp%2Fv2%2Fmedia&parent=38785"}],"wp:term":[{"taxonomy":"category","embeddable":true,"href":"https:\/\/miradordeatarfe.es\/index.php?rest_route=%2Fwp%2Fv2%2Fcategories&post=38785"},{"taxonomy":"post_tag","embeddable":true,"href":"https:\/\/miradordeatarfe.es\/index.php?rest_route=%2Fwp%2Fv2%2Ftags&post=38785"}],"curies":[{"name":"wp","href":"https:\/\/api.w.org\/{rel}","templated":true}]}}