{"id":38792,"date":"2020-04-01T09:55:12","date_gmt":"2020-04-01T07:55:12","guid":{"rendered":"http:\/\/miradordeatarfe.es\/?p=38792"},"modified":"2020-03-30T16:58:06","modified_gmt":"2020-03-30T14:58:06","slug":"la-ugr-estrena-ciencia-en-casa-un-programa-de-divulgacion-cientifica-para-la-cuarentena","status":"publish","type":"post","link":"https:\/\/miradordeatarfe.es\/?p=38792","title":{"rendered":"La UGR estrena &#8216;Ciencia en casa&#8217; , un programa de divulgaci\u00f3n cient\u00edfica para la cuarentena"},"content":{"rendered":"<div class=\"bloque_big\">\n<h4 style=\"text-align: justify;\">Se trata de una iniciativa de la Oficina de Gesti\u00f3n de la Comunicaci\u00f3n, en la que los investigadores explicar\u00e1n a trav\u00e9s de v\u00eddeos divulgativos en qu\u00e9 l\u00edneas est\u00e1n trabajando desde sus casas<\/h4>\n<div class=\"bloque_big_izda\">\n<p style=\"text-align: justify;\">La Universidad de Granada estrenar\u00e1 hoy lunes, 30 de marzo, su nuevo programa de divulgaci\u00f3n cient\u00edfica, \u00abCiencia en casa\u00bb, una iniciativa puesta en marcha por la Oficina de Gesti\u00f3n de la Comunicaci\u00f3n (OGC) con motivo de la emergencia sanitaria por el Covid19.<\/p>\n<p style=\"text-align: justify;\">Durante los pr\u00f3ximos d\u00edas, y a trav\u00e9s de v\u00eddeos divulgativos, los investigadores de la Universidad de Granada nos explicar\u00e1n en qu\u00e9 est\u00e1n trabajando desde sus casas, abordando asuntos de actualidad, en algunos casos, o conceptos cient\u00edficos traducidos a un lenguaje sencillo, en otros.<\/p>\n<p style=\"text-align: justify;\">\u00abEl programa \u00abCiencia en casa\u00bb recoge el esp\u00edritu de otra iniciativa anterior de la OGC, \u00abA ciencia cerca\u00bb, que fue puesta en marcha en el a\u00f1o 2016 y en la que participaron m\u00e1s de un centenar de investigadores, pertenecientes a pr\u00e1cticamente todas las facultades, escuelas universitarias y centros de investigaci\u00f3n de la UGR\u00bb, se\u00f1ala el director de la Oficina de Gesti\u00f3n de la Comunicaci\u00f3n, Jos\u00e9 \u00c1ngel Iba\u00f1ez.<\/p>\n<p style=\"text-align: justify;\">Este programa supuso todo un \u00e9xito, ya que sus v\u00eddeos cuentan con cientos de miles de visitas en el canal de Youtube de la UGR.<\/p>\n<\/div>\n<div class=\"limpia\">\u00a0<\/div>\n<\/div>\n","protected":false},"excerpt":{"rendered":"<p>Se trata de una iniciativa de la Oficina de Gesti\u00f3n de la Comunicaci\u00f3n, en la&#8230;<\/p>\n","protected":false},"author":1,"featured_media":38793,"comment_status":"closed","ping_status":"closed","sticky":false,"template":"","format":"standard","meta":{"_coblocks_attr":"","_coblocks_dimensions":"","_coblocks_responsive_height":"","_coblocks_accordion_ie_support":"","jetpack_post_was_ever_published":false,"_jetpack_newsletter_access":"","_jetpack_dont_email_post_to_subs":false,"_jetpack_newsletter_tier_id":0,"_jetpack_memberships_contains_paywalled_content":false,"_jetpack_memberships_contains_paid_content":false,"footnotes":"","jetpack_publicize_message":"","jetpack_publicize_feature_enabled":true,"jetpack_social_post_already_shared":false,"jetpack_social_options":{"image_generator_settings":{"template":"highway","default_image_id":0,"enabled":false},"version":2}},"categories":[44,6920,15],"tags":[3742,2213,2390],"class_list":["post-38792","post","type-post","status-publish","format-standard","has-post-thumbnail","hentry","category-noticias-de-hoy","category-tecnologia","category-ultimas-noticias","tag-ciencias","tag-ugr","tag-videos"],"jetpack_publicize_connections":[],"jetpack_featured_media_url":"https:\/\/i0.wp.com\/miradordeatarfe.es\/wp-content\/uploads\/2020\/03\/imagen9071_0_ppal.jpg?fit=450%2C529&ssl=1","jetpack_likes_enabled":true,"jetpack_sharing_enabled":true,"_links":{"self":[{"href":"https:\/\/miradordeatarfe.es\/index.php?rest_route=\/wp\/v2\/posts\/38792","targetHints":{"allow":["GET"]}}],"collection":[{"href":"https:\/\/miradordeatarfe.es\/index.php?rest_route=\/wp\/v2\/posts"}],"about":[{"href":"https:\/\/miradordeatarfe.es\/index.php?rest_route=\/wp\/v2\/types\/post"}],"author":[{"embeddable":true,"href":"https:\/\/miradordeatarfe.es\/index.php?rest_route=\/wp\/v2\/users\/1"}],"replies":[{"embeddable":true,"href":"https:\/\/miradordeatarfe.es\/index.php?rest_route=%2Fwp%2Fv2%2Fcomments&post=38792"}],"version-history":[{"count":1,"href":"https:\/\/miradordeatarfe.es\/index.php?rest_route=\/wp\/v2\/posts\/38792\/revisions"}],"predecessor-version":[{"id":38794,"href":"https:\/\/miradordeatarfe.es\/index.php?rest_route=\/wp\/v2\/posts\/38792\/revisions\/38794"}],"wp:featuredmedia":[{"embeddable":true,"href":"https:\/\/miradordeatarfe.es\/index.php?rest_route=\/wp\/v2\/media\/38793"}],"wp:attachment":[{"href":"https:\/\/miradordeatarfe.es\/index.php?rest_route=%2Fwp%2Fv2%2Fmedia&parent=38792"}],"wp:term":[{"taxonomy":"category","embeddable":true,"href":"https:\/\/miradordeatarfe.es\/index.php?rest_route=%2Fwp%2Fv2%2Fcategories&post=38792"},{"taxonomy":"post_tag","embeddable":true,"href":"https:\/\/miradordeatarfe.es\/index.php?rest_route=%2Fwp%2Fv2%2Ftags&post=38792"}],"curies":[{"name":"wp","href":"https:\/\/api.w.org\/{rel}","templated":true}]}}