{"id":38795,"date":"2020-03-30T17:34:34","date_gmt":"2020-03-30T15:34:34","guid":{"rendered":"http:\/\/miradordeatarfe.es\/?p=38795"},"modified":"2020-03-30T17:34:34","modified_gmt":"2020-03-30T15:34:34","slug":"ls-atarfens-animan-la-cuarentena-en-telecinco","status":"publish","type":"post","link":"https:\/\/miradordeatarfe.es\/?p=38795","title":{"rendered":"L@S ATARFE\u00d1@S ANIMAN LA CUARENTENA EN TELECINCO"},"content":{"rendered":"<p>Os compartimos la noticia del Informativo del Telecinco que recoge la Fiesta, que l@s vecin@s de la Calle Cerro del Sombrerete, montan para animar estos d\u00edas de cuarentena y dar el aplauso colectivo a todas las personas que est\u00e1n trabajando y luchando para combatir al Coronavirus.<\/p>\n<p>Los Atarfe\u00f1@s y Atarfe\u00f1@s est\u00e1n dando un gran ejemplo de responsabilidad colectiva, de solidaridad y generosidad. Y adem\u00e1s mostramos nuestro car\u00e1cter <span class=\"text_exposed_show\">festivo y el buen humor y la mejor de las actitudes antes las dificultades.<\/span><\/p>\n<div class=\"text_exposed_show\">\n<p>\u00a1ENHORABUENA POR LA INICIATIVA!<\/p>\n<p><div class=\"fb-video\" data-allowfullscreen=\"true\" data-href=\"https:\/\/www.facebook.com\/ayuntamientoatarfe\/videos\/537183273861856\/\" style=\"background-color: #fff; display: inline-block;\"><\/div>\n<\/p>\n<p>Ya falta menos para que volvamos a salir a llenar nuestras calles de vida y alegr\u00eda.<\/p>\n<p><a class=\"_58cn\" href=\"https:\/\/www.facebook.com\/hashtag\/atarfetenecesita?source=feed_text&amp;epa=HASHTAG&amp;__xts__%5B0%5D=68.ARAvNEpDtBEhnBKdycDe9Tgfg3YmbxbCUwyeWxJUh4Ga5-UsbIi9zUQs0aYMrjzDyKY_B_skScxdkR5vhurOq5Sf2yc4rCLRJJhgH3XFF9gOvlyPvFZh-Y55ay3xChB0fuI3Hrf_MNwELdtpaCEPKzZNT0jX3OX3ZlzyOgcIvd_MDFGCu9r_LY2i88lD_DfZUkNuQjcDOooZjH2-84_9LLM_cbbAMGzm9Gazylluu9PDefVsid85awCbvEjfO0i3PBsDaGFsbpiSS9pCdJn8Kzm6wo8JNOE8SD3tb_GLq_4MoqkCwDXZnerJrneB0z2E38B0NjiCROQX1_pnxatFsyLYGYxDzYsJN3RyAzzR37LEcAof-PE3CoxTqAUArnPWHPs&amp;__tn__=%2ANK-R\" data-ft=\"{&quot;type&quot;:104,&quot;tn&quot;:&quot;*N&quot;}\"><span class=\"_5afx\"><span class=\"_58cl _5afz\" aria-label=\"hashtag\">#<\/span><span class=\"_58cm\">AtarfeTeNecesita<\/span><\/span><\/a><br \/>\n<a class=\"_58cn\" href=\"https:\/\/www.facebook.com\/hashtag\/atarfesequedaencasa?source=feed_text&amp;epa=HASHTAG&amp;__xts__%5B0%5D=68.ARAvNEpDtBEhnBKdycDe9Tgfg3YmbxbCUwyeWxJUh4Ga5-UsbIi9zUQs0aYMrjzDyKY_B_skScxdkR5vhurOq5Sf2yc4rCLRJJhgH3XFF9gOvlyPvFZh-Y55ay3xChB0fuI3Hrf_MNwELdtpaCEPKzZNT0jX3OX3ZlzyOgcIvd_MDFGCu9r_LY2i88lD_DfZUkNuQjcDOooZjH2-84_9LLM_cbbAMGzm9Gazylluu9PDefVsid85awCbvEjfO0i3PBsDaGFsbpiSS9pCdJn8Kzm6wo8JNOE8SD3tb_GLq_4MoqkCwDXZnerJrneB0z2E38B0NjiCROQX1_pnxatFsyLYGYxDzYsJN3RyAzzR37LEcAof-PE3CoxTqAUArnPWHPs&amp;__tn__=%2ANK-R\" data-ft=\"{&quot;type&quot;:104,&quot;tn&quot;:&quot;*N&quot;}\"><span class=\"_5afx\"><span class=\"_58cl _5afz\" aria-label=\"hashtag\">#<\/span><span class=\"_58cm\">AtarfeSeQuedaEnCasa<\/span><\/span><\/a><br \/>\n<a class=\"_58cn\" href=\"https:\/\/www.facebook.com\/hashtag\/todovaasalirbien?source=feed_text&amp;epa=HASHTAG&amp;__xts__%5B0%5D=68.ARAvNEpDtBEhnBKdycDe9Tgfg3YmbxbCUwyeWxJUh4Ga5-UsbIi9zUQs0aYMrjzDyKY_B_skScxdkR5vhurOq5Sf2yc4rCLRJJhgH3XFF9gOvlyPvFZh-Y55ay3xChB0fuI3Hrf_MNwELdtpaCEPKzZNT0jX3OX3ZlzyOgcIvd_MDFGCu9r_LY2i88lD_DfZUkNuQjcDOooZjH2-84_9LLM_cbbAMGzm9Gazylluu9PDefVsid85awCbvEjfO0i3PBsDaGFsbpiSS9pCdJn8Kzm6wo8JNOE8SD3tb_GLq_4MoqkCwDXZnerJrneB0z2E38B0NjiCROQX1_pnxatFsyLYGYxDzYsJN3RyAzzR37LEcAof-PE3CoxTqAUArnPWHPs&amp;__tn__=%2ANK-R\" data-ft=\"{&quot;type&quot;:104,&quot;tn&quot;:&quot;*N&quot;}\"><span class=\"_5afx\"><span class=\"_58cl _5afz\" aria-label=\"hashtag\">#<\/span><span class=\"_58cm\">TodoVaASalirBien<\/span><\/span><\/a><\/p>\n<\/div>\n","protected":false},"excerpt":{"rendered":"<p>Os compartimos la noticia del Informativo del Telecinco que recoge la Fiesta, que l@s vecin@s&#8230;<\/p>\n","protected":false},"author":1,"featured_media":38796,"comment_status":"closed","ping_status":"closed","sticky":false,"template":"","format":"standard","meta":{"_coblocks_attr":"","_coblocks_dimensions":"","_coblocks_responsive_height":"","_coblocks_accordion_ie_support":"","jetpack_post_was_ever_published":false,"_jetpack_newsletter_access":"","_jetpack_dont_email_post_to_subs":false,"_jetpack_newsletter_tier_id":0,"_jetpack_memberships_contains_paywalled_content":false,"_jetpack_memberships_contains_paid_content":false,"footnotes":"","jetpack_publicize_message":"","jetpack_publicize_feature_enabled":true,"jetpack_social_post_already_shared":false,"jetpack_social_options":{"image_generator_settings":{"template":"highway","default_image_id":0,"enabled":false},"version":2}},"categories":[2,7149,186,44,15],"tags":[],"class_list":["post-38795","post","type-post","status-publish","format-standard","has-post-thumbnail","hentry","category-atarfe","category-coronavirus","category-instituciones","category-noticias-de-hoy","category-ultimas-noticias"],"jetpack_publicize_connections":[],"jetpack_featured_media_url":"https:\/\/i0.wp.com\/miradordeatarfe.es\/wp-content\/uploads\/2020\/03\/IMG_1157-kw6H-U705465483508PD-624x385%40Ideal.jpg?fit=624%2C385&ssl=1","jetpack_likes_enabled":true,"jetpack_sharing_enabled":true,"_links":{"self":[{"href":"https:\/\/miradordeatarfe.es\/index.php?rest_route=\/wp\/v2\/posts\/38795","targetHints":{"allow":["GET"]}}],"collection":[{"href":"https:\/\/miradordeatarfe.es\/index.php?rest_route=\/wp\/v2\/posts"}],"about":[{"href":"https:\/\/miradordeatarfe.es\/index.php?rest_route=\/wp\/v2\/types\/post"}],"author":[{"embeddable":true,"href":"https:\/\/miradordeatarfe.es\/index.php?rest_route=\/wp\/v2\/users\/1"}],"replies":[{"embeddable":true,"href":"https:\/\/miradordeatarfe.es\/index.php?rest_route=%2Fwp%2Fv2%2Fcomments&post=38795"}],"version-history":[{"count":1,"href":"https:\/\/miradordeatarfe.es\/index.php?rest_route=\/wp\/v2\/posts\/38795\/revisions"}],"predecessor-version":[{"id":38797,"href":"https:\/\/miradordeatarfe.es\/index.php?rest_route=\/wp\/v2\/posts\/38795\/revisions\/38797"}],"wp:featuredmedia":[{"embeddable":true,"href":"https:\/\/miradordeatarfe.es\/index.php?rest_route=\/wp\/v2\/media\/38796"}],"wp:attachment":[{"href":"https:\/\/miradordeatarfe.es\/index.php?rest_route=%2Fwp%2Fv2%2Fmedia&parent=38795"}],"wp:term":[{"taxonomy":"category","embeddable":true,"href":"https:\/\/miradordeatarfe.es\/index.php?rest_route=%2Fwp%2Fv2%2Fcategories&post=38795"},{"taxonomy":"post_tag","embeddable":true,"href":"https:\/\/miradordeatarfe.es\/index.php?rest_route=%2Fwp%2Fv2%2Ftags&post=38795"}],"curies":[{"name":"wp","href":"https:\/\/api.w.org\/{rel}","templated":true}]}}