{"id":38830,"date":"2020-04-03T11:41:38","date_gmt":"2020-04-03T09:41:38","guid":{"rendered":"http:\/\/miradordeatarfe.es\/?p=38830"},"modified":"2020-04-02T12:53:13","modified_gmt":"2020-04-02T10:53:13","slug":"crisis-del-coronavirus-como-sociedad-como-personas-que-hemos-aprendido-que-podemos-aprender-por-juan-de-dios-fernandez","status":"publish","type":"post","link":"https:\/\/miradordeatarfe.es\/?p=38830","title":{"rendered":"CRISIS DEL CORONAVIRUS. C\u00d3MO SOCIEDAD, COMO PERSONAS \u00bfQU\u00c9 HEMOS APRENDIDO?  \u00bfQU\u00c9 PODEMOS APRENDER? por Juan de Dios Fern\u00e1ndez"},"content":{"rendered":"<p>Hace unos meses que nos empezaron a llegar las primeras noticias del Coronavirus desde China. Pero nos parec\u00eda muy lejano. \u201c\u00bfOtro \u00c9bola?\u201d Despu\u00e9s al seguir las noticias, al ver la gravedad, al pasar a otros pa\u00edses vecinos\u2026 empezamos a preocuparnos \u201c\u00a1uff! una epidemia que se extiende&#8230; por all\u00ed! \u201cDespu\u00e9s lleg\u00f3 a Italia, la epidemia estaba cada vez m\u00e1s cerca, aunque pens\u00e1bamos que no nos llegar\u00eda, pues lleg\u00f3. Entonces nos conform\u00e1bamos pensando \u201c\u00a1bueno a pasarla!, otra gripe A, que parec\u00eda mucho y se qued\u00f3 en casi nada\u201d. Incluso, cuando el gobierno iba informando y crec\u00eda nuestro conocimiento del problema, pero no crec\u00eda tanto nuestra preocupaci\u00f3n y, por tanto, casi nada de responsabilidad y medidas personales.Al decretarse el \u201cestado de alarma\u201d ya empezamos a tomar conciencia, pero en mi caso, es el paso de la primera semana lo que determin\u00f3 ser consciente, ver la gravedad, ver que nos ha cogido a todos desprevenidos, tanto a nivel personal, como estatal y auton\u00f3mico.<br \/>\nAhora la inmensa mayor\u00eda de ciudadanas y ciudadanos hemos tomado conciencia de la gravedad de lo que est\u00e1 pasando, de su extensi\u00f3n a nivel planetario, de lo que se est\u00e1 haciendo con la poblaci\u00f3n y de c\u00f3mo se puede controlar.Durante la segunda semana de confinamiento nos concienciamos de quienes est\u00e1n venciendo al virus, de quienes son nuestras hero\u00ednas y nuestros h\u00e9roes (personal sanitario, limpiadores, agricultoras y ganaderas, empleados de supermercados, conductoras de camiones, ambulancias, autobuses&#8230;, fuerzas de seguridad&#8230;, y todos nosotros y nosotras con nuestra autodisciplina).Ahora es el momento de empezar a cuestionarnos muchas cosas. Cuestiones que se han de analizar para aprender y aprender para revisar nuestra escala de valores y creencias. Las creencias sociales que tenemos como si fuesen verdades absolutas, y que quiz\u00e1s no lo sean tanto. Esta semana y pico de confinamiento que falta, y las que puedan venir en el caso de que se alargue de nuevo, nos est\u00e1n demostrando que muchas de estas verdades no son tan<br \/>\nabsolutas, ni siquiera tan verdades. Me da miedo que desaprovechemos la ocasi\u00f3n para aprender y mejorar. Que nuestro sistema vuelva a reiniciarse para volver a como est\u00e1bamos.Me temo que una vez que entremos en cierta normalidad nos pase lo de siempre, volvamos a las rutinas, a los agobios y que \u201clo inmediato impida ver lo importante\u201d. Ya nos ha sucedido antes Por ello voy a empezar mi proceso de reflexi\u00f3n, ahora que me queda, al menos, m\u00e1s de una semana, tiempo suficiente para nriquecer mis reflexiones. Os animo a hacer lo mismo, en soledad o, mejor, en compa\u00f1\u00eda, ahora de familiares cercanos, despu\u00e9s con nuestros entornos pr\u00f3ximos y, si fu\u00e9semos una sociedad madura, en debate social. Esta reflexi\u00f3n es necesaria por nuestro futuro.Me atrevo a exponeros cuales van a ser las tem\u00e1ticas de mis reflexiones, as\u00ed como algunas ideas fuerza para la reflexi\u00f3n, aprendizajes y preguntas que deber\u00edamos hacernos: &#8211; Valor de las relaciones familiares. Apreciar las peque\u00f1as cosas<\/p>\n<p style=\"text-align: justify;\">\u00bfSon posibles m\u00e1s all\u00e1 del tiempo de las comidas, de ver la tele y salidas de compras y a bares? \u00bf\u00bfMerece la pena el tiempo jugando con hijos, sin tener que estar en un centro comercial o Mc Donald\u2019s?<\/p>\n<p style=\"text-align: justify;\">&#8211; Relaci\u00f3n con vecinos, su importancia Esta situaci\u00f3n nos ha servido para descubrir lo mejor de nuestra vecindad. \u00bfBajaremos las fiestas y\/o tertulias desde balcones a las calles y plazas? \u00bfSer\u00e1n alternativa de ocio igual que<br \/>\nbares y terrazas?<br \/>\n&#8211; Qui\u00e9nes han sido los verdaderos art\u00edfices de la victoria \u00bfMantenemos el mismo concepto de defensa nacional? \u00bfY la inversi\u00f3n en armamento? Nos han defendido otras profesiones, profesiones cercanas, nuestro vecino limpiador en hospital y resto de personal sanitario, el cajero del super, la agricultora\/ ganadera&#8230; Nuevo papel del<br \/>\nej\u00e9rcito, de su entrenamiento y materiales \u201cde campa\u00f1a\u201d. Entonces, \u00bfMisiles o investigaci\u00f3n?<br \/>\n&#8211;\u00a0 <strong>Valor del sector primario(agricultura, ganader\u00eda, &#8230;), de la peque\u00f1a industria, del peque\u00f1o comercio&#8230;<\/strong><br \/>\nDesde hace tiempo tendemos a abandonar lo cercano encantados por las grandes cadenas comerciales, pero hemos comprobado que nuestra vida se garantiza mejor con la tiendecita de cerca, la carnicer\u00eda de barrio, la agricultura y ganader\u00eda de la zona. En caso de necesidad, \u00bfqui\u00e9n nos salva? \u00bflas empresas nacionales y productores y comercios cercanos?<br \/>\n&#8211; <strong>Valor de lo p\u00fablico frente a lo privado.<\/strong> Necesidad de pagar impuestos (bien gestionados)<br \/>\nHemos visto desmantelar el estado del bienestar (salud, educaci\u00f3n servicio sociales), hemos protestado, pero con la boca chica. Ahora hemos notado esa falta, junto a otras faltas m\u00e1s. \u00bfQui\u00e9n est\u00e1 dando el callo?, desde primera hora hasta el final, \u00bfC\u00f3mo ha afectado los recortes y la privatizaci\u00f3n de la sanidad a la crisis? Igual sucede con servicios sociales. No olvidemos los aplausos cuando sean reivindicativos.<\/p>\n<p style=\"text-align: justify;\"><strong>&#8211; La solidaridad frente al individualismo<\/strong><br \/>\nEn los \u00faltimos a\u00f1os, desde la pol\u00edtica se ha puesto en valor el individualismo, se ha generado una cultura de primero y \u00fanico yo y nosotros, \u00a1cada cual que se apa\u00f1e como pueda! Y ahora nos hemos salvado gracias a la solidaridad, de quedarnos en casa, de apoyar en lo que se ha podido, de pensar tambi\u00e9n en los dem\u00e1s. Igual \u00bfhabr\u00eda que abandonar la cultura del individualismo ego\u00edsta y potenciar la solidaridad?, como dice el proverbio africano \u201csi quieres ir<br \/>\nr\u00e1pido ve solo, si quieres ir lejos ve acompa\u00f1ado\u201d. Es esta solidaridad la que nos va a permitir enfrentarnos a futuras crisis que est\u00e1n por venir como la Emergencia Clim\u00e1tica.<\/p>\n<p style=\"text-align: justify;\">&#8211; Y como soy docente<strong> La capacidad de respuesta del profesorado ante una situaci\u00f3n nueva<\/strong><br \/>\nCon la resistencia a la innovaci\u00f3n que hay cuando lo manda la normativa y la rapidez para inventarse lo no\u00a0 aprendido cuando ven que su alumnado va a quedarse solo. \u00a1Habr\u00e1 que estudiar este proceso! \u00bfM\u00e1s autonom\u00eda y confiar en su responsabilidad? \u00bfSer\u00e1 que el espacio aula, el libro del texto&#8230; inducen a rutinas antiguas? \u00bfSer\u00e1 la incertidumbre, el abandono de la zona de confort de la rutina quien ha sacado el potencial de mejora?<\/p>\n<p style=\"text-align: justify;\">Para finalizar una reflexi\u00f3n: \u201cHa tenido que venir el coronavirus y tantas muertes para darnos\u00a0 cuenta que somos capaces de mejorar el estado de salud del planeta y, por ende, nuestro futuro\u201d. Aprendamos. Somos capaces de vivir reduciendo el consumo y la contaminaci\u00f3n.<\/p>\n<p style=\"text-align: justify;\">\u00bfQu\u00e9 vale m\u00e1s en situaci\u00f3n de crisis, el \u201ctener\u201d material o el \u201cser\u201d personal? \u00bfSeremos capaces de aplicar lo mismo a la crisis medioambiental?<\/p>\n<p style=\"text-align: justify;\">\u00a1TODOS VIAJAMOS EN LA MISMA NAVE!, LA TIERRA<\/p>\n<p style=\"text-align: justify;\">Hagamos nuestra sensata y serena reflexi\u00f3n, porque las redes sociales ya se est\u00e1n adelantando a hacerla por nosotros.<br \/>\nCuid\u00e9monos de mes\u00edas y salvadores (tertulianos, tuiteros, etc.) que desde los modernos pulpitos (televisi\u00f3n, WhatsApp, Twitter, Facebook&#8230;) predicen la verdad a toro pasado y quieren condicionar nuestras reflexiones de futuro y sacar tajada.<\/p>\n<p style=\"text-align: justify;\">Juan de Dios Fern\u00e1ndez G\u00e1lvez<\/p>\n","protected":false},"excerpt":{"rendered":"<p>Hace unos meses que nos empezaron a llegar las primeras noticias del Coronavirus desde China&#8230;.<\/p>\n","protected":false},"author":1,"featured_media":38831,"comment_status":"closed","ping_status":"closed","sticky":false,"template":"","format":"standard","meta":{"_coblocks_attr":"","_coblocks_dimensions":"","_coblocks_responsive_height":"","_coblocks_accordion_ie_support":"","jetpack_post_was_ever_published":false,"_jetpack_newsletter_access":"","_jetpack_dont_email_post_to_subs":false,"_jetpack_newsletter_tier_id":0,"_jetpack_memberships_contains_paywalled_content":false,"_jetpack_memberships_contains_paid_content":false,"footnotes":"","jetpack_publicize_message":"","jetpack_publicize_feature_enabled":true,"jetpack_social_post_already_shared":false,"jetpack_social_options":{"image_generator_settings":{"template":"highway","default_image_id":0,"enabled":false},"version":2}},"categories":[1161,7149,3130,9,44,15],"tags":[7021,99,7198],"class_list":["post-38830","post","type-post","status-publish","format-standard","has-post-thumbnail","hentry","category-ciudadania","category-coronavirus","category-opinion-de-juan-de-dios-fernandez","category-medio-ambiente","category-noticias-de-hoy","category-ultimas-noticias","tag-coronavirus","tag-medio-ambiente","tag-paspeles"],"jetpack_publicize_connections":[],"jetpack_featured_media_url":"https:\/\/i0.wp.com\/miradordeatarfe.es\/wp-content\/uploads\/2020\/04\/el-covid-19-podria-generar-una-crisis-medioambiental-mas-severa-655x368-1.jpg?fit=655%2C368&ssl=1","jetpack_likes_enabled":true,"jetpack_sharing_enabled":true,"_links":{"self":[{"href":"https:\/\/miradordeatarfe.es\/index.php?rest_route=\/wp\/v2\/posts\/38830","targetHints":{"allow":["GET"]}}],"collection":[{"href":"https:\/\/miradordeatarfe.es\/index.php?rest_route=\/wp\/v2\/posts"}],"about":[{"href":"https:\/\/miradordeatarfe.es\/index.php?rest_route=\/wp\/v2\/types\/post"}],"author":[{"embeddable":true,"href":"https:\/\/miradordeatarfe.es\/index.php?rest_route=\/wp\/v2\/users\/1"}],"replies":[{"embeddable":true,"href":"https:\/\/miradordeatarfe.es\/index.php?rest_route=%2Fwp%2Fv2%2Fcomments&post=38830"}],"version-history":[{"count":1,"href":"https:\/\/miradordeatarfe.es\/index.php?rest_route=\/wp\/v2\/posts\/38830\/revisions"}],"predecessor-version":[{"id":38832,"href":"https:\/\/miradordeatarfe.es\/index.php?rest_route=\/wp\/v2\/posts\/38830\/revisions\/38832"}],"wp:featuredmedia":[{"embeddable":true,"href":"https:\/\/miradordeatarfe.es\/index.php?rest_route=\/wp\/v2\/media\/38831"}],"wp:attachment":[{"href":"https:\/\/miradordeatarfe.es\/index.php?rest_route=%2Fwp%2Fv2%2Fmedia&parent=38830"}],"wp:term":[{"taxonomy":"category","embeddable":true,"href":"https:\/\/miradordeatarfe.es\/index.php?rest_route=%2Fwp%2Fv2%2Fcategories&post=38830"},{"taxonomy":"post_tag","embeddable":true,"href":"https:\/\/miradordeatarfe.es\/index.php?rest_route=%2Fwp%2Fv2%2Ftags&post=38830"}],"curies":[{"name":"wp","href":"https:\/\/api.w.org\/{rel}","templated":true}]}}