{"id":38839,"date":"2020-04-05T11:15:04","date_gmt":"2020-04-05T09:15:04","guid":{"rendered":"http:\/\/miradordeatarfe.es\/?p=38839"},"modified":"2020-04-02T19:22:53","modified_gmt":"2020-04-02T17:22:53","slug":"nuestros-rituales-por-manuel-sierra","status":"publish","type":"post","link":"https:\/\/miradordeatarfe.es\/?p=38839","title":{"rendered":"\u00abNUESTROS RITUALES\u00bb por Manuel Sierra"},"content":{"rendered":"<h3 align=\"JUSTIFY\">Cuando hablamos o nos hablan de rituales, la imagen que tenemos es la de una misa, una boda, alg\u00fan acontecimiento p\u00fablico o privado que concentra a muchas personas dirigidas hacia un fin, que es el motivo de esa reuni\u00f3n.<\/h3>\n<p align=\"JUSTIFY\">Pero todos, absolutamente todas las personas utilizamos ceremonias en nuestro quehacer diario; ceremonias, rutinas, h\u00e1bitos, el nombre es lo de menos. Lo que importa es la necesidad de establecer un ritual que nos de seguridad a la hora de hacer cualquier cosa, de enfrentarnos a cualesquiera situaciones que ten\u00edamos previstas. Por tanto, el fin \u00faltimo de nuestro ceremonial es la propia sensaci\u00f3n de tener el control: el control de ese momento, el control de lo que vendr\u00e1 tras \u00e9l, en definitiva, el control de lo que nos pase, el control de nuestra vida<\/p>\n<p align=\"JUSTIFY\"><a href=\"https:\/\/i0.wp.com\/miradordeatarfe.es\/wp-content\/uploads\/2020\/04\/acto.jpeg?ssl=1\"><img data-recalc-dims=\"1\" loading=\"lazy\" decoding=\"async\" class=\"alignnone size-medium wp-image-38848\" src=\"https:\/\/i0.wp.com\/miradordeatarfe.es\/wp-content\/uploads\/2020\/04\/acto.jpeg?resize=300%2C158&#038;ssl=1\" alt=\"\" width=\"300\" height=\"158\" srcset=\"https:\/\/i0.wp.com\/miradordeatarfe.es\/wp-content\/uploads\/2020\/04\/acto.jpeg?resize=300%2C158&amp;ssl=1 300w, https:\/\/i0.wp.com\/miradordeatarfe.es\/wp-content\/uploads\/2020\/04\/acto.jpeg?w=309&amp;ssl=1 309w\" sizes=\"auto, (max-width: 300px) 100vw, 300px\" \/><\/a><\/p>\n<p align=\"JUSTIFY\">Le tenemos miedo a la improvisaci\u00f3n, a la falta de faros que nos sirvan de gu\u00eda al levantarnos, a la hora de desayunar, cuando nos vestimos, al salir a la calle, a la hora de subir al coche, al autob\u00fas, al metro, al tren, al avi\u00f3n, \u2026 Necesitamos esa seguridad que nos d\u00e9 sensaci\u00f3n de control.<\/p>\n<p align=\"JUSTIFY\">A veces, para una misma situaci\u00f3n tenemos rutinas diferentes; por ejemplo, cuando me levanto no es igual si es un d\u00eda laborable o si no tengo que ir a trabajar, o si estoy de vacaciones, pero siempre subyace el mismo objetivo: la tranquilidad de saber que todo est\u00e1 bajo control.<\/p>\n<p align=\"JUSTIFY\">Si tengo que irme a trabajar, la noche anterior ya he preparado la ropa que me voy a poner, la he colocado en el sal\u00f3n, en planta baja, y cuando me levanto lo hago con el m\u00e1ximo cuidado posible (mi mujer no opina lo mismo) para no soliviantar su sue\u00f1o.<\/p>\n<p align=\"JUSTIFY\">Entro en el cuarto de ba\u00f1o, hago mis necesidades, me refresco la cara y enciendo el calentador (si hace frio) y cierro la puerta \u201cpa que no se vaya el cal\u00f3h\u201d. Tras colocar el lavavajillas, que previamente hab\u00eda dejado puesto la noche anterior, por aquello de la discriminaci\u00f3n horaria en la tarifa el\u00e9ctrica, me preparo el desayuno y me voy a lavarme los dientes y a la ducha con el cuarto ya calentito. Acabo de secarme, escurro la cortina, que cubre la ventana del agua que salpica mientras me ba\u00f1o, siempre subiendo el lado derecho y dejando que el agua estancada caiga por el borde inferior izquierdo. Apago el calentador, me voy desnudo hasta el sal\u00f3n, donde me visto y veo las noticias de la ma\u00f1ana en la TV; espero hasta que sea la hora de salir a la calle para coger el transporte que me llevar\u00e1 hasta la oficina.<\/p>\n<p align=\"JUSTIFY\">Y as\u00ed podr\u00eda seguir cont\u00e1ndoos mis h\u00e1bitos diarios, pero este no es el sentido de este articulo, sino solo un ejemplo de que si nos fijamos, cualquier actividad que ven\u00edamos realizando (algunas a\u00fan las hacemos en este tiempo de \u201crecogimiento\u201d) tiene su propio ritual; tambi\u00e9n se puede hacer de otra manera, porque cada uno le da su toque personal.<\/p>\n<p align=\"JUSTIFY\">Sin embargo, en un momento (bueno, ha sido algo previsible que, no obstante nos ha pillado desprevenidos) todo nuestro control se ha venido abajo, por culpa de un bichillo no m\u00e1s grande que un pensamiento, que ha puesto patas arriba todo nuestro ceremonial al declararse el actual estado de alarma por nuestro Gobierno. No voy aqu\u00ed a criticar, ni positiva ni negativamente dicha decisi\u00f3n, ni si fue ajustada en el tiempo y los medios, ni si es proporcional al posible efecto de la pandemia. Para eso hay gente con m\u00e1s cualificaci\u00f3n y conocimientos del problema que yo.<\/p>\n<p align=\"JUSTIFY\">Yo quiero incidir en el tema del control, o de la falta del mismo, porque ahora no tenemos capacidad de decidir qu\u00e9 hacer ni c\u00f3mo ni cuando hacerlo, salvo para las actividades que se circunscriben al espacio del hogar propio; esa falta de control que ha echado por tierra nuestra sensaci\u00f3n de seguridad pero que, a diferencia de lo que pudiera pensarse, en lugar de enclaustrarnos en nosotros mismos, ha hecho que nos preocupemos m\u00e1s por el otro, por quienes sufren; en un momento en que form\u00e1bamos parte del \u201cprimer mundo\u201d, de pronto vemos la facilidad con que una sociedad puede bajar a tercera divisi\u00f3n.<\/p>\n<p align=\"JUSTIFY\"><a href=\"https:\/\/i0.wp.com\/miradordeatarfe.es\/wp-content\/uploads\/2020\/04\/control.jpeg?ssl=1\"><img data-recalc-dims=\"1\" loading=\"lazy\" decoding=\"async\" class=\"alignnone size-full wp-image-38845\" src=\"https:\/\/i0.wp.com\/miradordeatarfe.es\/wp-content\/uploads\/2020\/04\/control.jpeg?resize=275%2C183&#038;ssl=1\" alt=\"\" width=\"275\" height=\"183\" \/><\/a><\/p>\n<p align=\"JUSTIFY\">Y como ocurre siempre, la vida nos sorprende, y busca su camino, y as\u00ed nuestra sociedad ha vuelto a visibilizar valores que cre\u00edamos olvidados, cuando no perdidos, como la responsabilidad, el altruismo, la solidaridad, una solidaridad real, no la de echar unas monedas en la hucha el d\u00eda del c\u00e1ncer (que tambi\u00e9n ayuda, por supuesto), sino preocuparnos por nuestros vecinos, ponernos a disposici\u00f3n de los dem\u00e1s para ayudar, para paliar los efectos de esa enfermedad que propaga el bicho, alterando nuestra convivencia.<a href=\"https:\/\/i0.wp.com\/miradordeatarfe.es\/wp-content\/uploads\/2020\/04\/solidaridad.jpeg?ssl=1\"><img data-recalc-dims=\"1\" loading=\"lazy\" decoding=\"async\" class=\"alignnone size-full wp-image-38846\" src=\"https:\/\/i0.wp.com\/miradordeatarfe.es\/wp-content\/uploads\/2020\/04\/solidaridad.jpeg?resize=275%2C183&#038;ssl=1\" alt=\"\" width=\"275\" height=\"183\" \/><\/a><\/p>\n<p align=\"JUSTIFY\">Pero, y aqu\u00ed est\u00e1 el matiz diferenciador, d\u00e1ndole a esa convivencia un sentido humanizador que ya no tenia en muchas ocasiones.<\/p>\n<p align=\"JUSTIFY\">Porque cualquier problema puede convertirse en una oportunidad. Y de pronto hemos sustituido nuestros ceremoniales hechos al mil\u00edmetro, por otros en los que aparece, no el individuo como tal, sino en tanto forma parte de un ente mayor (un bloque, una calle, un pueblo, un pa\u00eds). Hemos aprendido a vencer la verg\u00fcenza de \u201cactuar\u201d ante un grupo de \u201cdesconocidos\u201d a los que vemos a diario, cantando, bailando, proponiendo juegos y soluciones al aburrimiento a que nos obliga el confinamiento, y hemos salido a aplaudir desde nuestros balcones y porches, aunque no nos oigan las personas a los que van dedicados esos aplausos, en el convencimiento de que es lo correcto, y de que hacemos algo que adem\u00e1s de afirmar nuestro pertenencia al grupo (necesidad que muchos hab\u00edamos perdido, seguramente) sirve como acicate a las personas que se est\u00e1n desviviendo por atender, muchas veces sin los medios humanos ni materiales necesarios, a quienes sufren directamente la enfermedad (no s\u00f3lo \u00e9sta, sino cualquiera que les afecte).<\/p>\n<p align=\"JUSTIFY\">Sin duda que saldremos de \u00e9sta, claro que s\u00ed, puede que no todos, desgraciadamente, y no todos por culpa de esta enfermedad, porque el resto de patolog\u00edas no se para, pero cuando lo hagamos algo habr\u00e1 cambiado para todos nosotros, algo grande, bonito, la seguridad de sabernos \u00fatiles y con disposici\u00f3n a echar mano de personas que en muchos casos, hasta ahora solo salud\u00e1bamos al cruzarnos con ellos, casi obligadamente, y cambiaremos esa actitud por una cordialidad que debe traducirse en una sociedad m\u00e1s abierta, m\u00e1s altruista, mejor.<\/p>\n<p align=\"JUSTIFY\"><a href=\"https:\/\/i0.wp.com\/miradordeatarfe.es\/wp-content\/uploads\/2020\/04\/aplausos.jpeg?ssl=1\"><img data-recalc-dims=\"1\" loading=\"lazy\" decoding=\"async\" class=\"alignnone size-full wp-image-38847\" src=\"https:\/\/i0.wp.com\/miradordeatarfe.es\/wp-content\/uploads\/2020\/04\/aplausos.jpeg?resize=275%2C183&#038;ssl=1\" alt=\"\" width=\"275\" height=\"183\" \/><\/a><\/p>\n<p align=\"JUSTIFY\">Y entonces volver\u00e1n los h\u00e1bitos, rituales y ceremonias que ahora nos parecen tan lejanos y tan poco valorados en su momento. Y ah\u00ed, entonces, habremos ganado la partida a esta situaci\u00f3n; lo \u00fanico que pido es que estos buenos deseos de los que yo solo me hago eco, no duren lo que sentimos y expresamos al salir de un mortorio, y ah\u00ed lo dejo.<\/p>\n","protected":false},"excerpt":{"rendered":"<p>Cuando hablamos o nos hablan de rituales, la imagen que tenemos es la de una&#8230;<\/p>\n","protected":false},"author":1,"featured_media":38840,"comment_status":"closed","ping_status":"closed","sticky":false,"template":"","format":"standard","meta":{"_coblocks_attr":"","_coblocks_dimensions":"","_coblocks_responsive_height":"","_coblocks_accordion_ie_support":"","jetpack_post_was_ever_published":false,"_jetpack_newsletter_access":"","_jetpack_dont_email_post_to_subs":false,"_jetpack_newsletter_tier_id":0,"_jetpack_memberships_contains_paywalled_content":false,"_jetpack_memberships_contains_paid_content":false,"footnotes":"","jetpack_publicize_message":"","jetpack_publicize_feature_enabled":true,"jetpack_social_post_already_shared":false,"jetpack_social_options":{"image_generator_settings":{"template":"highway","default_image_id":0,"enabled":false},"version":2}},"categories":[37,9,44,6937,15,10],"tags":[7021,7200,7201],"class_list":["post-38839","post","type-post","status-publish","format-standard","has-post-thumbnail","hentry","category-opinion-de-manuel-sierra","category-medio-ambiente","category-noticias-de-hoy","category-sociedad","category-ultimas-noticias","category-salud","tag-coronavirus","tag-rutinas","tag-vida-organizada"],"jetpack_publicize_connections":[],"jetpack_featured_media_url":"https:\/\/i0.wp.com\/miradordeatarfe.es\/wp-content\/uploads\/2020\/04\/cambio-horario-influye-rutinas_1447066403_118669304_667x375.jpg?fit=667%2C375&ssl=1","jetpack_likes_enabled":true,"jetpack_sharing_enabled":true,"_links":{"self":[{"href":"https:\/\/miradordeatarfe.es\/index.php?rest_route=\/wp\/v2\/posts\/38839","targetHints":{"allow":["GET"]}}],"collection":[{"href":"https:\/\/miradordeatarfe.es\/index.php?rest_route=\/wp\/v2\/posts"}],"about":[{"href":"https:\/\/miradordeatarfe.es\/index.php?rest_route=\/wp\/v2\/types\/post"}],"author":[{"embeddable":true,"href":"https:\/\/miradordeatarfe.es\/index.php?rest_route=\/wp\/v2\/users\/1"}],"replies":[{"embeddable":true,"href":"https:\/\/miradordeatarfe.es\/index.php?rest_route=%2Fwp%2Fv2%2Fcomments&post=38839"}],"version-history":[{"count":4,"href":"https:\/\/miradordeatarfe.es\/index.php?rest_route=\/wp\/v2\/posts\/38839\/revisions"}],"predecessor-version":[{"id":38851,"href":"https:\/\/miradordeatarfe.es\/index.php?rest_route=\/wp\/v2\/posts\/38839\/revisions\/38851"}],"wp:featuredmedia":[{"embeddable":true,"href":"https:\/\/miradordeatarfe.es\/index.php?rest_route=\/wp\/v2\/media\/38840"}],"wp:attachment":[{"href":"https:\/\/miradordeatarfe.es\/index.php?rest_route=%2Fwp%2Fv2%2Fmedia&parent=38839"}],"wp:term":[{"taxonomy":"category","embeddable":true,"href":"https:\/\/miradordeatarfe.es\/index.php?rest_route=%2Fwp%2Fv2%2Fcategories&post=38839"},{"taxonomy":"post_tag","embeddable":true,"href":"https:\/\/miradordeatarfe.es\/index.php?rest_route=%2Fwp%2Fv2%2Ftags&post=38839"}],"curies":[{"name":"wp","href":"https:\/\/api.w.org\/{rel}","templated":true}]}}