{"id":3900,"date":"2015-10-08T08:15:43","date_gmt":"2015-10-08T08:15:43","guid":{"rendered":"http:\/\/miradordeatarfe.es\/?p=3900"},"modified":"2015-10-09T08:05:22","modified_gmt":"2015-10-09T08:05:22","slug":"atarfe-se-solidariza-con-las-victimas-de-la-talidomina","status":"publish","type":"post","link":"https:\/\/miradordeatarfe.es\/?p=3900","title":{"rendered":"Atarfe se solidariza con las v\u00edctimas de la talidomina"},"content":{"rendered":"<p><span class=\"contenidos_subtitulo\">Una representaci\u00f3n del Ayuntamiento acudi\u00f3 al acto en solidaridad con los afectados que tuvo lugar en Fuentevaqueros despu\u00e9s de que se aprobara en el pleno una moci\u00f3n de apoyo a las v\u00edctimas.<\/span><br \/>\n<!--more--><\/p>\n<p>El Ayuntamiento de Atarfe acudi\u00f3 el pasado s\u00e1bado 3 de octubre al acto de solidaridad y reconocimiento con las v\u00edctimas de la Talidomida que se celebr\u00f3 en el Teatro Federico Garc\u00eda Lorca de Fuentevaqueros. Por parte del equipo de gobierno acudi\u00f3 el concejal de Personal y Protecci\u00f3n Civil, <strong>Francisco Prieto<\/strong>, y por parte de la oposici\u00f3n, el representante de Ganemos, <strong>Antonio Lucena<\/strong>.<\/p>\n<p>Al encuentro provincial que organizaba la <strong>Asociaci\u00f3n de V\u00edctimas de Talidomina de Espa\u00f1a (AVITE)<\/strong> acudieron representantes de las distintas administraciones y de numerosos municipios para mostrar su respaldo a un colectivo al que la Justicia le ha dado la espalda.<\/p>\n<p>La talidomina, un medicamento producido en Alemania, provoc\u00f3 miles de nacimientos de beb\u00e9s afectados de focomelia, anomal\u00eda cong\u00e9nita que se caracterizaba por la carencia o excesiva cortedad de las extremidades.<\/p>\n<p><img data-recalc-dims=\"1\" loading=\"lazy\" decoding=\"async\" title=\"Acto en solidaridad con los afectados en Fuentevaqueros.\" src=\"https:\/\/i0.wp.com\/www.ciudadatarfe.com\/data\/fotos_contenidos_web\/1360_1630_20151005230138.jpg?resize=442%2C332\" alt=\"\" width=\"442\" height=\"332\" border=\"0\" \/><\/p>\n<p>En el pasado pleno ordinario, celebrado el 24 de septiembre, todos los partidos aprobaron por unanimidad una moci\u00f3n presentada Por Atarfe S\u00ed, el partido en el gobierno, donde se declaraba el apoyo \u00abun\u00e1nime y solidario\u00bb para con las v\u00edctimas, y en particular a la asociaci\u00f3n AVITE, \u00abpor su lucha incansable y sin cuartel en pro y favor de las v\u00edctimas (&#8230;), por la deuda hist\u00f3rica que nuestro pa\u00eds tiene con los afectados y sus familias desde hace 60 a\u00f1os\u00bb.<\/p>\n<p>Se reclamaba tambi\u00e9n a la empresa farmac\u00e9utica una indemnizaci\u00f3n para los afectados espa\u00f1oles y se instaba al Gobierno a que concediera pensiones vitalicias, como as\u00ed ha ocurrido en otros pa\u00edses.<\/p>\n<p>&nbsp;<\/p>\n","protected":false},"excerpt":{"rendered":"<p>Una representaci\u00f3n del Ayuntamiento acudi\u00f3 al acto en solidaridad con los afectados que tuvo lugar&#8230;<\/p>\n","protected":false},"author":1,"featured_media":3901,"comment_status":"closed","ping_status":"closed","sticky":false,"template":"","format":"standard","meta":{"_coblocks_attr":"","_coblocks_dimensions":"","_coblocks_responsive_height":"","_coblocks_accordion_ie_support":"","jetpack_post_was_ever_published":false,"_jetpack_newsletter_access":"","_jetpack_dont_email_post_to_subs":false,"_jetpack_newsletter_tier_id":0,"_jetpack_memberships_contains_paywalled_content":false,"_jetpack_memberships_contains_paid_content":false,"footnotes":"","jetpack_publicize_message":"","jetpack_publicize_feature_enabled":true,"jetpack_social_post_already_shared":false,"jetpack_social_options":{"image_generator_settings":{"template":"highway","default_image_id":0,"enabled":false},"version":2}},"categories":[2,9,15],"tags":[81,1412],"class_list":["post-3900","post","type-post","status-publish","format-standard","has-post-thumbnail","hentry","category-atarfe","category-medio-ambiente","category-ultimas-noticias","tag-atarfe","tag-talidomina"],"jetpack_publicize_connections":[],"jetpack_featured_media_url":"https:\/\/i0.wp.com\/miradordeatarfe.es\/wp-content\/uploads\/2015\/10\/TALIDO.jpg?fit=300%2C168&ssl=1","jetpack_likes_enabled":true,"jetpack_sharing_enabled":true,"_links":{"self":[{"href":"https:\/\/miradordeatarfe.es\/index.php?rest_route=\/wp\/v2\/posts\/3900","targetHints":{"allow":["GET"]}}],"collection":[{"href":"https:\/\/miradordeatarfe.es\/index.php?rest_route=\/wp\/v2\/posts"}],"about":[{"href":"https:\/\/miradordeatarfe.es\/index.php?rest_route=\/wp\/v2\/types\/post"}],"author":[{"embeddable":true,"href":"https:\/\/miradordeatarfe.es\/index.php?rest_route=\/wp\/v2\/users\/1"}],"replies":[{"embeddable":true,"href":"https:\/\/miradordeatarfe.es\/index.php?rest_route=%2Fwp%2Fv2%2Fcomments&post=3900"}],"version-history":[{"count":1,"href":"https:\/\/miradordeatarfe.es\/index.php?rest_route=\/wp\/v2\/posts\/3900\/revisions"}],"predecessor-version":[{"id":3902,"href":"https:\/\/miradordeatarfe.es\/index.php?rest_route=\/wp\/v2\/posts\/3900\/revisions\/3902"}],"wp:featuredmedia":[{"embeddable":true,"href":"https:\/\/miradordeatarfe.es\/index.php?rest_route=\/wp\/v2\/media\/3901"}],"wp:attachment":[{"href":"https:\/\/miradordeatarfe.es\/index.php?rest_route=%2Fwp%2Fv2%2Fmedia&parent=3900"}],"wp:term":[{"taxonomy":"category","embeddable":true,"href":"https:\/\/miradordeatarfe.es\/index.php?rest_route=%2Fwp%2Fv2%2Fcategories&post=3900"},{"taxonomy":"post_tag","embeddable":true,"href":"https:\/\/miradordeatarfe.es\/index.php?rest_route=%2Fwp%2Fv2%2Ftags&post=3900"}],"curies":[{"name":"wp","href":"https:\/\/api.w.org\/{rel}","templated":true}]}}