{"id":39029,"date":"2020-04-20T09:14:05","date_gmt":"2020-04-20T07:14:05","guid":{"rendered":"http:\/\/miradordeatarfe.es\/?p=39029"},"modified":"2020-04-16T20:49:32","modified_gmt":"2020-04-16T18:49:32","slug":"el-teletrabajo-tambien-nos-puede-enfermar","status":"publish","type":"post","link":"https:\/\/miradordeatarfe.es\/?p=39029","title":{"rendered":"El teletrabajo tambi\u00e9n nos puede enfermar"},"content":{"rendered":"<header>\n<h2 style=\"text-align: justify;\">Se calcula que en la Uni\u00f3n Europea el 5% de la poblaci\u00f3n activa teletrabaja normalmente al menos un 25% de su jornada<\/h2>\n<\/header>\n<p style=\"text-align: justify;\">Mientras escribo este art\u00edculo no olvido que s\u00ed, que yo tambi\u00e9n soy uno de los cientos de miles de espa\u00f1oles que, de la noche al d\u00eda, hemos pasado a ser teletrabajadores. <strong>Que hemos cambiado la oficina, el laboratorio o el aula por el sal\u00f3n, el dormitorio o incluso la cocina de la casa<\/strong>. Sin m\u00e1s transici\u00f3n ni explicaciones que la publicaci\u00f3n fulminante de un Real Decreto.<\/p>\n<p style=\"text-align: justify;\">El teletrabajo no es nada nuevo. Se calcula que en la Uni\u00f3n Europea el 5 % de la poblaci\u00f3n activa teletrabaja normalmente al menos <a href=\"https:\/\/www.eurofound.europa.eu\/surveys\/european-working-conditions-surveys-ewcs\" target=\"_blank\" rel=\"noopener noreferrer\">un 25 % de su jornada (4 % en el caso de Espa\u00f1a)<\/a>. Aprovechan la flexibilidad temporal y espacial que les ofrece. Y hac<\/p>\n<p style=\"text-align: justify;\">Por otro lado, en las circunstancias de la actual pandemia, resulta obvio que el teletrabajo ha permitido que muchas organizaciones (financieras, administrativas o educativas) puedan continuar con su actividad y que miles de personas mantengamos nuestros puestos de trabajo \u2013a diferencia de otros muchos que temporalmente (esperemos) lo han perdido\u2013. <strong>Tambi\u00e9n estoy convencido que el teletrabajo nos hace m\u00e1s llevadero el largo d\u00eda confinado, evit\u00e1ndonos estar demasiado atentos a las noticias negativas que todos los d\u00edas nos entran sin pedir permiso.<\/strong><\/p>\n<p style=\"text-align: justify;\">No obstante, tampoco hay que olvidar que, a pesar de estas ventajas, aquellas personas que teletrabajamos estamos m\u00e1s expuestas a una serie de riesgos y efectos perniciosos (<a href=\"https:\/\/www.researchgate.net\/publication\/327051423_Impacto_de_la_tecnologia_como_nuevo_riesgo_psicosocial_en_el_trabajo\" target=\"_blank\" rel=\"noopener noreferrer\">psicol\u00f3gicos<\/a>, sociales y de salud) a los que tendremos que enfrentarnos.<\/p>\n<h2 style=\"text-align: justify;\">El riesgo de auto-explotaci\u00f3n<\/h2>\n<p style=\"text-align: justify;\">\u00bfEstuvo teletrabajando el pasado domingo? \u00bfLo hizo alg\u00fan d\u00eda esta semana despu\u00e9s de las 9 de la noche? Si es as\u00ed, no hace falta entrar en p\u00e1nico, probablemente muchas otras personas lo hac\u00edan tambi\u00e9n. <strong>Cuando el teletrabajo transforma espacios de la vida privada en lugares de actividad laboral, corremos el peligro de que nuestra jornada se extienda hasta l\u00edmites insospechados<\/strong>, con una total falta de control de su duraci\u00f3n. El teletrabajo puede traernos nuevas formas de explotaci\u00f3n. En muchos casos, auto-explotaci\u00f3n.<\/p>\n<p style=\"text-align: justify;\">No es que me oponga o no est\u00e9 de acuerdo con el teletrabajo. Todo lo contrario. Creo firmemente en las posibilidades y libertad que estas nuevas formas de trabajo nos ofrecen. Pero desde el campo de <a href=\"https:\/\/link.springer.com\/article\/10.1007\/s11528-020-00483-7\" target=\"_blank\" rel=\"noopener noreferrer\">la salud ocupacional sabemos<\/a> que tambi\u00e9n introducen nuevos riesgos en nuestras vidas, especialmente porque caminamos hacia una sociedad de trabajo de 24 horas donde un horario regular de trabajo (de 9 a 18, por ejemplo) corre el riesgo de convertirse en una rareza.<\/p>\n<h2 style=\"text-align: justify;\">Activaci\u00f3n permanente y aumento de la brecha digital<\/h2>\n<p style=\"text-align: justify;\">Adem\u00e1s, el teletrabajo nos puede generar otros inconvenientes. A saber: activaci\u00f3n permanente, incremento de tareas y demandas laborales cada vez m\u00e1s complejas, contaminaci\u00f3n de nuestras relaciones familiares y personales, soledad y falta de apoyo de otros compa\u00f1eros\u2026 Sin olvidar el aumento de la brecha digital entre clases socioecon\u00f3micas \u2013 con o sin acceso a la tecnolog\u00eda\u2013 y generaciones \u2013j\u00f3venes nativos que nacieron en esta era tecnol\u00f3gica frente a los m\u00e1s mayores, \u201cinmigrantes digitales\u201d, que tuvimos que migrar hacia estos nuevos territorios\u2013.<\/p>\n<p style=\"text-align: justify;\">Todos estos riesgos pueden perjudicar nuestra salud provocando, en principio, estr\u00e9s (tecnoestr\u00e9s) y agotamiento. Que luego tienen implicaciones sobre la <a href=\"https:\/\/www.researchgate.net\/profile\/Aida_Isabel_Tavares\/publication\/318108862_Telework_and_health_effects_review\/links\/5966524e0f7e9b80917fea7d\/Telework-and-health-effects-review.pdf\" target=\"_blank\" rel=\"noopener noreferrer\">salud f\u00edsica<\/a> (problemas cardiovasculares, trastornos m\u00fasculo-esquel\u00e9ticos por las largas jornadas frente al ordenador, des\u00f3rdenes gastrointestinales por la ruptura de ritmos de comida) y <a href=\"https:\/\/link.springer.com\/article\/10.1007\/s41542-018-0022-8\" target=\"_blank\" rel=\"noopener noreferrer\">psicosocial<\/a> (depresi\u00f3n, ruptura de relaciones sociales y familiares, aislamiento, soledad).<\/p>\n<h2 style=\"text-align: justify;\">Prevenir los riesgos del teletrabajo<\/h2>\n<p style=\"text-align: justify;\">La defensa y prevenci\u00f3n de estos riegos debe pasar por un cambio en la forma de entender el trabajo, tanto por parte de las organizaciones como de nosotros mismos. Teletrabajar no es sustituir la oficina por la casa sin m\u00e1s (seg\u00fan una \u00f3ptica industrial del siglo XIX). Debe implicar diversas adaptaciones organizativas, legales y conductuales.<\/p>\n<p style=\"text-align: justify;\">Algunas de las acciones individuales que deber\u00edamos implementar podr\u00edan ser:<\/p>\n<ol style=\"text-align: justify;\">\n<li>Cambiar nuestra concepci\u00f3n de disponibilidad constante.<\/li>\n<li>Limitar de manera consciente el tiempo de trabajo estableciendo y respetando horarios de descanso.<\/li>\n<li>Controlar el acceso a grupos de trabajo en redes sociales.<\/li>\n<li>Separar espacios f\u00edsicos de trabajo en nuestra casa de otros privados.<\/li>\n<\/ol>\n<p style=\"text-align: justify;\">Asimismo, convendr\u00eda introducir cambios en nuestros h\u00e1bitos sociales, tales como incrementar el intervalo de tiempo de consulta de mensajes entrantes, o desarrollar estrategias de afrontamiento hacia las demandas laborales y organizativas. En otras palabras, priorizar actividades y aprender a decir \u201cno\u201d sin que ello nos genere problemas de remordimiento o frustraci\u00f3n.<\/p>\n<p style=\"text-align: justify;\">Al mismo tiempo, las organizaciones y gobiernos deben asumir su responsabilidad promoviendo el teletrabajo de una manera responsable, respetando los tiempos y d\u00edas de descanso y asesorando y dando pautas a los empleados para <a href=\"http:\/\/resourcecentre.etuc.org\/linked_files\/documents\/Framework%20agreement%20on%20telework%20EN.pdf%C3%A7\" target=\"_blank\" rel=\"noopener noreferrer\">gestionar<\/a> estas nuevas formas laborales.<\/p>\n<p style=\"text-align: justify;\">Ning\u00fan cambio es inmediato, pero estoy convencido de que modificando y adaptando h\u00e1bitos personales, sociales y laborales podremos practicar de manera saludable estas nuevas formas de trabajo. Formas que, a diferencia de este estado alarma, han venido para quedarse en nuestras vidas.<img data-recalc-dims=\"1\" loading=\"lazy\" decoding=\"async\" class=\"loading\" src=\"https:\/\/i0.wp.com\/counter.theconversation.com\/content\/135221\/count.gif?resize=1%2C1&#038;ssl=1\" alt=\"The Conversation\" width=\"1\" height=\"1\" data-was-processed=\"true\" \/><\/p>\n<p style=\"text-align: justify;\"><em><a href=\"https:\/\/theconversation.com\/profiles\/francisco-diaz-bretones-864290\" target=\"_blank\" rel=\"noopener noreferrer\">Francisco Diaz Bretones<\/a>, Profesor titular de Psicolog\u00eda Social. Responsable del grupo e investigaci\u00f3n WISE (Wellbeing for Individuals, Society and Enterprises), <a href=\"https:\/\/theconversation.com\/institutions\/universidad-de-granada-3487\" target=\"_blank\" rel=\"noopener noreferrer\">Universidad de Granada<\/a><\/em><\/p>\n<p style=\"text-align: justify;\"><em>Este art\u00edculo fue publicado originalmente en <a href=\"https:\/\/theconversation.com\" target=\"_blank\" rel=\"noopener noreferrer\">The Conversation<\/a>. Lea el <a href=\"https:\/\/theconversation.com\/el-teletrabajo-tambien-nos-puede-enfermar-135221\" target=\"_blank\" rel=\"noopener noreferrer\">original<\/a>.<\/em><\/p>\n<aside class=\"ssnn estirar\">\n<section class=\"cnt-modulo lst-keywords\">\n<div>\u00a0<\/div>\n<\/section>\n<\/aside>\n<div class=\"cnt-izq\" style=\"text-align: justify;\">\n<div class=\"cnt-metas\">\n<div class=\"autor\"><a href=\"https:\/\/cadenaser.com\/autor\/the_conversation\/a\/\" rel=\"nofollow\">Francisco Diaz Bretones<\/a><\/div>\n<\/div>\n<\/div>\n<p style=\"text-align: justify;\">FOTO: El teletrabajo tambi\u00e9n nos puede enfermar \/ Getty Images<\/p>\n<div class=\"cnt-multimedia estirar\">\n<figure>\n<div style=\"text-align: justify;\">\u00a0<\/div>\n<\/figure>\n<\/div>\n","protected":false},"excerpt":{"rendered":"<p>Se calcula que en la Uni\u00f3n Europea el 5% de la poblaci\u00f3n activa teletrabaja normalmente&#8230;<\/p>\n","protected":false},"author":1,"featured_media":39030,"comment_status":"closed","ping_status":"closed","sticky":false,"template":"","format":"standard","meta":{"_coblocks_attr":"","_coblocks_dimensions":"","_coblocks_responsive_height":"","_coblocks_accordion_ie_support":"","jetpack_post_was_ever_published":false,"_jetpack_newsletter_access":"","_jetpack_dont_email_post_to_subs":false,"_jetpack_newsletter_tier_id":0,"_jetpack_memberships_contains_paywalled_content":false,"_jetpack_memberships_contains_paid_content":false,"footnotes":"","jetpack_publicize_message":"","jetpack_publicize_feature_enabled":true,"jetpack_social_post_already_shared":false,"jetpack_social_options":{"image_generator_settings":{"template":"highway","default_image_id":0,"enabled":false},"version":2}},"categories":[1161,7149,44,6937,15],"tags":[7203,7021,7227],"class_list":["post-39029","post","type-post","status-publish","format-standard","has-post-thumbnail","hentry","category-ciudadania","category-coronavirus","category-noticias-de-hoy","category-sociedad","category-ultimas-noticias","tag-confinados","tag-coronavirus","tag-teletrabajo"],"jetpack_publicize_connections":[],"jetpack_featured_media_url":"https:\/\/i0.wp.com\/miradordeatarfe.es\/wp-content\/uploads\/2020\/04\/1586106935_306224_1586107449_noticia_normal_recorte1.jpg?fit=1300%2C867&ssl=1","jetpack_likes_enabled":true,"jetpack_sharing_enabled":true,"_links":{"self":[{"href":"https:\/\/miradordeatarfe.es\/index.php?rest_route=\/wp\/v2\/posts\/39029","targetHints":{"allow":["GET"]}}],"collection":[{"href":"https:\/\/miradordeatarfe.es\/index.php?rest_route=\/wp\/v2\/posts"}],"about":[{"href":"https:\/\/miradordeatarfe.es\/index.php?rest_route=\/wp\/v2\/types\/post"}],"author":[{"embeddable":true,"href":"https:\/\/miradordeatarfe.es\/index.php?rest_route=\/wp\/v2\/users\/1"}],"replies":[{"embeddable":true,"href":"https:\/\/miradordeatarfe.es\/index.php?rest_route=%2Fwp%2Fv2%2Fcomments&post=39029"}],"version-history":[{"count":1,"href":"https:\/\/miradordeatarfe.es\/index.php?rest_route=\/wp\/v2\/posts\/39029\/revisions"}],"predecessor-version":[{"id":39031,"href":"https:\/\/miradordeatarfe.es\/index.php?rest_route=\/wp\/v2\/posts\/39029\/revisions\/39031"}],"wp:featuredmedia":[{"embeddable":true,"href":"https:\/\/miradordeatarfe.es\/index.php?rest_route=\/wp\/v2\/media\/39030"}],"wp:attachment":[{"href":"https:\/\/miradordeatarfe.es\/index.php?rest_route=%2Fwp%2Fv2%2Fmedia&parent=39029"}],"wp:term":[{"taxonomy":"category","embeddable":true,"href":"https:\/\/miradordeatarfe.es\/index.php?rest_route=%2Fwp%2Fv2%2Fcategories&post=39029"},{"taxonomy":"post_tag","embeddable":true,"href":"https:\/\/miradordeatarfe.es\/index.php?rest_route=%2Fwp%2Fv2%2Ftags&post=39029"}],"curies":[{"name":"wp","href":"https:\/\/api.w.org\/{rel}","templated":true}]}}