{"id":39080,"date":"2020-04-13T11:14:20","date_gmt":"2020-04-13T09:14:20","guid":{"rendered":"http:\/\/miradordeatarfe.es\/?p=39080"},"modified":"2020-04-11T17:56:21","modified_gmt":"2020-04-11T15:56:21","slug":"todavia-no-te-has-unido-al-reto-que-lee-atarfe-durante-la-cuarentena","status":"publish","type":"post","link":"https:\/\/miradordeatarfe.es\/?p=39080","title":{"rendered":"ATARFE:\u00bfTodav\u00eda no te has unido al Reto Qu\u00e9 lee Atarfe durante la Cuarentena?"},"content":{"rendered":"<h3 class=\"post-meta\">\u00a0Ya son muchos Atarfe\u00f1os y Atarfe\u00f1as que se han unido a esta bonita iniciativa de la Biblioteca Municipal de Atarfe.<\/h3>\n<div>\u00a0<\/div>\n<div class=\"post-meta\">Este a\u00f1o queremos celebrar de manera especial el D\u00eda Internacional del Libro el pr\u00f3ximo 23 de Abril. Vamos a dejar para el recuerdo lo que Atarfe le\u00eda durante aquel confinamiento del Covid-19.<\/div>\n<p>\u00bfA qu\u00e9 esperas, s\u00f3lo faltas tu?<\/p>\n<p>Env\u00eda una foto tuya con el libro que est\u00e1s leyendo al WhatsApp 680 431 998, y dinos tu nombre, el t\u00edtulo del libro y el autor.<\/p>\n<p>\u00daNETE AL RETO<\/p>\n<p><a href=\"https:\/\/www.facebook.com\/pg\/ayuntamientoatarfe\/photos\/?tab=album&amp;album_id=2997554630308387\">https:\/\/www.facebook.com\/pg\/ayuntamientoatarfe\/photos\/?tab=album&amp;album_id=2997554630308387<\/a><\/p>\n<p><a href=\"https:\/\/www.facebook.com\/pg\/ayuntamientoatarfe\/photos\/?tab=album&amp;album_id=2995559863841197\">https:\/\/www.facebook.com\/pg\/ayuntamientoatarfe\/photos\/?tab=album&amp;album_id=2995559863841197<\/a><\/p>\n<p><a href=\"https:\/\/www.facebook.com\/pg\/ayuntamientoatarfe\/photos\/?tab=album&amp;album_id=2995119127218604\">https:\/\/www.facebook.com\/pg\/ayuntamientoatarfe\/photos\/?tab=album&amp;album_id=2995119127218604<\/a><\/p>\n<p><a href=\"https:\/\/i0.wp.com\/miradordeatarfe.es\/wp-content\/uploads\/2020\/04\/web-mosaico-grande-3.jpg?ssl=1\"><img data-recalc-dims=\"1\" loading=\"lazy\" decoding=\"async\" class=\"wp-image-39081 size-large aligncenter\" src=\"https:\/\/i0.wp.com\/miradordeatarfe.es\/wp-content\/uploads\/2020\/04\/web-mosaico-grande-3.jpg?resize=347%2C1024&#038;ssl=1\" alt=\"\" width=\"347\" height=\"1024\" srcset=\"https:\/\/i0.wp.com\/miradordeatarfe.es\/wp-content\/uploads\/2020\/04\/web-mosaico-grande-3.jpg?resize=347%2C1024&amp;ssl=1 347w, https:\/\/i0.wp.com\/miradordeatarfe.es\/wp-content\/uploads\/2020\/04\/web-mosaico-grande-3.jpg?resize=102%2C300&amp;ssl=1 102w, https:\/\/i0.wp.com\/miradordeatarfe.es\/wp-content\/uploads\/2020\/04\/web-mosaico-grande-3.jpg?resize=520%2C1536&amp;ssl=1 520w, https:\/\/i0.wp.com\/miradordeatarfe.es\/wp-content\/uploads\/2020\/04\/web-mosaico-grande-3.jpg?w=600&amp;ssl=1 600w\" sizes=\"auto, (max-width: 347px) 100vw, 347px\" \/><\/a><\/p>\n<p>#AtarfeTeNecesita<br \/>\n#AtarfeSeQuedaEnCasa<br \/>\n#TodoVaASalirBien<\/p>\n","protected":false},"excerpt":{"rendered":"<p>\u00a0Ya son muchos Atarfe\u00f1os y Atarfe\u00f1as que se han unido a esta bonita iniciativa de&#8230;<\/p>\n","protected":false},"author":1,"featured_media":39082,"comment_status":"closed","ping_status":"closed","sticky":false,"template":"","format":"standard","meta":{"_coblocks_attr":"","_coblocks_dimensions":"","_coblocks_responsive_height":"","_coblocks_accordion_ie_support":"","jetpack_post_was_ever_published":false,"_jetpack_newsletter_access":"","_jetpack_dont_email_post_to_subs":false,"_jetpack_newsletter_tier_id":0,"_jetpack_memberships_contains_paywalled_content":false,"_jetpack_memberships_contains_paid_content":false,"footnotes":"","jetpack_publicize_message":"","jetpack_publicize_feature_enabled":true,"jetpack_social_post_already_shared":false,"jetpack_social_options":{"image_generator_settings":{"template":"highway","default_image_id":0,"enabled":false},"version":2}},"categories":[1],"tags":[7234],"class_list":["post-39080","post","type-post","status-publish","format-standard","has-post-thumbnail","hentry","category-uncategorized","tag-biblioteca-de-atarfe"],"jetpack_publicize_connections":[],"jetpack_featured_media_url":"https:\/\/i0.wp.com\/miradordeatarfe.es\/wp-content\/uploads\/2020\/04\/unnamed-2.jpg?fit=375%2C271&ssl=1","jetpack_likes_enabled":true,"jetpack_sharing_enabled":true,"_links":{"self":[{"href":"https:\/\/miradordeatarfe.es\/index.php?rest_route=\/wp\/v2\/posts\/39080","targetHints":{"allow":["GET"]}}],"collection":[{"href":"https:\/\/miradordeatarfe.es\/index.php?rest_route=\/wp\/v2\/posts"}],"about":[{"href":"https:\/\/miradordeatarfe.es\/index.php?rest_route=\/wp\/v2\/types\/post"}],"author":[{"embeddable":true,"href":"https:\/\/miradordeatarfe.es\/index.php?rest_route=\/wp\/v2\/users\/1"}],"replies":[{"embeddable":true,"href":"https:\/\/miradordeatarfe.es\/index.php?rest_route=%2Fwp%2Fv2%2Fcomments&post=39080"}],"version-history":[{"count":2,"href":"https:\/\/miradordeatarfe.es\/index.php?rest_route=\/wp\/v2\/posts\/39080\/revisions"}],"predecessor-version":[{"id":39084,"href":"https:\/\/miradordeatarfe.es\/index.php?rest_route=\/wp\/v2\/posts\/39080\/revisions\/39084"}],"wp:featuredmedia":[{"embeddable":true,"href":"https:\/\/miradordeatarfe.es\/index.php?rest_route=\/wp\/v2\/media\/39082"}],"wp:attachment":[{"href":"https:\/\/miradordeatarfe.es\/index.php?rest_route=%2Fwp%2Fv2%2Fmedia&parent=39080"}],"wp:term":[{"taxonomy":"category","embeddable":true,"href":"https:\/\/miradordeatarfe.es\/index.php?rest_route=%2Fwp%2Fv2%2Fcategories&post=39080"},{"taxonomy":"post_tag","embeddable":true,"href":"https:\/\/miradordeatarfe.es\/index.php?rest_route=%2Fwp%2Fv2%2Ftags&post=39080"}],"curies":[{"name":"wp","href":"https:\/\/api.w.org\/{rel}","templated":true}]}}