{"id":39168,"date":"2020-04-18T11:56:31","date_gmt":"2020-04-18T09:56:31","guid":{"rendered":"http:\/\/miradordeatarfe.es\/?p=39168"},"modified":"2020-04-17T09:59:34","modified_gmt":"2020-04-17T07:59:34","slug":"bulos-en-tiempos-de-crisis-por-maria-serra","status":"publish","type":"post","link":"https:\/\/miradordeatarfe.es\/?p=39168","title":{"rendered":"\u00abBULOS EN TIEMPOS DE CRISIS\u00bb por Mar\u00eda Serra"},"content":{"rendered":"<h4 style=\"text-align: justify;\">Desde que empez\u00f3 la crisis del coronavirus, seg\u00fan la plataforma Maldito Bulo se han superado los 400 bulos. Muchos de ellos sobre falsas curas o maneras de prevenir el contagio. Otros tantos han sido informaciones falsas acerca de la gesti\u00f3n de la crisis y del gobierno cuya finalidad era estrictamente pol\u00edtica.<\/h4>\n<p style=\"text-align: justify;\">La RAE define la palabra bulo como una \u201cnoticia falsa propagada con alg\u00fan fin\u201d. La desinformaci\u00f3n es uno de los fen\u00f3menos m\u00e1s peligrosos de nuestra sociedad tal y como la conocemos. Si hay algo capaz de crear movimientos reivindicativos o ideol\u00f3gicos es la opini\u00f3n p\u00fablica. Los medios de comunicaci\u00f3n son creadores de opini\u00f3n y como tales tienen un poder ilimitado.<\/p>\n<p style=\"text-align: justify;\">Desde la Primera Guerra Mundial ya se usaba la llamada propaganda para debilitar al rival y, adem\u00e1s, conseguir la aprobaci\u00f3n de la sociedad era tan importante como ganar la guerra. Desde entonces, estas t\u00e9cnicas han sido utilizadas en conflictos como la Segunda Guerra Mundial, la Guerra Fr\u00eda o la Guerra Civil Espa\u00f1ola.<\/p>\n<p style=\"text-align: justify;\">Actualmente, el mundo vive una crisis sanitaria sin precedentes. Con m\u00e1s de 1 mill\u00f3n de casos confirmados y 109.823 fallecidos, el COVID-19 se ha convertido en una enfermedad a la orden del d\u00eda. Los momentos de crisis son d\u00e9biles y complicados. Esto provoca que los oportunistas tengan la situaci\u00f3n perfecta para aprovecharse de acuerdo con sus intereses.<\/p>\n<p style=\"text-align: justify;\">Muchos son los bulos que han aparecido desde que empez\u00f3 esta pandemia. Nos encontramos en un momento desesperado en el que corren cadenas en WhatsApp, videos virales en Facebook, supuestos expertos contradiciendo datos y pol\u00edticos haciendo campa\u00f1a en busca de votos vac\u00edos.Nosotros, como ciudadanos, tenemos responsabilidades y derechos. El derecho a la libertad de informaci\u00f3n reconocido en el art\u00edculo 20 es componente clave del derecho a la libertad de pensamiento y expresi\u00f3n. Nuestra responsabilidad es no dejar que las informaciones penetren sin criterio ni contraste.<\/p>\n<p style=\"text-align: justify;\">En una encuesta con una muestra de 28 personas de entre 18 y 60 a\u00f1os, el 43% admite no contrastar la informaci\u00f3n que recibe. Todos reconocen haber le\u00eddo alguna vez en redes sociales un titular que result\u00f3 ser falso y m\u00e1s del 70% desconoce plataformas dedicadas a desmentir bulos o noticias falsas.Actitudes como no contrastar informaci\u00f3n en diferentes medios, caer en el \u201cclickbait\u201d y la prensa sensacionalista son errores tan comunes como nefastos. Aprender a informarnos es la asignatura pendiente en nuestra sociedad educativa. El 86% de los encuestados niega que la informaci\u00f3n ofrecida por los medios sea veraz. La credibilidad est\u00e1 cayendo en picado y el retorno no es f\u00e1cil. Medios al servicio del poder.<\/p>\n<p style=\"text-align: justify;\">Tambi\u00e9n son muchos los partidos pol\u00edticos que aprovechan una crisis sanitaria para desestabilizar al gobierno de coalici\u00f3n y abrir un debate pol\u00edtico. \u00bfEs el momento de buscar culpables? \u00bfEs el momento de apuntar con el dedo y acusar ideol\u00f3gicamente?<\/p>\n<p style=\"text-align: justify;\">VOX, tercera fuerza del pa\u00eds con 52 diputados, dedica el tiempo de esta cuarentena a crear cuentas falsas en Twitter (llamados bots) y fomentar hashtags incriminatorios para<br \/>\nculpar al gobierno de las miles de muertes causadas por el COVID-19. Todo esto mientras la sociedad es golpeada por la dureza del virus.<\/p>\n<p style=\"text-align: justify;\">Pero VOX no ha sido el \u00fanico partido encargado de plantar el odio en plena pandemia. La presidenta de la Comunidad de Madrid, Isabel D\u00edaz Ayuso, ha acusado al gobierno de mentir respecto a las cifras de muertos en Espa\u00f1a. La instrumentalizaci\u00f3n de los muertos que est\u00e1n haciendo es infame. Lo cierto es que Espa\u00f1a es un Estado descentralizado y las competencias de Sanidad se encuentran en las comunidades aut\u00f3nomas, es decir, estas aportan al Ministerio de Sanidad los n\u00fameros de contagiados y muertes por el coronavirus.<\/p>\n<p style=\"text-align: justify;\">Como estos, hay numerosas informaciones que corren por las redes y medios con el \u00fanico fin de crear divisi\u00f3n. Espa\u00f1a se encuentra en un momento cr\u00edtico y nosotros debemos colaborar. Ayudarnos unos a otros, tender la mano y dejar atr\u00e1s nuestras diferencias. El odio solo conlleva m\u00e1s odio. Si en estas situaciones no estamos unidos, \u00bfcu\u00e1ndo lo estaremos? Se necesita m\u00e1s solidaridad y menos desavenencia.<\/p>\n","protected":false},"excerpt":{"rendered":"<p>Desde que empez\u00f3 la crisis del coronavirus, seg\u00fan la plataforma Maldito Bulo se han superado&#8230;<\/p>\n","protected":false},"author":1,"featured_media":39169,"comment_status":"closed","ping_status":"closed","sticky":false,"template":"","format":"standard","meta":{"_coblocks_attr":"","_coblocks_dimensions":"","_coblocks_responsive_height":"","_coblocks_accordion_ie_support":"","jetpack_post_was_ever_published":false,"_jetpack_newsletter_access":"","_jetpack_dont_email_post_to_subs":false,"_jetpack_newsletter_tier_id":0,"_jetpack_memberships_contains_paywalled_content":false,"_jetpack_memberships_contains_paid_content":false,"footnotes":"","jetpack_publicize_message":"","jetpack_publicize_feature_enabled":true,"jetpack_social_post_already_shared":false,"jetpack_social_options":{"image_generator_settings":{"template":"highway","default_image_id":0,"enabled":false},"version":2}},"categories":[1161,7149,7244,44,6937,15],"tags":[1535,7021,7166,7241],"class_list":["post-39168","post","type-post","status-publish","format-standard","has-post-thumbnail","hentry","category-ciudadania","category-coronavirus","category-opinion-de-maria-serra","category-noticias-de-hoy","category-sociedad","category-ultimas-noticias","tag-bulos","tag-coronavirus","tag-covid-19","tag-partidos-de-derechas"],"jetpack_publicize_connections":[],"jetpack_featured_media_url":"https:\/\/i0.wp.com\/miradordeatarfe.es\/wp-content\/uploads\/2020\/04\/bulos.png?fit=638%2C380&ssl=1","jetpack_likes_enabled":true,"jetpack_sharing_enabled":true,"_links":{"self":[{"href":"https:\/\/miradordeatarfe.es\/index.php?rest_route=\/wp\/v2\/posts\/39168","targetHints":{"allow":["GET"]}}],"collection":[{"href":"https:\/\/miradordeatarfe.es\/index.php?rest_route=\/wp\/v2\/posts"}],"about":[{"href":"https:\/\/miradordeatarfe.es\/index.php?rest_route=\/wp\/v2\/types\/post"}],"author":[{"embeddable":true,"href":"https:\/\/miradordeatarfe.es\/index.php?rest_route=\/wp\/v2\/users\/1"}],"replies":[{"embeddable":true,"href":"https:\/\/miradordeatarfe.es\/index.php?rest_route=%2Fwp%2Fv2%2Fcomments&post=39168"}],"version-history":[{"count":2,"href":"https:\/\/miradordeatarfe.es\/index.php?rest_route=\/wp\/v2\/posts\/39168\/revisions"}],"predecessor-version":[{"id":39188,"href":"https:\/\/miradordeatarfe.es\/index.php?rest_route=\/wp\/v2\/posts\/39168\/revisions\/39188"}],"wp:featuredmedia":[{"embeddable":true,"href":"https:\/\/miradordeatarfe.es\/index.php?rest_route=\/wp\/v2\/media\/39169"}],"wp:attachment":[{"href":"https:\/\/miradordeatarfe.es\/index.php?rest_route=%2Fwp%2Fv2%2Fmedia&parent=39168"}],"wp:term":[{"taxonomy":"category","embeddable":true,"href":"https:\/\/miradordeatarfe.es\/index.php?rest_route=%2Fwp%2Fv2%2Fcategories&post=39168"},{"taxonomy":"post_tag","embeddable":true,"href":"https:\/\/miradordeatarfe.es\/index.php?rest_route=%2Fwp%2Fv2%2Ftags&post=39168"}],"curies":[{"name":"wp","href":"https:\/\/api.w.org\/{rel}","templated":true}]}}