{"id":39172,"date":"2020-04-16T19:34:01","date_gmt":"2020-04-16T17:34:01","guid":{"rendered":"http:\/\/miradordeatarfe.es\/?p=39172"},"modified":"2020-04-16T19:34:26","modified_gmt":"2020-04-16T17:34:26","slug":"estos-son-los-requisitos-para-solicitar-una-de-lasmil-lineas-de-conexion-a-internet-que-ofrece-la-universidad-de-granada-a-sus-estudiantes","status":"publish","type":"post","link":"https:\/\/miradordeatarfe.es\/?p=39172","title":{"rendered":"Estos son los requisitos para solicitar una de lasmil l\u00edneas de conexi\u00f3n a internet que ofrece la Universidad de Granada a sus estudiantes"},"content":{"rendered":"<header class=\"pg-head\">\n<h3 class=\"text\" style=\"text-align: justify;\">Se abre el plazo para pedir este recurso, destinado a garantizar que todos los matriculados puedan seguir la docencia desde sus casas.Estos son los requisitos para solicitar una de las mil l\u00edneas de conexi\u00f3n de internet que ofrece la Universidad de Granada a sus estudiantes <wbr \/>.<\/h3>\n<p>&nbsp;<\/p>\n<\/header>\n<div class=\"gd\">\n<div class=\"gdu u16 u-first\">\n<div class=\"pg-media\" style=\"text-align: justify;\">\u00a0La Universidad de Granada ha puesto a disposici\u00f3n del estudiantado hasta 1.000 l\u00edneas de conexi\u00f3n a internet 4G que, en caso de necesidad, podr\u00e1n ampliarse. En esta fase, se trata de 777 l\u00edneas de 300 GB, con sus correspondientes <em class=\"mce\">smartphones<\/em>, cedidas directamente por la Universidad de Granada. Estas l\u00edneas se suman a las <strong class=\"mce\">233 tarjetas\u00a0SIM<\/strong>\u00a0de datos proporcionadas por la Junta de Andaluc\u00eda. Con anterioridad la UGR cedi\u00f3 equipos inform\u00e1ticos, unos 30 en una primera tanda. Estos recursos son una cesi\u00f3n temporal.\u00a0Los posibles beneficiarios de esta medida son aquellos estudiantes que no dispongan de conexi\u00f3n a internet o datos m\u00f3viles que les permitan seguir la docencia no presencial o que, teni\u00e9ndola, no les resulte suficiente para seguir de modo adecuado la docencia no presencial.<\/div>\n<div class=\"pg-body\">\n<div class=\"mce-body \">\n<p class=\"mce\" style=\"text-align: justify;\">La rectora de la Universidad de Granada, <strong class=\"mce\">Pilar Aranda<\/strong>, explic\u00f3 que \u201cesta medida, como hemos dicho estas \u00faltimas semanas, tiene un objetivo muy claro: que ninguno de nuestros estudiantes se quede atr\u00e1s porque tenga dificultades de acceso a la docencia. Hemos puesto estas mil pero si son necesarias m\u00e1s, el estudiantado no debe tener dudas. Pondremos m\u00e1s a su servicio\u201d.\u00a0Cualquier estudiante puede pedir esta ayuda tecnol\u00f3gica, que se ha hecho p\u00fablico este mi\u00e9rcoles a trav\u00e9s de una resoluci\u00f3n del \u00a0vicerrectorado de Estudiantes y Empleabilidad. No obstante, seg\u00fan esta resoluci\u00f3n, se tendr\u00e1 en cuenta de modo preferente en la aplicaci\u00f3n de la medida que el solicitante <strong class=\"mce\">re\u00fana algunas de las siguientes condiciones<\/strong>: ser beneficiario de una beca de la convocatoria\u00a0general del Ministerio de Educaci\u00f3n para el curso 2019-20, sin superar el umbral 1 de renta familiar, ser becario del Plan Propio de la Universidad de Granada durante el curso 2019-2020 y no superar el umbral 1 de renta familiar o ser beneficiario de una ayuda de car\u00e1cter social durante este curso acad\u00e9mico.<\/p>\n<p class=\"mce\" style=\"text-align: justify;\">Quienes deseen acceder a alguna de estas l\u00edneas deber\u00e1n hacerlo en los pr\u00f3ximos <strong class=\"mce\">cinco d\u00edas h\u00e1biles<\/strong> desde hoy mi\u00e9rcoles. La solicitud se encuentra <a class=\"mce\" href=\"https:\/\/docs.google.com\/forms\/d\/e\/1FAIpQLSfsIOEzAPlSH56hqun8jTHUT7UJmpvDlAoNw3TiIBgDrv01uQ\/viewform\">en este enlace<\/a>.<\/p>\n<p>Importante. Las solicitudes podr\u00e1n hacerse llegar \u00fanica y exclusivamente mediante este formulario hasta las 14:00 del lunes 20 de abril del 2020.<\/p>\n<p style=\"text-align: justify;\"><span class=\"source\">R. G.<\/span><\/p>\n<p style=\"text-align: justify;\">https:\/\/www.granadahoy.com\/granada\/requisitos-solicitar-Universidad-Granada-conexion-internet_0_1455754808.html<\/p>\n<\/div>\n<\/div>\n<\/div>\n<\/div>\n","protected":false},"excerpt":{"rendered":"<p>Se abre el plazo para pedir este recurso, destinado a garantizar que todos los matriculados&#8230;<\/p>\n","protected":false},"author":1,"featured_media":39173,"comment_status":"closed","ping_status":"closed","sticky":false,"template":"","format":"standard","meta":{"_coblocks_attr":"","_coblocks_dimensions":"","_coblocks_responsive_height":"","_coblocks_accordion_ie_support":"","jetpack_post_was_ever_published":false,"_jetpack_newsletter_access":"","_jetpack_dont_email_post_to_subs":false,"_jetpack_newsletter_tier_id":0,"_jetpack_memberships_contains_paywalled_content":false,"_jetpack_memberships_contains_paid_content":false,"footnotes":"","jetpack_publicize_message":"","jetpack_publicize_feature_enabled":true,"jetpack_social_post_already_shared":false,"jetpack_social_options":{"image_generator_settings":{"template":"highway","default_image_id":0,"enabled":false},"version":2}},"categories":[1161,7149,44,6920,15],"tags":[306,963,2213],"class_list":["post-39172","post","type-post","status-publish","format-standard","has-post-thumbnail","hentry","category-ciudadania","category-coronavirus","category-noticias-de-hoy","category-tecnologia","category-ultimas-noticias","tag-internet","tag-ordenadores","tag-ugr"],"jetpack_publicize_connections":[],"jetpack_featured_media_url":"https:\/\/i0.wp.com\/miradordeatarfe.es\/wp-content\/uploads\/2020\/04\/requisitos-solicitar-Universidad-Granada-estudiantes_1455764814_120002502_667x375.jpg?fit=667%2C375&ssl=1","jetpack_likes_enabled":true,"jetpack_sharing_enabled":true,"_links":{"self":[{"href":"https:\/\/miradordeatarfe.es\/index.php?rest_route=\/wp\/v2\/posts\/39172","targetHints":{"allow":["GET"]}}],"collection":[{"href":"https:\/\/miradordeatarfe.es\/index.php?rest_route=\/wp\/v2\/posts"}],"about":[{"href":"https:\/\/miradordeatarfe.es\/index.php?rest_route=\/wp\/v2\/types\/post"}],"author":[{"embeddable":true,"href":"https:\/\/miradordeatarfe.es\/index.php?rest_route=\/wp\/v2\/users\/1"}],"replies":[{"embeddable":true,"href":"https:\/\/miradordeatarfe.es\/index.php?rest_route=%2Fwp%2Fv2%2Fcomments&post=39172"}],"version-history":[{"count":2,"href":"https:\/\/miradordeatarfe.es\/index.php?rest_route=\/wp\/v2\/posts\/39172\/revisions"}],"predecessor-version":[{"id":39175,"href":"https:\/\/miradordeatarfe.es\/index.php?rest_route=\/wp\/v2\/posts\/39172\/revisions\/39175"}],"wp:featuredmedia":[{"embeddable":true,"href":"https:\/\/miradordeatarfe.es\/index.php?rest_route=\/wp\/v2\/media\/39173"}],"wp:attachment":[{"href":"https:\/\/miradordeatarfe.es\/index.php?rest_route=%2Fwp%2Fv2%2Fmedia&parent=39172"}],"wp:term":[{"taxonomy":"category","embeddable":true,"href":"https:\/\/miradordeatarfe.es\/index.php?rest_route=%2Fwp%2Fv2%2Fcategories&post=39172"},{"taxonomy":"post_tag","embeddable":true,"href":"https:\/\/miradordeatarfe.es\/index.php?rest_route=%2Fwp%2Fv2%2Ftags&post=39172"}],"curies":[{"name":"wp","href":"https:\/\/api.w.org\/{rel}","templated":true}]}}