{"id":39193,"date":"2020-04-19T11:38:15","date_gmt":"2020-04-19T09:38:15","guid":{"rendered":"http:\/\/miradordeatarfe.es\/?p=39193"},"modified":"2020-04-17T20:47:07","modified_gmt":"2020-04-17T18:47:07","slug":"resurrecciones-por-juan-alfredo-bellon","status":"publish","type":"post","link":"https:\/\/miradordeatarfe.es\/?p=39193","title":{"rendered":"RESURRECCI\u00d3N[ES]  por JUAN ALFREDO BELL\u00d3N"},"content":{"rendered":"<p><i><b>RESURRECCI\u00d3N[ES] <\/b><\/i><b>por JUAN ALFREDO BELL\u00d3N <\/b><b>Para El Mirador de Atarfe <\/b><b>del domingo 19-04-20<\/b><\/p>\n<p style=\"text-align: justify;\"><span style=\"font-family: Liberation Sans, sans-serif;\"><span style=\"font-size: small;\">Escribo este articulo cuando el coronavirus reina ya en todo el mundo y cuando n<\/span><\/span><span style=\"font-family: Liberation Sans, sans-serif;\"><span style=\"font-size: small;\">os tiene encriptados a todos en nuestros cubiles familiares con tan pocas diferencias que apenas marcan las distancias reglamentarias de unos con otros; pienso en c\u00f3mo, en pocas d\u00e9cadas, se han llegado a mermar y se han reducido a casi nada esas diferencias que ahora priman m<\/span><\/span><span style=\"font-family: Liberation Sans, sans-serif;\"><span style=\"font-size: small;\">\u00e1s en el orden cuantitativo que cualitativo y en los contrastes entre los grados de oclusi\u00f3n social y en el espaciotemporal en que esta se cumple y los resultados m\u00e1s o menos satisfactorios que en cada caso se han producido. <\/span><\/span><\/p>\n<p style=\"text-align: justify;\"><span style=\"font-size: small;\"><span style=\"font-family: Liberation Sans, sans-serif;\">Por eso es concluyente y pr\u00e1cticamente aceptado en su totalidad que padecemos una pandemia global y que sea tan grave como generalizada y que nos marque las distancias reglamentarias en apenas unas pocas cuestiones que priman m\u00e1s en el orden cuantitativo que cualitativo. As\u00ed los contrastes entre los grados de oclusi\u00f3n social, o el tiempo en que esta se cumple y los resultados m\u00e1s o menos satisfactorios que en cada caso se ha producido. Por eso es concluyente y pr\u00e1cticamente aceptado en su totalidad el hecho de que padezcamos una pandemia global y que es tan grave su <\/span><span style=\"font-family: Liberation Sans, sans-serif;\"><i>condici\u00f3n sine qua non<\/i><\/span><b> <\/b><span style=\"font-family: Liberation Sans, sans-serif;\">para cur\u00e1rnosla que sea global su dominio, de modo que se logre detener la enfermedad y se consiga la sanaci\u00f3n de la no corta lista de infectados hasta que sea general el consenso y que el diagn\u00f3stico sea un\u00e1nimemente aceptado y compartido. <\/span><\/span><\/p>\n<p class=\"western\" style=\"text-align: justify;\"><span style=\"font-size: small;\">El caso es que, pese a quien pese, nadie podr\u00e1 negar que ya el mundo nunca volver\u00e1 a ser como fue y, cuando digo el mundo, digo sobre todo tambi\u00e9n todas y cada una de las personas que lo habitamos, lo que vale decirlo <b>per se <\/b>y <b>per allio<\/b>. De lo que se deduce que nada es solo<b> per se<\/b> y todo tambi\u00e9n es <b>per allio<\/b>, encajado en su estructura y colocado en su lugar espacio temporal. C\u00f3mo va a entenderse si no el modo como Mariano Rajoy se salta hoy a la torera esa disciplina. Lo que pasa es que, desde ahora, se nos ve el plumero respecto a esa la disciplina de confinamiento, \u00e9l que es el anterior presidente del Gobierno de un partido que est\u00e1 acatando precisaminamiento en el domicilio familiar, esa obligaci\u00f3n c\u00edvica que \u201cqui\u00e9n me va a decir a m\u00ed que yo atente contra mi libertad y por ello sepa cuanto tiempo lo mismo se le ve a Jos\u00e9 Mar\u00eda Aznar cuando se traslada a Marbella a veranear el mismo d\u00eda que comienza el confinamiento domociliario en Marbella <i>o si vino o no y qu\u00e9 vinoy qu\u00e9 y cu\u00e1nto vino debo beber.<\/i>.. a m\u00ed que he sido el Jefe del Ejecutivo. Es como el mismo concepto patrimonialista del Estado y de sus normas que exhiben los arquitectos y urbanistas de VOX pas\u00e1ndose por el forro de sus verg\u00fcenzas la firma colegiada de sus proyectos y colegiaci\u00f3n exigida, encima de ser cargos p\u00fablicos en el Ayuntamiento de Madrid y en otros de su Prov\u00edncia y Comunidad, por solo tener un largo apellido que empieza por<i> Espinosa&#8230;<\/i> y que sin embargo recuerda la arisrocracia de pacotilla de <i>La Cenicienta<\/i> de Disney. <\/span><\/p>\n<p class=\"western\" style=\"text-align: justify;\"><span style=\"font-size: small;\"><span style=\"font-family: Liberation Sans, sans-serif;\">Mientras todo esto sucede, los pol\u00edticos de la plebe se dedican a asistir a Comisiones y Juntas de Portavoces y de camino reciben del pueblo y de muchos periodistas los insultos de <\/span><span style=\"font-family: Liberation Sans, sans-serif;\">prostituir<\/span><span style=\"font-family: Liberation Sans, sans-serif;\"> su tarea constitucional pag\u00e1ndola con el riesgo de contraer la dichosa pandemia y <\/span><span style=\"font-family: Liberation Sans, sans-serif;\"><i>adem\u00e1s de jodidos, apaleados.<\/i><\/span><\/span><\/p>\n<p style=\"text-align: justify;\" align=\"JUSTIFY\"><span style=\"font-family: Liberation Sans, sans-serif;\"><span style=\"font-size: small;\">Incluso hay quien se atreve a amenzarlos ante los tribunales por no haber cumplido con su deber mientras los propios denunciantes gastan el dinero del herario p\u00fablico en querellarse a troche y moche contra todo lo que se mueve porque as\u00ed, con el dinero de todos los espa\u00f1oles, <b>se<\/b> <b>escarmienta a los pol\u00edticos <\/b> y, de camino, los criminalizan, como conviene a la ideolog\u00eda fascista que tan impunemente se exhibe. <\/span><\/span><\/p>\n","protected":false},"excerpt":{"rendered":"<p>RESURRECCI\u00d3N[ES] por JUAN ALFREDO BELL\u00d3N Para El Mirador de Atarfe del domingo 19-04-20 Escribo este&#8230;<\/p>\n","protected":false},"author":1,"featured_media":39194,"comment_status":"closed","ping_status":"closed","sticky":false,"template":"","format":"standard","meta":{"_coblocks_attr":"","_coblocks_dimensions":"","_coblocks_responsive_height":"","_coblocks_accordion_ie_support":"","jetpack_post_was_ever_published":false,"_jetpack_newsletter_access":"","_jetpack_dont_email_post_to_subs":false,"_jetpack_newsletter_tier_id":0,"_jetpack_memberships_contains_paywalled_content":false,"_jetpack_memberships_contains_paid_content":false,"footnotes":"","jetpack_publicize_message":"","jetpack_publicize_feature_enabled":true,"jetpack_social_post_already_shared":false,"jetpack_social_options":{"image_generator_settings":{"template":"highway","default_image_id":0,"enabled":false},"version":2}},"categories":[1161,7149,36,44,15],"tags":[7021,354],"class_list":["post-39193","post","type-post","status-publish","format-standard","has-post-thumbnail","hentry","category-ciudadania","category-coronavirus","category-opinion-de-juan-alfredo-bellon","category-noticias-de-hoy","category-ultimas-noticias","tag-coronavirus","tag-partidos-politicos"],"jetpack_publicize_connections":[],"jetpack_featured_media_url":"https:\/\/i0.wp.com\/miradordeatarfe.es\/wp-content\/uploads\/2020\/04\/15841868089257.jpg?fit=746%2C498&ssl=1","jetpack_likes_enabled":true,"jetpack_sharing_enabled":true,"_links":{"self":[{"href":"https:\/\/miradordeatarfe.es\/index.php?rest_route=\/wp\/v2\/posts\/39193","targetHints":{"allow":["GET"]}}],"collection":[{"href":"https:\/\/miradordeatarfe.es\/index.php?rest_route=\/wp\/v2\/posts"}],"about":[{"href":"https:\/\/miradordeatarfe.es\/index.php?rest_route=\/wp\/v2\/types\/post"}],"author":[{"embeddable":true,"href":"https:\/\/miradordeatarfe.es\/index.php?rest_route=\/wp\/v2\/users\/1"}],"replies":[{"embeddable":true,"href":"https:\/\/miradordeatarfe.es\/index.php?rest_route=%2Fwp%2Fv2%2Fcomments&post=39193"}],"version-history":[{"count":1,"href":"https:\/\/miradordeatarfe.es\/index.php?rest_route=\/wp\/v2\/posts\/39193\/revisions"}],"predecessor-version":[{"id":39195,"href":"https:\/\/miradordeatarfe.es\/index.php?rest_route=\/wp\/v2\/posts\/39193\/revisions\/39195"}],"wp:featuredmedia":[{"embeddable":true,"href":"https:\/\/miradordeatarfe.es\/index.php?rest_route=\/wp\/v2\/media\/39194"}],"wp:attachment":[{"href":"https:\/\/miradordeatarfe.es\/index.php?rest_route=%2Fwp%2Fv2%2Fmedia&parent=39193"}],"wp:term":[{"taxonomy":"category","embeddable":true,"href":"https:\/\/miradordeatarfe.es\/index.php?rest_route=%2Fwp%2Fv2%2Fcategories&post=39193"},{"taxonomy":"post_tag","embeddable":true,"href":"https:\/\/miradordeatarfe.es\/index.php?rest_route=%2Fwp%2Fv2%2Ftags&post=39193"}],"curies":[{"name":"wp","href":"https:\/\/api.w.org\/{rel}","templated":true}]}}