{"id":39206,"date":"2020-04-22T08:26:25","date_gmt":"2020-04-22T06:26:25","guid":{"rendered":"http:\/\/miradordeatarfe.es\/?p=39206"},"modified":"2020-04-19T13:06:14","modified_gmt":"2020-04-19T11:06:14","slug":"el-coronavirus-y-sus-bulos-432-mentiras-alertas-falsas-y-desinformaciones-sobre-covid-19","status":"publish","type":"post","link":"https:\/\/miradordeatarfe.es\/?p=39206","title":{"rendered":"El coronavirus y sus bulos: 432 mentiras, alertas falsas y desinformaciones sobre COVID-19"},"content":{"rendered":"<p>Los <strong>bulos <\/strong>sobre el <strong><a href=\"http:\/\/maldita.es\/coronavirus?amp\" rel=\"amphtml\">coronavirus<\/a><\/strong> son otra epidemia. <a href=\"https:\/\/maldita.es\/los-manuales-para-que-no-te-la-cuelen\/?amp\" rel=\"amphtml\">Infodemia<\/a>. Ya hemos verficado 432 <strong>bulos <\/strong>y <strong>desinformaciones<\/strong> sobre <strong>COVID-19<\/strong>.<\/p>\n<p>Necesitamos tu ayuda para pararlos y solo podemos hacerlo <a href=\"http:\/\/comunidad.maldita.es\">juntos<\/a>. Desinformaciones sobre el brote de <strong>coronavirus<\/strong> (COVID-19) que buscan crear a\u00fan m\u00e1s miedo o buscan aprovecharse de la situaci\u00f3n de alarma. Para que no te la cuelen con <strong>mentiras sobre el coronavirus<\/strong>, <a href=\"http:\/\/maldita.es\/coronavirus?amp\" rel=\"amphtml\">aqu\u00ed ten\u00e9is un especial<\/a> con nuestros desmentidos, preguntas y explicaciones sobre el virus.<\/p>\n<p>M\u00e9todos falsos para prevenir el contagio, cifras inexactas o v\u00eddeos e im\u00e1genes que no tienen nada que ver con el <strong>coronavirus&#8230; <\/strong>Tenemos que pararlos con tu ayuda, s\u00e9 la vacuna contra los coronabulos.<\/p>\n<p>OS PONEMOS ALGUNOS BULOS<\/p>\n<h2>No, no hay evidencias de que el MMS o clorito de sodio cure el coronavirus en 24 horas (o nada)<\/h2>\n<figure class=\"wp-block-image\"><img decoding=\"async\" class=\"i-amphtml-intrinsic-sizer\" role=\"presentation\" src=\"data:;base64,<svg height=\"675px\" width=\"1600px\" xmlns=\"http:\/\/www.w3.org\/2000\/svg\" version=\"1.1\"\/>\u00bb alt=\u00bb\u00bb aria-hidden=\u00bbtrue\u00bb \/><img data-recalc-dims=\"1\" decoding=\"async\" class=\"i-amphtml-fill-content i-amphtml-replaced-content\" src=\"https:\/\/i0.wp.com\/maldita.es\/app\/uploads\/2020\/03\/Dise%C3%B1o-sin-t%C3%ADtulo2-4.jpg?w=640&#038;ssl=1\" alt=\"\" \/><\/figure>\n<p>Nos hab\u00e9is consultado por el audio del supuesto bi\u00f3logo Isidro Fuentes Garc\u00eda y un v\u00eddeo de\u00a0<a href=\"https:\/\/maldita.es\/nosotros\/2019\/07\/19\/por-que-es-tan-importante-luchar-contra-la-mentira-cientifica-el-defensor-de-pseudoterapias-pamies-y-su-creacion-de-campanas-de-desinformacion\/?amp\" rel=\"amphtml\">Josep Pami\u00e8s<\/a>, multado\u00a0<a href=\"https:\/\/www.elperiodico.com\/es\/ciencia\/20181026\/600000-multa-sancion-generalitat-pamies-dulce-revolucion-7111204\">por la Generalitat<\/a>\u00a0por la promoci\u00f3n de pseudoterapias para curar enfermedades, en el que aconseja el\u00a0<strong>MMS o clorito de sodio<\/strong>\u00a0como soluci\u00f3n en 24 horas contra el coronavirus. No hay ninguna prueba que sirva contra el COVID-19. Como ya\u00a0<a href=\"https:\/\/maldita.es\/malditaciencia\/2020\/02\/28\/remedios-falsos-pseudociencias-coronavirus-mms-homeopatia\/?amp\" rel=\"amphtml\">os explicamos aqu\u00ed<\/a>, es uno de tantos falsos remedios contra esta pandemia.<\/p>\n<p>Como explica la\u00a0<a href=\"https:\/\/www.who.int\/es\/emergencies\/diseases\/novel-coronavirus-2019\/advice-for-public\/q-a-coronaviruses\">Organizaci\u00f3n Mundial de la Salud (OMS)<\/a>, todav\u00eda no existe una vacuna, medicamento o tratamiento contra el coronavirus para prevenir o tratar COVID-2019. Entre\u00a0<a href=\"https:\/\/maldita.es\/malditaciencia\/2020\/03\/21\/que-sabemos-sobre-los-distintos-tratamientos-y-vacunas-que-se-estan-investigando-contra-el-coronavirus\/?amp\" rel=\"amphtml\">los distintos f\u00e1rmacos y tratamientos<\/a>\u00a0que se est\u00e1n investigando contra el coronavirus\u00a0<strong>no se incluye<\/strong>\u00a0el clorito de sodio. <a href=\"https:\/\/maldita.es\/malditaciencia\/2020\/03\/25\/coronavirus-mms-isdro-fuentes-garcia-clorito-sodio-covid19\/?amp\" rel=\"amphtml\">Os contamos m\u00e1s aqu\u00ed.<\/a><\/p>\n<h2>No, no es cierto que el Gobierno no est\u00e9 comprando test para detectar el coronavirus a la empresa Genomica, cuya directora es hermana de Cospedal<\/h2>\n<figure class=\"wp-block-image\"><img decoding=\"async\" class=\"i-amphtml-intrinsic-sizer\" role=\"presentation\" src=\"data:;base64,<svg height=\"675px\" width=\"1600px\" xmlns=\"http:\/\/www.w3.org\/2000\/svg\" version=\"1.1\"\/>\u00bb alt=\u00bb\u00bb aria-hidden=\u00bbtrue\u00bb \/><img data-recalc-dims=\"1\" decoding=\"async\" class=\"i-amphtml-fill-content i-amphtml-replaced-content\" src=\"https:\/\/i0.wp.com\/maldita.es\/app\/uploads\/2020\/03\/BULO-COSPEDAL.jpg?w=640&#038;ssl=1\" alt=\"\" \/><\/figure>\n<p>Nos hab\u00e9is preguntado por cadenas de WhatsApp que circula sobre los \u00abtest fallidos que ha comprado\u00bb el Gobierno. En el mensaje se dice que \u00abhay dos laboratorios de test que tienen un 99% de certeza (&#8230;)\u00bb, Certest y Genomica, pero que \u00abno se ha o\u00eddo casi nada\u00bb de ellos porque<strong>\u00a0el Gobierno decidi\u00f3 \u00abcomprar a una empresa fantasma china\u00bb<\/strong>\u00a0los tests r\u00e1pidos de coronavirus y \u00ab<strong>quiz\u00e1 el motivo sea que la CEO (directora) de Genomica\u00a0<\/strong>se llama<strong>\u00a0Rosario Cospedal<\/strong>. S\u00ed, la hermana de Maria Dolores Cospedal\u00bb. Pero\u00a0<strong>se trata de un bulo.<\/strong>\u00a0<\/p>\n<h2>No, la pandemia de COVID-19 no est\u00e1 causada por el 5G<\/h2>\n<figure class=\"wp-block-image\"><img decoding=\"async\" class=\"i-amphtml-intrinsic-sizer\" role=\"presentation\" src=\"data:;base64,<svg height=\"754px\" width=\"1600px\" xmlns=\"http:\/\/www.w3.org\/2000\/svg\" version=\"1.1\"\/>\u00bb alt=\u00bb\u00bb aria-hidden=\u00bbtrue\u00bb \/><img data-recalc-dims=\"1\" decoding=\"async\" class=\"i-amphtml-fill-content i-amphtml-replaced-content\" src=\"https:\/\/i0.wp.com\/maldita.es\/app\/uploads\/2020\/03\/video-bulo.png?w=640&#038;ssl=1\" alt=\"\" \/><\/figure>\n<p>Se ha hecho viral el v\u00eddeo de un supuesto doctor llamado Thomas Cowan que explica en una conferencia que la pandemia de COVID-19 est\u00e1 causada por el 5G y que cada gran epidemia de la historia ha sido provocada por un salto \u00abcu\u00e1ntico\u00bb en la electrificaci\u00f3n de la Tierra. Nada de lo que dice esta persona es real ni tiene ninguna evidencia cient\u00edfica que lo sustente. Os lo explicamos en <a href=\"https:\/\/maldita.es\/malditaciencia\/2020\/03\/29\/video-coronavirus-5g-covid19-thomas-cowan\/?amp\" rel=\"amphtml\">este<\/a> art\u00edculo.<\/p>\n<p>La directora ejecutiva de Genomica es Rosario Cospedal, hermana de Mar\u00eda Dolores de Cospedal, pero desde la empresa aseguran que\u00a0<strong>el 100% de sus kit de detecci\u00f3n est\u00e1n siendo entregados a hospitales espa\u00f1oles<\/strong>, que est\u00e1n \u00ab<strong>recibiendo pedidos del Gobierno de forma centralizada\u00bb<\/strong>\u00a0y que \u00ab<strong>en ning\u00fan momento hemos tenido un veto por parte del gobierno por ser Rosario la hermana de Dolores\u00bb<\/strong>. Puedes leer m\u00e1s <a href=\"https:\/\/maldita.es\/malditobulo\/2020\/03\/29\/gobierno-no-compa-test-rapidos-coronavirus-genomica-hermana-maria-dolores-cospedal\/?amp\" rel=\"amphtml\">aqu\u00ed<\/a>.<\/p>\n<h2>No, no hay pruebas de que beber mucha agua o hacer g\u00e1rgaras con agua tibia y sal o vinagre prevenga la infecci\u00f3n por coronavirus<\/h2>\n<figure class=\"wp-block-image\"><img decoding=\"async\" class=\"i-amphtml-intrinsic-sizer\" role=\"presentation\" src=\"data:;base64,<svg height=\"675px\" width=\"1600px\" xmlns=\"http:\/\/www.w3.org\/2000\/svg\" version=\"1.1\"\/>\u00bb alt=\u00bb\u00bb aria-hidden=\u00bbtrue\u00bb \/><img data-recalc-dims=\"1\" decoding=\"async\" class=\"i-amphtml-fill-content i-amphtml-replaced-content\" src=\"https:\/\/i0.wp.com\/maldita.es\/app\/uploads\/2020\/03\/BULO-g%C3%A1rgaras-coronavirus.jpg?w=640&#038;ssl=1\" alt=\"\" \/><\/figure>\n<p>Se est\u00e1 moviendo en redes sociales un contenido que dice que antes de llegar a los pulmones, el coronavirus \u201cpermanece en la garganta durante cuatro d\u00edas y en este momento la persona comienza a toser y a tener dolores de garganta. Si bebe mucha agua y hace g\u00e1rgaras con agua tibia y sal o vinagre, elimina el virus\u201d. Sin embargo,\u00a0<strong>no hay pruebas de que beber mucha agua o hacer g\u00e1rgaras con agua salada prevenga la infecci\u00f3n por coronavirus<\/strong>.<a href=\"https:\/\/maldita.es\/malditobulo\/2020\/03\/16\/hacer-gargaras-agua-tibia-sal-vinagre-prevenga-infeccion-coronavirus\/?amp\" rel=\"amphtml\"> Os lo explicamos.<\/a><\/p>\n<h2>No, el Gobierno no est\u00e1 impidiendo enviar el mismo mensaje a varios usuarios por WhatsApp: es una medida de la compa\u00f1\u00eda a nivel mundial y s\u00f3lo en casos concretos<\/h2>\n<figure class=\"wp-block-image\"><img decoding=\"async\" class=\"i-amphtml-intrinsic-sizer\" role=\"presentation\" src=\"data:;base64,<svg height=\"675px\" width=\"1600px\" xmlns=\"http:\/\/www.w3.org\/2000\/svg\" version=\"1.1\"\/>\u00bb alt=\u00bb\u00bb aria-hidden=\u00bbtrue\u00bb \/><img data-recalc-dims=\"1\" decoding=\"async\" class=\"i-amphtml-fill-content i-amphtml-replaced-content\" src=\"https:\/\/i0.wp.com\/maldita.es\/app\/uploads\/2020\/04\/bulo-whatsapp-1.png?w=640&#038;ssl=1\" alt=\"\" \/><\/figure>\n<p>Nos est\u00e1is preguntado si el Gobierno est\u00e1 \u00abcoartando la libertad de expresi\u00f3n a trav\u00e9s de un bloqueo en WhatsApp\u00bb que \u00abimpide enviar el mismo mensaje a varios usuarios\u00bb o si el \u00abGobierno ha presionado a WhatsApp para que censure contenido\u00bb.\u00a0<strong>Es un bulo<\/strong>: la limitaci\u00f3n de reenv\u00edos es una de las medidas que ha puesto en marcha WhatsApp a\u00a0<a href=\"https:\/\/maldita.es\/malditobulo\/2020\/04\/10\/control-whatsapp-newtral-coronavirus-gobierno\/?amp\" rel=\"amphtml\">nivel mundial\u00a0<\/a>para\u00a0<strong>limitar el reenv\u00edo de aquellos mensajes que ya han sido reenviados m\u00e1s de 5 veces\u00a0<\/strong>y as\u00ed \u00abrestringir la viralizaci\u00f3n\u00bb de algunos de ellos que podr\u00edan estar difundiendo<strong>\u00a0desinformaci\u00f3n<\/strong>, sobre todo en el contexto actual de emergencia de coronavirus. El Gobierno no tiene nada que ver, es una decisi\u00f3n a nivel muncial y es un proceso autom\u00e1tico de WhatsApp. <a href=\"https:\/\/maldita.es\/malditobulo\/2020\/04\/10\/gobierno-impide-reenviar-mensajes-whatsapp\/?amp\" rel=\"amphtml\">Os lo explicamos.<\/a><\/p>\n<h2>Ning\u00fan complemento alimenticio previene o cura el COVID-19<\/h2>\n<figure class=\"wp-block-image\"><img decoding=\"async\" class=\"i-amphtml-intrinsic-sizer\" role=\"presentation\" src=\"data:;base64,<svg height=\"793px\" width=\"1642px\" xmlns=\"http:\/\/www.w3.org\/2000\/svg\" version=\"1.1\"\/>\u00bb alt=\u00bb\u00bb aria-hidden=\u00bbtrue\u00bb \/><img data-recalc-dims=\"1\" decoding=\"async\" class=\"i-amphtml-fill-content i-amphtml-replaced-content\" src=\"https:\/\/i0.wp.com\/maldita.es\/app\/uploads\/2020\/03\/vitaminizing-4741672_1920-1.jpg?w=640&#038;ssl=1\" alt=\"\" \/><\/figure>\n<p>En un contexto de alarma, en el que la gente teme m\u00e1s que nunca al contagio y trata de evitarlo a toda costa, la Agencia Espa\u00f1ola de Seguridad Alimentaria y Nutrici\u00f3n (AESAN) advirti\u00f3 el pasado 26 de marzo sobre la reciente\u00a0<strong>comercializaci\u00f3n de complementos alimenticios que supuestamente previenen, tratan o curan las infecciones por coronavirus.\u00a0<\/strong>Estos vendedores tratan de aprovechar la pandemia y la preocupaci\u00f3n de los consumidores y atribuyen a sus productos propiedades contra el virus. Sin embargo,<strong>\u00a0ning\u00fan complemento alimenticio previene o cura el COVID-19.<\/strong> Puedes consultar m\u00e1s en <a href=\"https:\/\/maldita.es\/malditaciencia\/2020\/03\/29\/ningun-complemento-alimenticio-previene-cura-el-covid19\/?amp\" rel=\"amphtml\">este<\/a> art\u00edculo.<\/p>\n<h2>No hay pruebas de que vayamos a entrar en estado de excepci\u00f3n a partir de la semana que viene como dice un audio viral, a fecha del 27\/03\/2020<\/h2>\n<figure class=\"wp-block-image\"><img decoding=\"async\" class=\"i-amphtml-intrinsic-sizer\" role=\"presentation\" src=\"data:;base64,<svg height=\"675px\" width=\"1600px\" xmlns=\"http:\/\/www.w3.org\/2000\/svg\" version=\"1.1\"\/>\u00bb alt=\u00bb\u00bb aria-hidden=\u00bbtrue\u00bb \/><img data-recalc-dims=\"1\" decoding=\"async\" class=\"i-amphtml-fill-content i-amphtml-replaced-content\" src=\"https:\/\/i0.wp.com\/maldita.es\/app\/uploads\/2020\/03\/PORTADA_ESTADO_EXCEPCION_2.jpg?w=640&#038;ssl=1\" alt=\"\" \/><\/figure>\n<p>Nos hab\u00e9is consultado a trav\u00e9s de nuestro\u00a0<strong>servicio de WhatsApp<\/strong>\u00a0por un\u00a0<strong>audio<\/strong>\u00a0en el que un hombre asegura que vamos a entrar en estado de excepci\u00f3n a partir del lunes o del martes y recomienda que vayamos al supermercado a comprar provisiones. Afirma que esto implicar\u00e1 que el\u00a0<strong>ej\u00e9rcito<\/strong>\u00a0salga a la calle y dice que la\u00a0<strong>Unidad Militar de Emergencias<\/strong>\u00a0(UME), ya est\u00e1 en \u00abla sierra\u00bb esperando para ello.\u00a0<strong>Pero no hay pruebas de que sea cierto<\/strong>, a fecha del 22 de marzo de 2020. Puedes consultarlo <a href=\"https:\/\/maldita.es\/malditobulo\/2020\/03\/22\/estado-excepcion-audio\/?amp\" rel=\"amphtml\">aqu\u00ed<\/a>.<\/p>\n<h2>No, no se han paralizado 5.000 kilos de mascarillas en Zaragoza porque aduanas cierra a las 15h<\/h2>\n<figure class=\"wp-block-image\"><img decoding=\"async\" class=\"i-amphtml-intrinsic-sizer\" role=\"presentation\" src=\"data:;base64,<svg height=\"675px\" width=\"1600px\" xmlns=\"http:\/\/www.w3.org\/2000\/svg\" version=\"1.1\"\/>\u00bb alt=\u00bb\u00bb aria-hidden=\u00bbtrue\u00bb \/><img data-recalc-dims=\"1\" decoding=\"async\" class=\"i-amphtml-fill-content i-amphtml-replaced-content\" src=\"https:\/\/i0.wp.com\/maldita.es\/app\/uploads\/2020\/04\/FondoMascarillas.jpg?w=640&#038;ssl=1\" alt=\"\" \/><\/figure>\n<p>\u00bfNo lleg\u00f3 un env\u00edo de mascarillas a Madrid porque cerraron aduanas?Circula por WhatsApp\u00a0<a href=\"https:\/\/web.archive.org\/web\/20200401151113\/https:\/\/okdiario.com\/espana\/gobierno-paraliza-zaragoza-5-000-kilos-mascarillas-madrid-porque-aduanas-cierra-15h-5392455\">un contenido de la web\u00a0<em>OK Diario<\/em><\/a>\u00a0en el que se asegura que el Gobierno habr\u00eda paralizado 5.000 kilos de mascarillas en Zaragoza porque \u00abaduanas cierra a las 15h\u00bb.\u00a0<strong>No es cierto, ya que el 31 de marzo se siguieron declarando mercanc\u00edas en la aduana pasada esa hora, tal y como indica la Agencia Tributaria a trav\u00e9s de un comunicado.\u00a0<\/strong>Adem\u00e1s, tanto la\u00a0<strong>Generalitat Valenciana<\/strong>\u00a0como\u00a0<strong>BBVA<\/strong>\u00a0nos confirman que esa misma tarde lleg\u00f3 al Aeropuerto de Zaragoza material sanitario que hab\u00edan comprado y que\u00a0<strong>esa \u00abmercanc\u00eda pas\u00f3 la aduana sobre las 21:30 de la noche\u00bb, por lo que no es cierto que esta cerrara a las 15:00.<\/strong> Os <a href=\"https:\/\/maldita.es\/malditobulo\/2020\/04\/02\/mascarillas-paralizadas-zaragoza-gobierno\/?amp\" rel=\"amphtml\">contamos lo que sabemos.<\/a><\/p>\n<h2>El bulo del respirador para Manuela Carmena de &#8216;VitalAire&#8217;: la empresa y la exalcaldesa de Madrid lo desmienten<\/h2>\n<figure class=\"wp-block-image\"><img decoding=\"async\" class=\"i-amphtml-intrinsic-sizer\" role=\"presentation\" src=\"data:;base64,<svg height=\"768px\" width=\"1536px\" xmlns=\"http:\/\/www.w3.org\/2000\/svg\" version=\"1.1\"\/>\u00bb alt=\u00bb\u00bb aria-hidden=\u00bbtrue\u00bb \/><img data-recalc-dims=\"1\" decoding=\"async\" class=\"i-amphtml-fill-content i-amphtml-replaced-content\" src=\"https:\/\/i0.wp.com\/maldita.es\/app\/uploads\/2020\/04\/FondoCarmena2.png?w=640&#038;ssl=1\" alt=\"\" \/><\/figure>\n<p>Nos hab\u00e9is preguntado por un tuit viral de Alvise P\u00e9rez, un tuitero que se define a s\u00ed mismo como consultor en su biograf\u00eda, en el que asegura que la \u00abex-alcaldesa de 76 a\u00f1os ha recibido en su casa un respirador personal de la empresa &#8216;VitalAire&#8217; para evitar acudir a un Hospital P\u00fablico y hacer cola como el resto de espa\u00f1oles\u00bb.\u00a0<strong>Es un bulo, tal y como nos explican desde la empresa. Adem\u00e1s, la exalcaldesa de Madrid, Manuela Carmena, lo ha negado.<\/strong> <a href=\"https:\/\/maldita.es\/malditobulo\/2020\/04\/01\/manuela-carmena-respirador-vitalaire\/?amp\" rel=\"amphtml\">Os explicamos m\u00e1s.<\/a><\/p>\n<h2>\u00bfQu\u00e9 sabemos sobre el audio que dice que Bego\u00f1a G\u00f3mez y sus hijas se han ido a Huete (Cuenca) a pasar la cuarentena para no contagiar el coronavirus a Pedro S\u00e1nchez?<\/h2>\n<figure class=\"wp-block-image\"><img decoding=\"async\" class=\"i-amphtml-intrinsic-sizer\" role=\"presentation\" src=\"data:;base64,<svg height=\"675px\" width=\"1600px\" xmlns=\"http:\/\/www.w3.org\/2000\/svg\" version=\"1.1\"\/>\u00bb alt=\u00bb\u00bb aria-hidden=\u00bbtrue\u00bb \/><img data-recalc-dims=\"1\" decoding=\"async\" class=\"i-amphtml-fill-content i-amphtml-replaced-content\" src=\"https:\/\/i0.wp.com\/maldita.es\/app\/uploads\/2020\/03\/Audio-Huete-Pedro-S%C3%A1nchez.jpg?w=640&#038;ssl=1\" alt=\"\" \/><\/figure>\n<p>Est\u00e1 circulando un audio de WhatsApp que dice que, supuestamente,\u00a0<strong>Pedro S\u00e1nchez \u00abha mandado a su mujer<\/strong>\u00a0(Bego\u00f1a G\u00f3mez)\u00a0<strong>y a sus hijas\u00bb a pasar la cuarentena<\/strong>\u00a0<strong>a Huete<\/strong>\u00a0(Cuencua)\u00a0<strong>para no contagiar al presidente del Gobierno\u00a0<\/strong>por el coronavirus. Sin embargo, Moncloa niega que esto sea cierto. Adem\u00e1s, tambi\u00e9n se est\u00e1 difundiendo que lo ha dicho la cadena Antena 3 pero hemos revisado informativos y programas informativos de esta cadena sin encontrar dicha afirmaci\u00f3n. Os contamos <a href=\"https:\/\/maldita.es\/malditobulo\/2020\/03\/25\/audio-begona-gomez-hijas-huete-cuenca-cuarentena-contagiar-coronavirus-pedro-sanchez\/?amp\" rel=\"amphtml\">lo que sabemos.<\/a><\/p>\n<h2>No, no hay pruebas de que el COVID-19 haya salido de un laboratorio de Fort Detrick (Estados Unidos)<\/h2>\n<div class=\"wp-block-image\">\n<figure class=\"aligncenter size-large\"><img decoding=\"async\" class=\"i-amphtml-intrinsic-sizer\" role=\"presentation\" src=\"data:;base64,<svg height=\"432px\" width=\"1024px\" xmlns=\"http:\/\/www.w3.org\/2000\/svg\" version=\"1.1\"\/>\u00bb alt=\u00bb\u00bb aria-hidden=\u00bbtrue\u00bb \/><img data-recalc-dims=\"1\" height=\"270\" width=\"640\" decoding=\"async\" class=\"i-amphtml-fill-content i-amphtml-replaced-content\" src=\"https:\/\/i0.wp.com\/maldita.es\/app\/uploads\/2020\/04\/PORTADA_CORONAVIRUS_LABORATORIO_KIT_RADIO_INTERNACIONAL-1-1024x432.jpg?resize=640%2C270&#038;ssl=1\" sizes=\"(max-width: 1366px) 852px, 100vw\" srcset=\"https:\/\/maldita.es\/app\/uploads\/2020\/04\/PORTADA_CORONAVIRUS_LABORATORIO_KIT_RADIO_INTERNACIONAL-1-1024x432.jpg 1024w, https:\/\/maldita.es\/app\/uploads\/2020\/04\/PORTADA_CORONAVIRUS_LABORATORIO_KIT_RADIO_INTERNACIONAL-1-300x127.jpg 300w, https:\/\/maldita.es\/app\/uploads\/2020\/04\/PORTADA_CORONAVIRUS_LABORATORIO_KIT_RADIO_INTERNACIONAL-1-768x324.jpg 768w, https:\/\/maldita.es\/app\/uploads\/2020\/04\/PORTADA_CORONAVIRUS_LABORATORIO_KIT_RADIO_INTERNACIONAL-1-1536x648.jpg 1536w, https:\/\/maldita.es\/app\/uploads\/2020\/04\/PORTADA_CORONAVIRUS_LABORATORIO_KIT_RADIO_INTERNACIONAL-1.jpg 1600w\" alt=\"\" \/><\/figure>\n<\/div>\n<p>Se est\u00e1 difundiendo\u00a0<a href=\"https:\/\/web.archive.org\/web\/20200331135138\/https:\/\/www.kitradio.net\/reportaje-de-donde-salio-el-coronavirus-toda-la-verdad\/?fbclid=IwAR3c2g_JXbAnVudHE9pngnWN-_oc1qsGARlAC2gpCWog9H9d4HhkasuG7TY\">un contenido<\/a>\u00a0publicado por el blog\u00a0<em>Kit Radio Internacional<\/em>\u00a0que asegura que el COVID-19 fue creado en un laboratorio de Fort Detrick (Maryland, EE.UU.) para \u00abintentar frenar el desarrollo de la tecnolog\u00eda 5G\u00bb y para acabar con las personas mayores.\u00a0<strong>No es m\u00e1s que otra teor\u00eda de la conspiraci\u00f3n que no aporta prueba alguna de las que\u00a0<a href=\"https:\/\/maldita.es\/malditaciencia\/2020\/03\/23\/que-sabemos-rumores-conspiracion-origen-coronavirus-uso-arma-biologica\/?amp\" rel=\"amphtml\">ya os hemos hablado en\u00a0<em>Maldita.es<\/em><\/a>.<\/strong> Puedes leerlo <a href=\"https:\/\/maldita.es\/malditobulo\/2020\/03\/31\/coronavirus-creado-laboratorio-bulo\/?amp\" rel=\"amphtml\">aqu\u00ed<\/a>.<\/p>\n<h2>No, \u00abBruselas\u00bb no ha pedido al Gobierno espa\u00f1ol que reduzca m\u00e1s de 400.000 cargos p\u00fablicos<\/h2>\n<figure class=\"wp-block-image\"><img decoding=\"async\" class=\"i-amphtml-intrinsic-sizer\" role=\"presentation\" src=\"data:;base64,<svg height=\"675px\" width=\"1600px\" xmlns=\"http:\/\/www.w3.org\/2000\/svg\" version=\"1.1\"\/>\u00bb alt=\u00bb\u00bb aria-hidden=\u00bbtrue\u00bb \/><img data-recalc-dims=\"1\" decoding=\"async\" class=\"i-amphtml-fill-content i-amphtml-replaced-content\" src=\"https:\/\/i0.wp.com\/maldita.es\/app\/uploads\/2019\/11\/PORTADA1-2.jpg?w=640&#038;ssl=1\" alt=\"\" \/><\/figure>\n<p>Ha circulado por\u00a0<strong>WhatsApp\u00a0<\/strong>una cadena que afirma que\u00a0<strong>Bruselas\u00a0<\/strong>(la Uni\u00f3n Europea)\u00a0<strong>pide al Gobierno espa\u00f1ol que reduzca en 445.568 puestos los cargos p\u00fablicos que ocupan pol\u00edticos<\/strong>\u00a0y coincidiendo con la epidemia por coronavirus se est\u00e1 difundiendo una\u00a0<a href=\"https:\/\/archive.li\/Dg1m8\">web<\/a>\u00a0con el mismo contenido. El mensaje tambi\u00e9n afirma que en Espa\u00f1a ten\u00edamos 445.568 pol\u00edticos en 2011. Y asegura que los diputados cobran un sueldo de 30.000 euros \u00abpara toda la vida\u00bb.\u00a0<strong>Es todo un bulo que circula desde 2012<\/strong>, os lo explicamos en <a href=\"https:\/\/maldita.es\/malditobulo\/2020\/03\/29\/no-bruselas-no-ha-pedido-al-gobierno-espanol-que-reduzca-mas-de-400-000-cargos-publicos\/?amp\" rel=\"amphtml\">este<\/a> art\u00edculo.<\/p>\n<h2>No, no hay pruebas de que la tercera planta del Hospital Puerta de Hierro (Madrid) est\u00e9 reservada para familiares de Pedro S\u00e1nchez<\/h2>\n<div class=\"wp-block-image\">\n<figure class=\"aligncenter size-large\"><img decoding=\"async\" class=\"i-amphtml-intrinsic-sizer\" role=\"presentation\" src=\"data:;base64,<svg height=\"400px\" width=\"600px\" xmlns=\"http:\/\/www.w3.org\/2000\/svg\" version=\"1.1\"\/>\u00bb alt=\u00bb\u00bb aria-hidden=\u00bbtrue\u00bb \/><img data-recalc-dims=\"1\" height=\"270\" width=\"640\" decoding=\"async\" class=\"i-amphtml-fill-content i-amphtml-replaced-content\" src=\"https:\/\/i0.wp.com\/maldita.es\/app\/uploads\/2020\/04\/PUERTA_DE_HIERRO_SA%CC%81NCHEZ_TERCERA_PLANTA-1-1024x432.jpg?resize=640%2C270&#038;ssl=1\" sizes=\"(max-width: 1366px) 600px, 100vw\" srcset=\"https:\/\/maldita.es\/app\/uploads\/2020\/04\/PUERTA_DE_HIERRO_SA\u0301NCHEZ_TERCERA_PLANTA-1-1024x432.jpg 1024w, https:\/\/maldita.es\/app\/uploads\/2020\/04\/PUERTA_DE_HIERRO_SA\u0301NCHEZ_TERCERA_PLANTA-1-300x127.jpg 300w, https:\/\/maldita.es\/app\/uploads\/2020\/04\/PUERTA_DE_HIERRO_SA\u0301NCHEZ_TERCERA_PLANTA-1-768x324.jpg 768w, https:\/\/maldita.es\/app\/uploads\/2020\/04\/PUERTA_DE_HIERRO_SA\u0301NCHEZ_TERCERA_PLANTA-1-1536x648.jpg 1536w, https:\/\/maldita.es\/app\/uploads\/2020\/04\/PUERTA_DE_HIERRO_SA\u0301NCHEZ_TERCERA_PLANTA-1.jpg 1600w\" alt=\"\" \/><\/figure>\n<\/div>\n<p>Nos hab\u00e9is preguntado por un cartel que circula asegurando sin pruebas que \u00aben el Hospital Puerta de Hierro que es donde tienen ingresados a la madre de Pedro S\u00e1nchez y al padre de su mujer, estos miserables tienen reservada la tercera planta para su gente\u00bb.Sin embargo,\u00a0<strong>no hay pruebas<\/strong>\u00a0de que la tercera planta del Hospital Puerta de Hierro (Madrid)\u00a0<strong>est\u00e9 reservada para familiares de Pedro S\u00e1nchez.<\/strong> Aqu\u00ed os contamos <a href=\"https:\/\/maldita.es\/malditobulo\/2020\/03\/25\/hospital-puerta-hierro-madre-suegro-pedro-sanchez\/?amp\" rel=\"amphtml\">m\u00e1s<\/a>.<\/p>\n<h2>No, ni han detenido ahora al doctor Charles Lieber ni hay pruebas de que su detenci\u00f3n en enero est\u00e9 relacionada con el coronavirus SARS-CoV-2<\/h2>\n<figure class=\"wp-block-image\"><img decoding=\"async\" class=\"i-amphtml-intrinsic-sizer\" role=\"presentation\" src=\"data:;base64,<svg height=\"675px\" width=\"1600px\" xmlns=\"http:\/\/www.w3.org\/2000\/svg\" version=\"1.1\"\/>\u00bb alt=\u00bb\u00bb aria-hidden=\u00bbtrue\u00bb \/><img data-recalc-dims=\"1\" decoding=\"async\" class=\"i-amphtml-fill-content i-amphtml-replaced-content\" src=\"https:\/\/i0.wp.com\/maldita.es\/app\/uploads\/2020\/04\/portada_charles_lieber-1.jpg?w=640&#038;ssl=1\" alt=\"\" \/><\/figure>\n<p>En los \u00faltimos d\u00edas nos hab\u00e9is preguntado mucho por un mensaje que circula por WhatsApp que afirma que \u00abEstados Unidos acaba de anunciar al hombre que fabric\u00f3 y vendi\u00f3 el virus corona a China. Dr. Charles Lieber, jefe del departamento de qu\u00edmica y biolog\u00eda de la Universidad de Havard, EE. UU. Fue arrestado hoy seg\u00fan fuentes del departamento estadounidense\u201d. La detenci\u00f3n no ha sido ahora, fue en enero y fue por cobrar de una universidad china al mismo tiempo que cobraba del Gobierno de Estados Unidos. No por \u00abvender y fabricar el coronavirus\u00bb. <a href=\"https:\/\/maldita.es\/malditobulo\/2020\/04\/05\/charles-lieber-detenido-coronavirus-sars-cov-2\/?amp\" rel=\"amphtml\">Os lo explicamos<\/a><\/p>\n<h2>La app del Gobierno para COVID-19 no \u00abgeolocaliza\u00bb la cuarentena de la gente, no es lo mismo que el estudio de movilidad y no pide a las operadoras los datos de localizaci\u00f3n<\/h2>\n<figure class=\"wp-block-image\"><img decoding=\"async\" class=\"i-amphtml-intrinsic-sizer\" role=\"presentation\" src=\"data:;base64,<svg height=\"675px\" width=\"1600px\" xmlns=\"http:\/\/www.w3.org\/2000\/svg\" version=\"1.1\"\/>\u00bb alt=\u00bb\u00bb aria-hidden=\u00bbtrue\u00bb \/><img data-recalc-dims=\"1\" decoding=\"async\" class=\"i-amphtml-fill-content i-amphtml-replaced-content\" src=\"https:\/\/i0.wp.com\/maldita.es\/app\/uploads\/2020\/03\/Disen%CC%83o-sin-ti%CC%81tulo30.jpg?w=640&#038;ssl=1\" alt=\"\" \/><\/figure>\n<ul>\n<li>La app para m\u00f3viles de COVID-19 del Gobierno no es lo mismo que el estudio de movilidad y no usan los mismos datos de localizaci\u00f3n.<\/li>\n<li>La aplicaci\u00f3n m\u00f3vil (Asistencia Covid-19) se descarga de manera voluntaria y usa datos como el GPS del tel\u00e9fono.<\/li>\n<li>El estudio de movilidad (DataCOVID-19) usa datos de localizaci\u00f3n anonimizados y agregados obtenidos de las operadoras.<\/li>\n<li>La app sirve para hacerse una autoevaluaci\u00f3n de COVID-19 y el estudio para analizar el contagio.<\/li>\n<\/ul>\n<p>Aqu\u00ed te <a href=\"https:\/\/maldita.es\/malditatecnologia\/2020\/03\/30\/app-gobierno-covid-19-no-geolocaliza-cuarentena-datos-operadoras-estudio-movilidad\/?amp\" rel=\"amphtml\">contamos m\u00e1s.<\/a><\/p>\n<h2>\u00bfCantar canciones o poner m\u00fasica desde los balcones durante la cuarentena vulnera el derecho a la propiedad intelectual?<\/h2>\n<figure class=\"wp-block-image\"><img decoding=\"async\" class=\"i-amphtml-intrinsic-sizer\" role=\"presentation\" src=\"data:;base64,<svg height=\"675px\" width=\"1600px\" xmlns=\"http:\/\/www.w3.org\/2000\/svg\" version=\"1.1\"\/>\u00bb alt=\u00bb\u00bb aria-hidden=\u00bbtrue\u00bb \/><img data-recalc-dims=\"1\" decoding=\"async\" class=\"i-amphtml-fill-content i-amphtml-replaced-content\" src=\"https:\/\/i0.wp.com\/maldita.es\/app\/uploads\/2020\/03\/Qu%C3%A9-sabemos-SGAE.jpg?w=640&#038;ssl=1\" alt=\"\" \/><\/figure>\n<p><strong>Salir a cantar a los balcones o terrazas<\/strong>\u00a0est\u00e1 siendo una pr\u00e1ctica habitual para compartir un rato de ocio con el vecindario durante los d\u00edas de confinamiento decretados para prevenir la expansi\u00f3n de la pandemia de coronavirus. Sin embargo,\u00a0<em><a href=\"https:\/\/archive.li\/r0624\">Europa Press<\/a><\/em>\u00a0publica que esto \u00ab<strong>podr\u00eda vulnerar derechos de propiedad intelectual<\/strong>, seg\u00fan un experto\u00bb. La Sociedad General de Autores y Editores (<strong>SGAE<\/strong>), por su parte, asegura que \u00ab<strong>no hay ning\u00fan problema en salir a cantar a los balcones<\/strong>\u00a0porque lo que hace es elevar el \u00e1nimo de la sociedad\u00bb y que ni ellos ni \u00abning\u00fan autor\u00bb va a vigilar que se haga esto\u00a0<strong>o que se proyecte m\u00fasica con altavoces hacia la calle<\/strong>. Os contamos <a href=\"https:\/\/maldita.es\/malditobulo\/2020\/03\/24\/cantar-canciones-balcones-cuarentena-coronavirus-vulnerar-derecho-propiedad-intelectual\/?amp\" rel=\"amphtml\">lo que sabemos.<\/a><\/p>\n<h2>No, el reenv\u00edo de contenido de WhatsApp no est\u00e1 controlado por ninguna entidad: es una medida autom\u00e1tica y mundial de la compa\u00f1\u00eda para lo ya reenviado m\u00e1s de 5 veces<\/h2>\n<figure class=\"wp-block-image\"><img decoding=\"async\" class=\"i-amphtml-intrinsic-sizer\" role=\"presentation\" src=\"data:;base64,<svg height=\"778px\" width=\"1436px\" xmlns=\"http:\/\/www.w3.org\/2000\/svg\" version=\"1.1\"\/>\u00bb alt=\u00bb\u00bb aria-hidden=\u00bbtrue\u00bb \/><img data-recalc-dims=\"1\" decoding=\"async\" class=\"i-amphtml-fill-content i-amphtml-replaced-content\" src=\"https:\/\/i0.wp.com\/maldita.es\/app\/uploads\/2020\/04\/video-whatsapp-censura-contenidos-maldita.jpg?w=640&#038;ssl=1\" alt=\"\" \/><\/figure>\n<p>Se ha viralizado un tuit (<a href=\"https:\/\/archive.li\/LC3rM\">ya borrado<\/a>) con un v\u00eddeo de\u00a0<strong>Jos\u00e9 F. Monserrat<\/strong>\u00a0que afirma que en WhatsApp existe un \u00abcontrol de la informaci\u00f3n\u00bb por parte de varias entidades: un\u00a0<strong>\u00abControl de medios. Lo est\u00e1 haciendo WhatsApp con lo que ellos llaman la IFCN\u00bb<\/strong>. \u00b7Es falso.\u00a0<strong>La\u00a0<a href=\"https:\/\/blog.whatsapp.com\/Keeping-WhatsApp-Personal-and-Private\">medida\u00a0<\/a>que ha tomado WhatsApp es para todo tipo de contenido que se ha reenviado m\u00e1s de 5 veces,<\/strong>\u00a0no a unos contenidos s\u00ed y a otros no. Es en todos los pa\u00edses y lo hace de manera autom\u00e1tica WhatsApp. No hay entidades de Fact-checking como Maldita.es verificando contenidos en WhatsApp para frenar su difusi\u00f3n. <a href=\"https:\/\/maldita.es\/malditobulo\/2020\/04\/11\/no-el-reenvio-de-contenido-de-whatsapp-no-esta-controlado-por-ninguna-entidad-es-una-medida-automatica-y-mundial-de-la-compania-para-lo-ya-reenviado-mas-de-5-veces\/?amp\" rel=\"amphtml\">Os lo explicamos.<\/a><\/p>\n<h2>No, Santiago Abascal no se ha saltado la cuarentena por el coronavirus para ir al Congreso de los Diputados<\/h2>\n<figure class=\"wp-block-image is-resized\"><a href=\"https:\/\/maldita.es\/malditobulo\/2020\/03\/30\/abascal-cuarentena-coronavirus-congreso\/?amp\" rel=\"amphtml\"><img decoding=\"async\" class=\"i-amphtml-intrinsic-sizer\" role=\"presentation\" src=\"data:;base64,<svg height=\"244px\" width=\"580px\" xmlns=\"http:\/\/www.w3.org\/2000\/svg\" version=\"1.1\"\/>\u00bb alt=\u00bb\u00bb aria-hidden=\u00bbtrue\u00bb \/><img data-recalc-dims=\"1\" decoding=\"async\" class=\"i-amphtml-fill-content i-amphtml-replaced-content\" src=\"https:\/\/i0.wp.com\/maldita.es\/app\/uploads\/2020\/03\/portadabuloabascalcovid.jpg?w=640&#038;ssl=1\" alt=\"\" \/><\/a><\/figure>\n<p>En redes sociales se est\u00e1n moviendo mucho varios mensajes que acusan a Santiago Abascal, el l\u00edder de Vox, de saltarse la cuarentena por ir al Congreso de los Diputados despu\u00e9s de ser diagnosticado con coronavirus.\u00a0<strong>Es un bulo. <\/strong><a href=\"https:\/\/maldita.es\/malditobulo\/2020\/03\/30\/abascal-cuarentena-coronavirus-congreso\/?amp\" rel=\"amphtml\"><strong>Te lo explicamos<\/strong>.<\/a><\/p>\n<h2>No, este tuit que habla sobre \u00abmedia docena de ancianos muertos\u00bb no es de una concejala de Podemos en Canarias llamada Clara Giner<\/h2>\n<figure class=\"wp-block-image\"><img decoding=\"async\" class=\"i-amphtml-intrinsic-sizer\" role=\"presentation\" src=\"data:;base64,<svg height=\"675px\" width=\"1600px\" xmlns=\"http:\/\/www.w3.org\/2000\/svg\" version=\"1.1\"\/>\u00bb alt=\u00bb\u00bb aria-hidden=\u00bbtrue\u00bb \/><img data-recalc-dims=\"1\" decoding=\"async\" class=\"i-amphtml-fill-content i-amphtml-replaced-content\" src=\"https:\/\/i0.wp.com\/maldita.es\/app\/uploads\/2020\/03\/BULO-2020-03-24T125648.193.jpg?w=640&#038;ssl=1\" alt=\"\" \/><\/figure>\n<p>Nos hab\u00e9is preguntado por un tuit en el que una usuaria en redes dec\u00eda \u00ab\u00bfQu\u00e9 preferimos?, \u00bfMedia docena de ancianos in\u00fatiles muertos o toda la econom\u00eda de un pa\u00eds absolutamente destrozada (de nuevo)? No s\u00e9 vosotros, pero a m\u00ed me sobran momias por la calle\u00bb. Este mensaje se mueve en medio de crisis sanitaria provocada por el coronavirus asegurando que se trata de Clara Giner, una supuesta concejala de Podemos en Canarias.\u00a0<strong>Es un bulo.\u00a0<\/strong>El tuit fue real, pero no es de ninguna concejala de Podemos en Canarias.Os lo <a href=\"https:\/\/maldita.es\/malditobulo\/2020\/03\/24\/clara-giner-concejala-concejal-podemos-canarias-media-docena-ancianos-coronavirus\/?amp\" rel=\"amphtml\">explicamos.<\/a><\/p>\n<div class=\"maldita-background become-maldito-wrap become-maldito-long border text-dark p-4 mt-3 mb-3\">\n<header>\n<h1 class=\"maldita-title font-weight-bolder text-uppercase\">Hazte Maldito, hazte Maldita<\/h1>\n<\/header>\n<p>Maldita.es est\u00e1 aqu\u00ed para ayudarte a <strong>luchar contra la mentira<\/strong>: identificar la desinformaci\u00f3n y controlar el discurso pol\u00edtico, pero <strong>s\u00f3lo con tu apoyo ser\u00e1 posible<\/strong>.<\/p>\n<p>Hazte maldit@ y \u00fanete a esta lucha contra la mentira.<\/p>\n<\/div>\n<h2>No, no hay evidencias de que hacer vahos reduzca el riesgo o cure la infecci\u00f3n por coronavirus<\/h2>\n<figure class=\"wp-block-image\"><img decoding=\"async\" class=\"i-amphtml-intrinsic-sizer\" role=\"presentation\" src=\"data:;base64,<svg height=\"675px\" width=\"1600px\" xmlns=\"http:\/\/www.w3.org\/2000\/svg\" version=\"1.1\"\/>\u00bb alt=\u00bb\u00bb aria-hidden=\u00bbtrue\u00bb \/><img data-recalc-dims=\"1\" decoding=\"async\" class=\"i-amphtml-fill-content i-amphtml-replaced-content\" src=\"https:\/\/i0.wp.com\/maldita.es\/app\/uploads\/2020\/03\/FondoRocio2.jpg?w=640&#038;ssl=1\" alt=\"\" \/><\/figure>\n<p>Desde este pasado 19 de marzo est\u00e1 circulando much\u00edsimo un v\u00eddeo de Youtube en el que un doctor argentino llamado Mario Pesaresi recomienda\u00a0<strong>hacer vahos (respirar vapor de agua caliente)<\/strong>\u00a0como m\u00e9todo para reducir el riesgo de infecci\u00f3n por coronavirus. <a href=\"https:\/\/maldita.es\/malditobulo\/2020\/03\/21\/no-no-hay-evidencias-de-que-hacer-vahos-reduzca-el-riesgo-o-cure-la-infeccion-por-coronavirus\/?amp\" rel=\"amphtml\">Aqu\u00ed <\/a>os contamos m\u00e1s sobre ello.<\/p>\n<h2>No, no es cierto que cuando hay un profesional sanitario afectado, todos los profesionales a su alrededor son testados y se identifica a todos aquellos que dan positivos como dice Fernando Sim\u00f3n<\/h2>\n<figure class=\"wp-block-image\"><img decoding=\"async\" class=\"i-amphtml-intrinsic-sizer\" role=\"presentation\" src=\"data:;base64,<svg height=\"675px\" width=\"1600px\" xmlns=\"http:\/\/www.w3.org\/2000\/svg\" version=\"1.1\"\/>\u00bb alt=\u00bb\u00bb aria-hidden=\u00bbtrue\u00bb \/><img data-recalc-dims=\"1\" decoding=\"async\" class=\"i-amphtml-fill-content i-amphtml-replaced-content\" src=\"https:\/\/i0.wp.com\/maldita.es\/app\/uploads\/2020\/03\/Dise%C3%B1o-sin-t%C3%ADtulo1-7.jpg?w=640&#038;ssl=1\" alt=\"\" \/><\/figure>\n<p>El 28 de marzo el director del Centro de Coordinaci\u00f3n de Alertas y Emergencias Sanitarias, Fernando Sim\u00f3n, afirm\u00f3 que\u00a0<strong>\u00abcuando hay un profesional sanitario afectado, todos los profesionales a su alrededor son testados y se identifica a todos aquellos que dan positivos\u00bb<\/strong>.\u00a0<strong>No es cierto<\/strong>\u00a0<strong>a 30 de marzo<\/strong>. <a href=\"https:\/\/maldita.es\/malditobulo\/2020\/03\/30\/fernando-simon-coronavirus-tests-personal-sanitario\/?amp\" rel=\"amphtml\">Te lo explicamos.<\/a><\/p>\n<h2>No, este v\u00eddeo no es de un mot\u00edn en la c\u00e1rcel de Alhaur\u00edn de la Torre por el coronavirus ni est\u00e1 grabado en Espa\u00f1a<\/h2>\n<figure class=\"wp-block-image\"><img decoding=\"async\" class=\"i-amphtml-intrinsic-sizer\" role=\"presentation\" src=\"data:;base64,<svg height=\"675px\" width=\"1600px\" xmlns=\"http:\/\/www.w3.org\/2000\/svg\" version=\"1.1\"\/>\u00bb alt=\u00bb\u00bb aria-hidden=\u00bbtrue\u00bb \/><img data-recalc-dims=\"1\" decoding=\"async\" class=\"i-amphtml-fill-content i-amphtml-replaced-content\" src=\"https:\/\/i0.wp.com\/maldita.es\/app\/uploads\/2020\/03\/Portada_carcel_alhaurin_coronavirus.jpg?w=640&#038;ssl=1\" alt=\"\" \/><\/figure>\n<p>Nos est\u00e1is preguntando por un v\u00eddeo que circula afirmando que se trata de un mot\u00edn en la c\u00e1rcel malague\u00f1a de Alhaur\u00edn de la Torre. En este v\u00eddeo se ve a hombres destrozando mobiliario en lo que parece una c\u00e1rcel.\u00a0<strong>Es un bulo: las im\u00e1genes aparecen el 9 de marzo relacionadas con un mot\u00edn en una c\u00e1rcel italiana y la direcci\u00f3n del centro penitenciario de Alhaur\u00edn de la Torre niega que las im\u00e1genes correspondan con su centro.<\/strong> <a href=\"https:\/\/maldita.es\/malditobulo\/2020\/03\/22\/video-motin-alhaurin\/?amp\" rel=\"amphtml\">Aqu\u00ed ten\u00e9is m\u00e1s<\/a> sobre ello.<\/p>\n<h2>No, esta imagen no es de la situaci\u00f3n actual del pabell\u00f3n del IFEMA para personas sin hogar: es una imagen tras el montaje de las camas antes de su apertura<\/h2>\n<figure class=\"wp-block-image\"><img decoding=\"async\" class=\"i-amphtml-intrinsic-sizer\" role=\"presentation\" src=\"data:;base64,<svg height=\"675px\" width=\"1600px\" xmlns=\"http:\/\/www.w3.org\/2000\/svg\" version=\"1.1\"\/>\u00bb alt=\u00bb\u00bb aria-hidden=\u00bbtrue\u00bb \/><img data-recalc-dims=\"1\" decoding=\"async\" class=\"i-amphtml-fill-content i-amphtml-replaced-content\" src=\"https:\/\/i0.wp.com\/maldita.es\/app\/uploads\/2020\/04\/portada_ifema_sinhogar.jpg?w=640&#038;ssl=1\" alt=\"\" \/><\/figure>\n<p>Est\u00e1 circulando por redes sociales una imagen del pabell\u00f3n de IFEMA habilitado para personas sin hogar por el coronavirus afirmando que est\u00e1 vac\u00edo. En esta imagen se ven camas y no se ve a ninguna persona. Adem\u00e1s, se afirma que est\u00e1 vac\u00edo porque se exige estar empadronado en Madrid para poder acceder.\u00a0<strong>Es un bulo: esta imagen fue tomada tras el montaje de las camas, antes de su apertura<\/strong>, y el Ayuntamiento de Madrid y la empresa que lo gestiona\u00a0<strong>no contemplan estar empadronado en la ciudad como requisito<\/strong>. <a href=\"https:\/\/maldita.es\/malditobulo\/2020\/04\/13\/pabellon-ifema-personas-sin-hogar-vacio\/?amp\" rel=\"amphtml\">Os lo explicamos.<\/a><\/p>\n<h2>No hay pruebas de que se est\u00e9n requisando respiradores en Granada por una orden del Ministerio de Sanidad para llevarlos a Madrid<\/h2>\n<figure class=\"wp-block-image\"><img decoding=\"async\" class=\"i-amphtml-intrinsic-sizer\" role=\"presentation\" src=\"data:;base64,<svg height=\"675px\" width=\"1600px\" xmlns=\"http:\/\/www.w3.org\/2000\/svg\" version=\"1.1\"\/>\u00bb alt=\u00bb\u00bb aria-hidden=\u00bbtrue\u00bb \/><img data-recalc-dims=\"1\" decoding=\"async\" class=\"i-amphtml-fill-content i-amphtml-replaced-content\" src=\"https:\/\/i0.wp.com\/maldita.es\/app\/uploads\/2020\/03\/PORTADA_RESPIRADORES_UVI_GRANADA_1.jpg?w=640&#038;ssl=1\" alt=\"\" \/><\/figure>\n<p>\u00abSe est\u00e1n llevando\u00a0<strong>respiradores de Granada a Madrid<\/strong>\u00a0y los est\u00e1n requisando con una orden ministerial\u00bb. Esta afirmaci\u00f3n,<strong>\u00a0sin pruebas<\/strong>, que recorre las redes se ha viralizado por un audio en el que un hombre asegura que \u00ab<strong>por orden ministerial<\/strong>\u00bb se han requisado los respiradores de las UVI m\u00f3viles de\u00a0<strong>Granada<\/strong>\u00a0y de su \u00e1rea metropolitana para llevarlos a Madrid.<\/p>\n<p>El m\u00e9dico granadino conocido como\u00a0<strong>Spiriman<\/strong>, tambi\u00e9n ha difundido en un Facebook, Twitter e Instagram que se estaban requisando respiradores en el Hospital San Rafael de Granada y aunque ya lo ha borrado, mantiene un\u00a0<strong>v\u00eddeo<\/strong>\u00a0con m\u00e1s de 100.000 compartidos en el que denuncia que el Gobierno est\u00e1 requisando respiradores de las ambulancias andaluzas para trasladarlos a Madrid.\u00a0<strong>La Consejer\u00eda de Salud de la Junta de Andaluc\u00eda lo ha desmentido.<\/strong>\u00a0<a href=\"https:\/\/maldita.es\/malditobulo\/2020\/03\/24\/respiradores-granada-orden-ministerio-sanidad-madrid\/?amp\" rel=\"amphtml\">Os lo explicamos.<\/a><\/p>\n<h2>\u00bfQu\u00e9 sabemos sobre los mensajes que aseguran que ya no se van a dar respiradores a los mayores de 65 o 70 a\u00f1os infectados con coronavirus en la Comunidad de Madrid? (a 20 de marzo)<\/h2>\n<figure class=\"wp-block-image\"><img decoding=\"async\" class=\"i-amphtml-intrinsic-sizer\" role=\"presentation\" src=\"data:;base64,<svg height=\"675px\" width=\"1600px\" xmlns=\"http:\/\/www.w3.org\/2000\/svg\" version=\"1.1\"\/>\u00bb alt=\u00bb\u00bb aria-hidden=\u00bbtrue\u00bb \/><img data-recalc-dims=\"1\" decoding=\"async\" class=\"i-amphtml-fill-content i-amphtml-replaced-content\" src=\"https:\/\/i0.wp.com\/maldita.es\/app\/uploads\/2020\/03\/FondoRespiradores2.jpg?w=640&#038;ssl=1\" alt=\"\" \/><\/figure>\n<p>Nos pregunt\u00e1is si es cierto que a las personas mayores de 70 a\u00f1os hospitalizadas por<strong>\u00a0coronavirus\u00a0<\/strong>en la\u00a0<strong>Comunidad de Madrid<\/strong>\u00a0ya no les van a\u00a0<strong>proporcionar respiradores<\/strong>\u00a0y por un audio que asegura que en la Comunidad de Madrid se est\u00e1n liberando respiradores en los hospitales \u201cpara menores de 65 a\u00f1os\u201d. La grabaci\u00f3n afirma que es algo que \u00abest\u00e1 pasando ya\u00bb. Tambi\u00e9n est\u00e1 circulando una cadena de Whatsapp seg\u00fan la cual en los hospitales madrile\u00f1os de La Paz y la Fundaci\u00f3n Jim\u00e9nez D\u00edaz no se est\u00e1 intubando a los pacientes de m\u00e1s de 70 a\u00f1os. Os contamos qu\u00e9 sabemos.<\/p>\n<p><strong>El Ministerio de Sanidad a 20 de marzo, la Direcci\u00f3n General de Infraestructuras Sanitarias de la Comunidad de Madrid a 18 de marzo, el Hospital La Paz y la Fundaci\u00f3n Jim\u00e9nez D\u00edaz a 19 de marzo niegan que sea el caso.<\/strong>\u00a0Existe un\u00a0<a href=\"https:\/\/amp.elmundo.es\/ciencia-y-salud\/salud\/2020\/03\/20\/5e73dc15fdddff8e518b4640.html\">documento de recomendaciones UCI y Covid-19 que ha elaborado el Grupo de Trabajo de Bio\u00e9tica<\/a>\u00a0de la Sociedad Espa\u00f1ola de Medicina Intensiva, sobre c\u00f3mo elegir a qui\u00e9n ingresar en la UCI seg\u00fan su esperanza de vida. Eso s\u00ed, la edad no ser\u00eda el \u00fanico elemento a considerar. Tambi\u00e9n en este sentido,\u00a0<em>El Confidencial<\/em>\u00a0ha tenido\u00a0<a href=\"https:\/\/www.elconfidencial.com\/espana\/2020-03-20\/hospitales-acceso-uvi-covid-coronavirus-mayores-respiradores_2507959\/\">acceso a un borrador del hospital Vall d&#8217;Hebron (Barcelona) donde se recogen indicaciones de soporte respiratorio<\/a>. Aqu\u00ed <a href=\"https:\/\/maldita.es\/malditobulo\/2020\/03\/20\/respiradores-mayores-65-70-anos-comunidad-madrid-la-paz\/?amp\" rel=\"amphtml\">te explicamos m\u00e1s.<\/a><\/p>\n<h2>No, no es cierto que los fumadores tienen menos probabilidades de ser hospitalizados por el coronavirus<\/h2>\n<figure class=\"wp-block-image\"><img decoding=\"async\" class=\"i-amphtml-intrinsic-sizer\" role=\"presentation\" src=\"data:;base64,<svg height=\"675px\" width=\"1600px\" xmlns=\"http:\/\/www.w3.org\/2000\/svg\" version=\"1.1\"\/>\u00bb alt=\u00bb\u00bb aria-hidden=\u00bbtrue\u00bb \/><img data-recalc-dims=\"1\" decoding=\"async\" class=\"i-amphtml-fill-content i-amphtml-replaced-content\" src=\"https:\/\/i0.wp.com\/maldita.es\/app\/uploads\/2020\/04\/Dise%C3%B1o-sin-t%C3%ADtulo-9.jpg?w=640&#038;ssl=1\" alt=\"\" \/><\/figure>\n<p>Ya os hemos contado en\u00a0<em>Maldita.es<\/em><strong>\u00a0<a href=\"https:\/\/maldita.es\/malditaciencia\/2020\/04\/07\/fumadores-coronavirus-riesgo\/?amp\" rel=\"amphtml\">por qu\u00e9 los fumadores son m\u00e1s vulnerables al coronavirus<\/a><\/strong>. Pese a la evidencia cient\u00edfica, se han viralizado\u00a0<a href=\"https:\/\/web.archive.org\/web\/20200413151012\/https:\/\/twitter.com\/kerpen\/status\/1249713002330415106\">varios<\/a>\u00a0<a href=\"https:\/\/web.archive.org\/web\/20200411185924\/https:\/\/twitter.com\/KlausKblog\/status\/1249048902495592450\">hilos<\/a>\u00a0<a href=\"https:\/\/web.archive.org\/web\/20200402113446\/https:\/\/twitter.com\/KlausKblog\/status\/1245544033272938496\">de<\/a>\u00a0<a href=\"https:\/\/web.archive.org\/web\/20200326030636\/https:\/\/twitter.com\/KlausKblog\/status\/1242995506118307840\">Twitter<\/a>\u00a0que afirman que en varios pa\u00edses los datos y varios estudios muestran c\u00f3mo los fumadores tienen menos probabilidades de ser hospitalizados por el coronavirus. Os explicamos en <a href=\"https:\/\/maldita.es\/malditaciencia\/2020\/04\/16\/fumar-hospitalizados-tabaco-coronavirus-covid-19\/?amp\" rel=\"amphtml\">este art\u00edculo<\/a> por qu\u00e9 no podemos sacar esa conclusi\u00f3n.<\/p>\n<h2>No, no es una campa\u00f1a de ayudas para alimentos de C\u00e1ritas con motivo de &#8216;esta crisis mundial por el coronavirus&#8217;: es &#8216;phishing&#8217;<\/h2>\n<figure class=\"wp-block-image\"><img decoding=\"async\" class=\"i-amphtml-intrinsic-sizer\" role=\"presentation\" src=\"data:;base64,<svg height=\"675px\" width=\"1600px\" xmlns=\"http:\/\/www.w3.org\/2000\/svg\" version=\"1.1\"\/>\u00bb alt=\u00bb\u00bb aria-hidden=\u00bbtrue\u00bb \/><img data-recalc-dims=\"1\" decoding=\"async\" class=\"i-amphtml-fill-content i-amphtml-replaced-content\" src=\"https:\/\/i0.wp.com\/maldita.es\/app\/uploads\/2020\/04\/FondoCaritas-1.jpg?w=640&#038;ssl=1\" alt=\"\" \/><\/figure>\n<p>Circula por WhatsApp una supuesta campa\u00f1a de C\u00e1ritas a trav\u00e9s de la cu\u00e1l se estar\u00edan dando m\u00e1s de 800.000 ayudas alimentarias con motivo de la crisis del coronavirus.\u00a0<strong>No piques: es un caso de &#8216;phishing&#8217; con el que intentan hacerse con tus datos y los de tus contactos.<\/strong> <a href=\"https:\/\/maldita.es\/malditobulo\/2020\/04\/02\/ayudas-alimentos-caritas-coronavirus\/?amp\" rel=\"amphtml\">Os lo explicamos.<\/a><\/p>\n<h2>No, el Gobierno no ha emitido un \u201cdecreto supremo\u201d que proh\u00edbe salir de casa a partir de las 15 horas del lunes 23 de marzo (a 22 de marzo a las 15:30 horas)<\/h2>\n<figure class=\"wp-block-image\"><img decoding=\"async\" class=\"i-amphtml-intrinsic-sizer\" role=\"presentation\" src=\"data:;base64,<svg height=\"675px\" width=\"1600px\" xmlns=\"http:\/\/www.w3.org\/2000\/svg\" version=\"1.1\"\/>\u00bb alt=\u00bb\u00bb aria-hidden=\u00bbtrue\u00bb \/><img data-recalc-dims=\"1\" decoding=\"async\" class=\"i-amphtml-fill-content i-amphtml-replaced-content\" src=\"https:\/\/i0.wp.com\/maldita.es\/app\/uploads\/2020\/03\/boe.png?w=640&#038;ssl=1\" alt=\"\" \/><\/figure>\n<p>Est\u00e1 circulando un mensaje que advierte de que el gobierno de Espa\u00f1a ha emitido un decreto supremo que proh\u00edbe salir a la calle a partir de las 15:00 horas del lunes 23 de marzo hasta el 31 de marzo, excepto para personas que necesiten atenci\u00f3n m\u00e9dica. El mensaje tambi\u00e9n dice que se cerrar\u00e1n locales comerciales, como las tiendas de alimentaci\u00f3n, o las farmacias, que la jornada laboral ser\u00e1 en horario continuo de 8:00 a 14:00 para todos, o que personas que presenten m\u00e1s de 38,5\u00ba de temperatura corporal ser\u00e1n trasladados a establecimientos de salud.<\/p>\n<p>A 22 de marzo (a las 15:30 horas)\u00a0<strong>no se ha publicado ning\u00fan nuevo decreto del Gobierno<\/strong>\u00a0que establezca nuevas medidas para la ciudadan\u00eda durante el estado alarma y que sustituya al Real Decreto 463\/2020. Este mensaje\u00a0<strong>es un bulo<\/strong>.\u00a0Puedes leerlo <a href=\"https:\/\/maldita.es\/malditobulo\/2020\/03\/22\/gobierno-decreto-supremo-estado-alarma-23-marzo\/?amp\" rel=\"amphtml\">aqu\u00ed<\/a>.<\/p>\n<h2>\u00bfQu\u00e9 sabemos sobre la relaci\u00f3n entre salir a aplaudir al balc\u00f3n y el riesgo de contagio de COVID-19?<\/h2>\n<figure class=\"wp-block-image\"><img decoding=\"async\" class=\"i-amphtml-intrinsic-sizer\" role=\"presentation\" src=\"data:;base64,<svg height=\"860px\" width=\"1688px\" xmlns=\"http:\/\/www.w3.org\/2000\/svg\" version=\"1.1\"\/>\u00bb alt=\u00bb\u00bb aria-hidden=\u00bbtrue\u00bb \/><img data-recalc-dims=\"1\" decoding=\"async\" class=\"i-amphtml-fill-content i-amphtml-replaced-content\" src=\"https:\/\/i0.wp.com\/maldita.es\/app\/uploads\/2020\/03\/balcones.jpg?w=640&#038;ssl=1\" alt=\"\" \/><\/figure>\n<p>Nos hab\u00e9is preguntado sin parar sobre si los\u00a0<strong>m\u00e9dicos chinos<\/strong>\u00a0que fueron a\u00a0<strong>Italia\u00a0<\/strong>advirtieron del peligro de infectarse de\u00a0<strong>coronavirus<\/strong>\u00a0por\u00a0<strong>salir a los balcones y cantar o aplaudir.<\/strong>\u00a0Seg\u00fan estos mensajes que se est\u00e1n viralizando, los m\u00e9dicos procedentes de China que llegaron a Italia se\u00f1alaron que esta \u201c<strong>es la forma m\u00e1s r\u00e1pida de contagiarse\u201d<\/strong>. En la imagen se pide a la gente que use mascarilla y que no salga a cantar, gritar y aplaudir en su domicilio. La realidad es que los m\u00e9dicos chinos no dijeron eso. <a href=\"https:\/\/maldita.es\/malditaciencia\/2020\/03\/24\/aplausos-balcon-riesgo-contagio-coronavirus\/?amp\" rel=\"amphtml\">Os explicamos qu\u00e9 sabemos.<\/a><\/p>\n<h2>No, hacer g\u00e1rgaras de sal no ayuda a combatir el coronavirus<\/h2>\n<figure class=\"wp-block-image\"><img decoding=\"async\" class=\"i-amphtml-intrinsic-sizer\" role=\"presentation\" src=\"data:;base64,<svg height=\"675px\" width=\"1600px\" xmlns=\"http:\/\/www.w3.org\/2000\/svg\" version=\"1.1\"\/>\u00bb alt=\u00bb\u00bb aria-hidden=\u00bbtrue\u00bb \/><img data-recalc-dims=\"1\" decoding=\"async\" class=\"i-amphtml-fill-content i-amphtml-replaced-content\" src=\"https:\/\/i0.wp.com\/maldita.es\/app\/uploads\/2020\/04\/BULO.jpg?w=640&#038;ssl=1\" alt=\"\" \/><\/figure>\n<p>Nos hab\u00e9is consultado por un v\u00eddeo del supuesto \u00abqu\u00edmico farmace\u00fatico\u00bb peruano Juan Panay de casi 6 minutos de duraci\u00f3n en el que afirma que hacer g\u00e1rgaras de sal acaba con el coronavirus al alterar el pH de la garganta. Es un\u00a0<strong>bulo<\/strong>. <a href=\"https:\/\/maldita.es\/malditaciencia\/2020\/04\/06\/gargaras-sal-juan-panay-coronavirus-covid19\/?amp\" rel=\"amphtml\">Os lo explicamos.<\/a><\/p>\n<h2>El v\u00eddeo de una persona que se suicida en Valencia desde un hotel por la cuarentena no tiene relaci\u00f3n con el coronavirus<\/h2>\n<figure class=\"wp-block-image size-large\"><img decoding=\"async\" class=\"i-amphtml-intrinsic-sizer\" role=\"presentation\" src=\"data:;base64,<svg height=\"535px\" width=\"1024px\" xmlns=\"http:\/\/www.w3.org\/2000\/svg\" version=\"1.1\"\/>\u00bb alt=\u00bb\u00bb aria-hidden=\u00bbtrue\u00bb \/><img data-recalc-dims=\"1\" height=\"334\" width=\"640\" decoding=\"async\" class=\"i-amphtml-fill-content i-amphtml-replaced-content\" src=\"https:\/\/i0.wp.com\/maldita.es\/app\/uploads\/2020\/03\/SUICIDIO-VALENCIA-CORONAVIRUS-1024x535.png?resize=640%2C334&#038;ssl=1\" sizes=\"(max-width: 1366px) 852px, 100vw\" srcset=\"https:\/\/maldita.es\/app\/uploads\/2020\/03\/SUICIDIO-VALENCIA-CORONAVIRUS-1024x535.png 1024w, https:\/\/maldita.es\/app\/uploads\/2020\/03\/SUICIDIO-VALENCIA-CORONAVIRUS-300x157.png 300w, https:\/\/maldita.es\/app\/uploads\/2020\/03\/SUICIDIO-VALENCIA-CORONAVIRUS-768x401.png 768w, https:\/\/maldita.es\/app\/uploads\/2020\/03\/SUICIDIO-VALENCIA-CORONAVIRUS.png 1356w\" alt=\"\" \/><\/figure>\n<p>Se est\u00e1 viralizando un<strong>\u00a0v\u00eddeo de un suicidio<\/strong>\u00a0supuestamente por \u00abdesesperaci\u00f3n ante el\u00a0<strong>coronavirus<\/strong>\u00a0y la cuarentena\u00bb\u00a0<strong>en Valencia<\/strong>. En el v\u00eddeo se ve a una persona saltar desde la azotea del\u00a0<strong>Hotel Valencia Center<\/strong>\u00a0de Valencia.\u00a0<strong>Es un bulo que tenga relaci\u00f3n con el coronavirus<\/strong>. El v\u00eddeo no es actual, es del 24 de diciembre. La Polic\u00eda Nacional en Valencia ya nos lo confirm\u00f3 en diciembre de 2019, entonces el v\u00eddeo se viralizaba como si fuera un suicidio \u00abde un hombre por la ley de violencia de g\u00e9nero\u00bb. Tambi\u00e9n era un bulo entonces, porque la persona que se suicid\u00f3\u00a0<strong><a href=\"https:\/\/maldita.es\/malditobulo\/2019\/12\/30\/no-la-persona-que-se-suicida-desde-la-azotea-de-un-hotel-no-es-otro-afectado-mas-por-la-ley-de-violencia-de-genero-esta-vez-en-valencia-era-una-mujer-segun-policia-nacional\/?amp\" rel=\"amphtml\">era una mujer y no un hombre<\/a><\/strong>. El suceso ocurri\u00f3 el 24 de diciembre de 2019. Os lo contamos <a href=\"https:\/\/maldita.es\/malditobulo\/2020\/03\/18\/suicidio-hotel-coronavirus-valencia-cuarentena\/?amp\" rel=\"amphtml\">en este art\u00edculo<\/a>.<\/p>\n<h2>\u00bfQu\u00e9 sabemos sobre el audio de un supuesto camionero que denuncia que coches oficiales recogieron material sanitario para llev\u00e1rselo a pol\u00edticos?<\/h2>\n<figure class=\"wp-block-image\"><img decoding=\"async\" class=\"i-amphtml-intrinsic-sizer\" role=\"presentation\" src=\"data:;base64,<svg height=\"675px\" width=\"1600px\" xmlns=\"http:\/\/www.w3.org\/2000\/svg\" version=\"1.1\"\/>\u00bb alt=\u00bb\u00bb aria-hidden=\u00bbtrue\u00bb \/><img data-recalc-dims=\"1\" decoding=\"async\" class=\"i-amphtml-fill-content i-amphtml-replaced-content\" src=\"https:\/\/i0.wp.com\/maldita.es\/app\/uploads\/2020\/03\/PORTADA_AUDIO_CAMIONERO.jpg?w=640&#038;ssl=1\" alt=\"\" \/><\/figure>\n<p>Nos hab\u00e9is consultado much\u00edsimo por un audio en el que un hombre, que dice ser\u00a0<strong>camionero<\/strong>, asegura que ayer por la noche transport\u00f3 a\u00a0<strong>Madrid<\/strong>, junto a un compa\u00f1ero,\u00a0<strong>dos tr\u00e1ilers cargados de material sanitario<\/strong>\u00a0(guantes, mascarillas, respiradores, tests&#8230;). Seg\u00fan relata en el audio, cuando lleg\u00f3 al almac\u00e9n y descarg\u00f3 el material, se dio cuenta de que en cada palet hab\u00eda\u00a0<strong>dos cajas marcadas con \u00abpuntos rojos<\/strong>\u00bb y que hab\u00eda\u00a0<strong>coches oficiales<\/strong>\u00a0esperando para recogerlas y llev\u00e1rselas a pol\u00edticos. Adem\u00e1s, dice que el resto de material ha quedado retenido en el almac\u00e9n. La web\u00a0<em><strong><a href=\"https:\/\/archive.fo\/57cKF\">El Diestro<\/a><\/strong><\/em>\u00a0ha publicado esta historia. Sin embargo, el supuesto camionero no se identifica, no aporta el lugar exacto en el que se habr\u00eda producido la descarga, ni la fecha, ni el nombre del almac\u00e9n o de la empresa de transportes. Adem\u00e1s,\u00a0<strong>desde el Ministerio de Sanidad nos dicen que \u00abes mentira\u00bb ya que \u00abno hay material destinado a pol\u00edticos\u00bb.<\/strong> Puedes leerlo <a href=\"https:\/\/maldita.es\/malditobulo\/2020\/03\/22\/audio-camionero-denuncia-coches-oficiales-material-sanitario-politicos-respiradores-mascarillas-guantes-test\/?amp\" rel=\"amphtml\">aqu\u00ed<\/a>.<\/p>\n<h2>No, esta foto no es de una exposici\u00f3n de ata\u00fades vac\u00edos para la venta: son f\u00e9retros de fallecidos por coronavirus en el parking de un tanatorio en Collserola (Barcelona)<\/h2>\n<figure class=\"wp-block-image\"><img decoding=\"async\" class=\"i-amphtml-intrinsic-sizer\" role=\"presentation\" src=\"data:;base64,<svg height=\"675px\" width=\"1600px\" xmlns=\"http:\/\/www.w3.org\/2000\/svg\" version=\"1.1\"\/>\u00bb alt=\u00bb\u00bb aria-hidden=\u00bbtrue\u00bb \/><img data-recalc-dims=\"1\" decoding=\"async\" class=\"i-amphtml-fill-content i-amphtml-replaced-content\" src=\"https:\/\/i0.wp.com\/maldita.es\/app\/uploads\/2020\/04\/FOTO-ATAU%CC%81DES2.jpg?w=640&#038;ssl=1\" alt=\"\" \/><\/figure>\n<p>Tras una publicaci\u00f3n de Vox con un v\u00eddeo de ata\u00fades de v\u00edctimas por el coronavirus se ha hecho viral un mensaje que dice que \u00abesos ata\u00fades est\u00e1n vac\u00edos\u00bb y \u00abest\u00e1n expuestos para su venta en una nave de Barcelona\u00bb. Es un bulo:<strong>\u00a0las im\u00e1genes son del parking del tanatorio de Collserola (Barcelona)<\/strong>\u00a0y, seg\u00fan nos ha confirmado el tanatorio,\u00a0<strong>\u00ablos f\u00e9retros est\u00e1n llenos\u00bb\u00a0<\/strong>y \u00abtodos son fallecidos por COVID-19\u00bb. Por otro lado, tambi\u00e9n es un bulo el tuit de Vox que afirma el Gobierno oculta esas im\u00e1genes, como ya os hemos contado\u00a0<a href=\"https:\/\/maldita.es\/malditobulo\/2020\/04\/04\/no-el-gobierno-no-oculta-estas-imagenes-de-feretros-como-dice-vox-fueron-emitidas-por-tve-y-grabadas-por-la-agencia-efe\/?amp\" rel=\"amphtml\">aqu\u00ed<\/a>. <a href=\"https:\/\/maldita.es\/malditobulo\/2020\/04\/06\/ataudes-vacios-expuestos-venta-nave-barcelona-coronavirus\/?amp\" rel=\"amphtml\">Os lo explicamos.<\/a><\/p>\n<h2>\u00bfQu\u00e9 sabemos de la cuenta de Twitter de Miguel Lacambra (@mglacambra) y su firma en La Marea?<\/h2>\n<figure class=\"wp-block-image\"><img decoding=\"async\" class=\"i-amphtml-intrinsic-sizer\" role=\"presentation\" src=\"data:;base64,<svg height=\"675px\" width=\"1600px\" xmlns=\"http:\/\/www.w3.org\/2000\/svg\" version=\"1.1\"\/>\u00bb alt=\u00bb\u00bb aria-hidden=\u00bbtrue\u00bb \/><img data-recalc-dims=\"1\" decoding=\"async\" class=\"i-amphtml-fill-content i-amphtml-replaced-content\" src=\"https:\/\/i0.wp.com\/maldita.es\/app\/uploads\/2020\/03\/Disen%CC%83o-sin-ti%CC%81tulo27.jpg?w=640&#038;ssl=1\" alt=\"\" \/><\/figure>\n<p>Nos est\u00e1is preguntando por la cuenta de Twitter de \u00abMiguel Lacambra\u00bb (@mglacambra) y unart\u00edculo escrito en el medio de comunicaci\u00f3n La Marea. Se mueven varias teor\u00edas sobre su identidad.<\/p>\n<p>La cuenta se registr\u00f3 el 14 de marzo de 2020 y\u00a0<a href=\"https:\/\/web.archive.org\/web\/20200314160200\/https:\/twitter.com\/mglacambra\/status\/1238854642743881730\">dec\u00eda ser un periodista de RNE y EFE<\/a>\u00a0que se hab\u00eda quedado en paro. Desde entonces, hab\u00eda alcanzado casi 16.000 seguidores tras la difusi\u00f3n de su trabajo con gr\u00e1ficos sobre la infecci\u00f3n por coronavirus, hasta que el 25 de marzo public\u00f3 un art\u00edculo en La\u00a0<em>Marea\u00a0<\/em>titulado \u201c\u00bf<a href=\"https:\/\/www.lamarea.com\/2020\/03\/25\/ha-influido-el-8-m-en-el-incremento-de-los-casos-de-covid-19\/\">Ha influido el 8-M en el incremento de los casos de Covid-19?\u201d<\/a><\/p>\n<p>Por Twitter tambi\u00e9n est\u00e1n circulando teor\u00edas sin pruebas que apuntan a que detr\u00e1s de la cuenta de Miguel Lacambra est\u00e1n el jefe de Gabinete de Presidencia del Gobierno,\u00a0<strong>Iv\u00e1n Redondo<\/strong>, o el secretario de Comunicaci\u00f3n de Podemos,\u00a0<strong>Juanma del Olmo<\/strong>.<\/p>\n<p>El Pa\u00eds le<a href=\"https:\/\/elpais.com\/tecnologia\/2020-03-27\/yo-soy-miguel-lacambra.html\">\u00a0ha entrevistado<\/a>\u00a0y afirma ser\u00a0<strong>Diego \u00c1lvarez Miguel<\/strong>. Diego \u00c1lvarez es un Data Scientist de una entidad bancaria. Este usuario t<strong>ambi\u00e9n ha cerrado su cuenta de Twitter,<\/strong>\u00a0poco despu\u00e9s de que la gente comenzara a denunciar el perfil de Miguel Lacambra. <a href=\"https:\/\/maldita.es\/maldita-te-explica\/2020\/03\/28\/miguel-lacambra-cuenta-twitter\/?amp\" rel=\"amphtml\">Aqu\u00ed os <\/a>contamos lo que sabemos.<\/p>\n<h2>No, el Gobierno no ha presentado una proposici\u00f3n de ley para despenalizar las injurias al rey y los ultrajes a Espa\u00f1a: es de ERC y Bildu<\/h2>\n<figure class=\"wp-block-image\"><img decoding=\"async\" class=\"i-amphtml-intrinsic-sizer\" role=\"presentation\" src=\"data:;base64,<svg height=\"675px\" width=\"1600px\" xmlns=\"http:\/\/www.w3.org\/2000\/svg\" version=\"1.1\"\/>\u00bb alt=\u00bb\u00bb aria-hidden=\u00bbtrue\u00bb \/><\/figure>\n<figure class=\"wp-block-image\"><img data-recalc-dims=\"1\" decoding=\"async\" class=\"i-amphtml-fill-content i-amphtml-replaced-content\" src=\"https:\/\/i0.wp.com\/maldita.es\/app\/uploads\/2020\/04\/portada_bulo_injurias.jpg?w=640&#038;ssl=1\" alt=\"\" \/><\/figure>\n<p>Est\u00e1n circulando por redes sociales mensajes que afirman que el Gobierno ha presentado una proposici\u00f3n de Ley para la despenalizaci\u00f3n de las injurias a la corona y los ultrajes a Espa\u00f1a del pasado 2 de abril. Esto se difunde con mensajes como \u00abmientras Espa\u00f1a lucha contra el coronavirus, otros pa\u00edses nos roban material sin tener represalias y la gente est\u00e1 encerrada en sus casas&#8230; El Gobierno de S\u00e1nchez Castej\u00f3n y Pablo Iglesias presenta &#8216;en silencio&#8217; iniciativas para despenalizar las injurias y ultrajes a la Corona\u00bb. <a href=\"https:\/\/maldita.es\/malditobulo\/2020\/04\/06\/proposicion-ley-modificacion-injurias-corona-ultrajes\/?amp\" rel=\"amphtml\">Os lo explicamos.<\/a><\/p>\n<h2>No podemos saber si estamos contagiados de coronavirus si conseguimos aguantar la respiraci\u00f3n cinco segundos y no es un tuit del Ministerio de Educaci\u00f3n<\/h2>\n<figure class=\"wp-block-image\"><img decoding=\"async\" class=\"i-amphtml-intrinsic-sizer\" role=\"presentation\" src=\"data:;base64,<svg height=\"675px\" width=\"1600px\" xmlns=\"http:\/\/www.w3.org\/2000\/svg\" version=\"1.1\"\/>\u00bb alt=\u00bb\u00bb aria-hidden=\u00bbtrue\u00bb \/><\/figure>\n<figure class=\"wp-block-image\"><img data-recalc-dims=\"1\" decoding=\"async\" class=\"i-amphtml-fill-content i-amphtml-replaced-content\" src=\"https:\/\/i0.wp.com\/maldita.es\/app\/uploads\/2020\/03\/BULO-Ministerio-Pulmones.jpg?w=640&#038;ssl=1\" alt=\"\" \/><\/figure>\n<p>Se est\u00e1 compartiendo en Twitter una publicaci\u00f3n de la cuenta\u00a0<a href=\"https:\/\/archive.li\/2jlK4\">@misteriodeduca<\/a>\u00a0que dice que\u00a0<strong>para comprobar si tus pulmones est\u00e1n sanos tienes que aguantar la respiraci\u00f3n<\/strong>, dar \u00abme gusta\u00bb a la publicaci\u00f3n, comentarla y contar hasta cinco. \u00abSi pudiste completar todos los pasos sin respirar, \u00a1al parecer tus pulmones est\u00e1n sanos!\u00bb. Aunque pueda parecer una broma, en el contexto actual de confinamiento debido al coronavirus que precisamente puede causar problemas pulmonares, hay usuarios que se preguntan si es real. Pero es un bulo. La cuenta no pertenece al Ministerio de Educaci\u00f3n y no hay evidencias de que aguantar la respiraci\u00f3n sea efectivo para diagnosticar el coronavirus. <a href=\"https:\/\/maldita.es\/malditobulo\/2020\/03\/25\/pulmones-sanos-respiracion-cinco-segundos-coronavirus\/?amp\" rel=\"amphtml\">Aqu\u00ed os explicamos m\u00e1s.<\/a><\/p>\n<h2>No, el rey no puede disolver las Cortes y nombrar a un Gobierno de urgencia durante el estado de alarma<\/h2>\n<figure class=\"wp-block-image\"><img decoding=\"async\" class=\"i-amphtml-intrinsic-sizer\" role=\"presentation\" src=\"data:;base64,<svg height=\"675px\" width=\"1600px\" xmlns=\"http:\/\/www.w3.org\/2000\/svg\" version=\"1.1\"\/>\u00bb alt=\u00bb\u00bb aria-hidden=\u00bbtrue\u00bb \/><img data-recalc-dims=\"1\" decoding=\"async\" class=\"i-amphtml-fill-content i-amphtml-replaced-content\" src=\"https:\/\/i0.wp.com\/maldita.es\/app\/uploads\/2020\/03\/portada_rey_cortes_urgencia.jpg?w=640&#038;ssl=1\" alt=\"\" \/><\/figure>\n<p>Nos hab\u00e9is preguntado por un contenido que circula por redes sociales que afirma que el rey podr\u00eda \u00abdisolver las Cortes y nombrar a un Gobierno de urgencia\u00bb durante la crisis del coronavirus.\u00a0<strong>Es un bulo: durante el estado de alarma no se puede disolver el Congreso de los Diputados<\/strong>. Adem\u00e1s,\u00a0<strong>los actos del rey siempre tendr\u00e1n que ser aprobados y firmados por el presidente del Gobierno o del Congreso de los Diputados\u00a0<\/strong>y la\u00a0<strong>disoluci\u00f3n de las Cortes solo podr\u00e1 darse en 3 casos concretos, que no contemplan la situaci\u00f3n actual<\/strong>. Os lo contamos <a href=\"https:\/\/maldita.es\/malditobulo\/2020\/03\/29\/rey-disolver-cortes-gobierno-urgencia-coronavirus\/?amp\" rel=\"amphtml\">aqu\u00ed<\/a>.<\/p>\n<h2>No, este v\u00eddeo de un monje pidiendo una vacuna contra el coronavirus no fue grabado en Italia ni es de 2013: es Valencia y de marzo de 2020<\/h2>\n<figure class=\"wp-block-image\"><img decoding=\"async\" class=\"i-amphtml-intrinsic-sizer\" role=\"presentation\" src=\"data:;base64,<svg height=\"675px\" width=\"1600px\" xmlns=\"http:\/\/www.w3.org\/2000\/svg\" version=\"1.1\"\/>\u00bb alt=\u00bb\u00bb aria-hidden=\u00bbtrue\u00bb \/><img data-recalc-dims=\"1\" decoding=\"async\" class=\"i-amphtml-fill-content i-amphtml-replaced-content\" src=\"https:\/\/i0.wp.com\/maldita.es\/app\/uploads\/2020\/03\/Dise%C3%B1o-sin-t%C3%ADtulo-90.jpg?w=640&#038;ssl=1\" alt=\"\" \/><\/figure>\n<p>Est\u00e1 circulando por redes un v\u00eddeo de un monje hablando en italiano y pidiendo una vacuna contra el coronavirus. Este v\u00eddeo circula como si hubiera sido grabado en 2013 en la Plaza de San Pedro (Ciudad del Vaticano). Los mensajes dicen esto:\u00bb\u00bfse acuerdan del monje que cre\u00edan que estaba loquito pidiendo una vacuna contra el coronavirus el 13 de marzo de 2013 en la elecci\u00f3n del Papa en la Plaza de San Pedro en Italia?\u00bb.\u00a0<strong>Es un bulo.<\/strong><\/p>\n<h2>No, Esperanza Aguirre no ha muerto por coronavirus<\/h2>\n<figure class=\"wp-block-image\"><img decoding=\"async\" class=\"i-amphtml-intrinsic-sizer\" role=\"presentation\" src=\"data:;base64,<svg height=\"730px\" width=\"1266px\" xmlns=\"http:\/\/www.w3.org\/2000\/svg\" version=\"1.1\"\/>\u00bb alt=\u00bb\u00bb aria-hidden=\u00bbtrue\u00bb \/><img data-recalc-dims=\"1\" decoding=\"async\" class=\"i-amphtml-fill-content i-amphtml-replaced-content\" src=\"https:\/\/i0.wp.com\/maldita.es\/app\/uploads\/2020\/03\/ESPERANZA-AGUIRRE.jpg?w=640&#038;ssl=1\" alt=\"\" \/><\/figure>\n<p><strong>Esperanza Aguirre no ha muerto<\/strong>. Est\u00e1 circulando en redes sociales que ha fallecido la ex presidenta de la Comunidad de Madrid\u00a0<strong>Esperanza Aguirre<\/strong>, que fue ingresada esta semana por\u00a0<strong>coronavirus.<\/strong>\u00a0Es un bulo, seg\u00fan nos confirma el Partido Popular a las 19:45h del 22 de marzo Esperanza Aguirre \u00abest\u00e1 bien\u00bb. Tienes el desmentido completo <a href=\"https:\/\/maldita.es\/malditobulo\/2020\/03\/22\/esperanza-aguirre-muerto-coronavirus\/?amp\" rel=\"amphtml\">aqu\u00ed<\/a>.<\/p>\n<div class=\"maldita-background become-maldito-wrap become-maldito-long border text-dark p-4 mt-3 mb-3\">\n<header>\n<h1 class=\"maldita-title font-weight-bolder text-uppercase\">Hazte Maldito, hazte Maldita<\/h1>\n<\/header>\n<p>Maldita.es est\u00e1 aqu\u00ed para ayudarte a <strong>luchar contra la mentira<\/strong>: identificar la desinformaci\u00f3n y controlar el discurso pol\u00edtico, pero <strong>s\u00f3lo con tu apoyo ser\u00e1 posible<\/strong>.<\/p>\n<p>Hazte maldit@ y \u00fanete a esta lucha contra la mentira.<\/p>\n<\/div>\n<h2>No, no es cierto el mensaje que afirma que el audio pidiendo que se manden cartas a ingresados por coronavirus busque hackear ordenadores: el audio con la direcci\u00f3n\u00a0cartas.venceremos.covid19@gmail.com\u00a0es real<\/h2>\n<div class=\"wp-block-image\">\n<figure class=\"aligncenter size-large\"><img decoding=\"async\" class=\"i-amphtml-intrinsic-sizer\" role=\"presentation\" src=\"data:;base64,<svg height=\"281px\" width=\"673px\" xmlns=\"http:\/\/www.w3.org\/2000\/svg\" version=\"1.1\"\/>\u00bb alt=\u00bb\u00bb aria-hidden=\u00bbtrue\u00bb \/><\/figure>\n<\/div>\n<div class=\"wp-block-image\">\n<figure class=\"aligncenter size-large\"><img data-recalc-dims=\"1\" decoding=\"async\" class=\"i-amphtml-fill-content i-amphtml-replaced-content\" src=\"https:\/\/i0.wp.com\/maldita.es\/app\/uploads\/2020\/03\/Captura-de-pantalla-2020-03-18-a-las-17.03.07.png?w=640&#038;ssl=1\" sizes=\"(max-width: 1366px) 673px, 100vw\" srcset=\"https:\/\/maldita.es\/app\/uploads\/2020\/03\/Captura-de-pantalla-2020-03-18-a-las-17.03.07.png 673w, https:\/\/maldita.es\/app\/uploads\/2020\/03\/Captura-de-pantalla-2020-03-18-a-las-17.03.07-300x125.png 300w\" alt=\"\" \/><\/figure>\n<\/div>\n<p>En los \u00faltimos d\u00edas ha circulado un audio por WhatsApp en el que una m\u00e9dico pide cartas de apoyo para los pacientes ingresados por\u00a0<strong>coronavirus<\/strong>\u00a0al correo electr\u00f3nico\u00a0<a href=\"mailto:cartas.venceremos.covid19@gmail.com?amp\" rel=\"amphtml\">cartas.venceremos.covid19@gmail.com<\/a>. Ahora est\u00e1 circulando una cadena de WhatsApp que asegura que el audio busca hackear los ordenadores.\u00a0<strong>Es un bulo<\/strong>: la\u00a0<strong>inciativa de mandar cartas al email\u00a0<\/strong><a href=\"mailto:cartas.venceremos.covid19@gmail.com?amp\" rel=\"amphtml\">cartas.venceremos.covid19@gmail.com<\/a>\u00a0<strong>a personas ingresadas por coronavirus\u00a0<\/strong>que se mueve por todas las redes sociales\u00a0<strong>es real<\/strong>. <a href=\"https:\/\/maldita.es\/malditobulo\/2020\/03\/18\/audio-cartas-coronavirus-hackear\/?amp\" rel=\"amphtml\">Aqu\u00ed <\/a>te contamos m\u00e1s detalles.<\/p>\n<div class=\"maldita-background become-maldito-wrap become-maldito-long border text-dark p-4 mt-3 mb-3\">\n<header>\n<h1 class=\"maldita-title font-weight-bolder text-uppercase\">Hazte Maldito, hazte Maldita<\/h1>\n<\/header>\n<p>Maldita.es est\u00e1 aqu\u00ed para ayudarte a <strong>luchar contra la mentira<\/strong>: identificar la desinformaci\u00f3n y controlar el discurso pol\u00edtico, pero <strong>s\u00f3lo con tu apoyo ser\u00e1 posible<\/strong>.<\/p>\n<p>Hazte maldit@ y \u00fanete a esta lucha contra la mentira.<\/p>\n<\/div>\n<h2>No, la foto de Aznar y Botella paseando juntos al perro no fue sacada durante el estado de alarma<\/h2>\n<figure class=\"wp-block-image\"><img decoding=\"async\" class=\"i-amphtml-intrinsic-sizer\" role=\"presentation\" src=\"data:;base64,<svg height=\"675px\" width=\"1600px\" xmlns=\"http:\/\/www.w3.org\/2000\/svg\" version=\"1.1\"\/>\u00bb alt=\u00bb\u00bb aria-hidden=\u00bbtrue\u00bb \/><img data-recalc-dims=\"1\" decoding=\"async\" class=\"i-amphtml-fill-content i-amphtml-replaced-content\" src=\"https:\/\/i0.wp.com\/maldita.es\/app\/uploads\/2020\/03\/image-88.png?w=640&#038;ssl=1\" alt=\"\" \/><\/figure>\n<p>Se ha viralizado una fotograf\u00eda de Jos\u00e9 Mar\u00eda Aznar y Ana Botella paseando juntos a un perro junto con sus guardaespaldas por Marbella acompa\u00f1ada de frases como\u00a0<strong>\u00abAznar hoy,<\/strong>\u00a0sacando a pasear al perro y a su mujer por Marbella\u00bb (d\u00eda 19 de marzo) o \u00abJos\u00e9 Mar\u00eda Aznar, Ana Botella, su perro y dos guardaespaldas en pleno estado de alerta sanitaria\u00bb. Sin embargo,\u00a0<strong>la foto no fue sacada durante el estado de alarma,\u00a0<\/strong>ni \u00abhoy\u00bb (19 de marzo) por lo que la foto, donde se ve a Aznar y Botella, no demuestra un incumplimiento del estado de alama (\u00a0<a href=\"https:\/\/maldita.es\/maldita-te-explica\/2020\/03\/15\/puedo-salir-de-casa-para-correr-al-aire-libre-con-el-estado-de-alarma-y-para-sacar-al-perro-sacar-al-perro-si-deporte-no\/?amp\" rel=\"amphtml\">el decreto que obliga a realizar esta actividad de forma individual<\/a>) ya que la foto es del d\u00eda 13 de marzo y el Real Decreto del d\u00eda 14. Te contamos <a href=\"https:\/\/maldita.es\/malditobulo\/2020\/03\/20\/aznar-paseando-perro-cuarentena-foto-estado-de-alarma-coronavirus-botella\/?amp\" rel=\"amphtml\">m\u00e1s aqu\u00ed<\/a>.<\/p>\n<h2>\u00bfHa dado Pablo Iglesias positivo por Coronavirus? Vicepresidencia lo niega y los que lo afirman no aportan ninguna prueba<\/h2>\n<figure class=\"wp-block-image\"><img decoding=\"async\" class=\"i-amphtml-intrinsic-sizer\" role=\"presentation\" src=\"data:;base64,<svg height=\"675px\" width=\"1600px\" xmlns=\"http:\/\/www.w3.org\/2000\/svg\" version=\"1.1\"\/>\u00bb alt=\u00bb\u00bb aria-hidden=\u00bbtrue\u00bb \/><img data-recalc-dims=\"1\" decoding=\"async\" class=\"i-amphtml-fill-content i-amphtml-replaced-content\" src=\"https:\/\/i0.wp.com\/maldita.es\/app\/uploads\/2020\/03\/portada_iglesias_coronavirus.jpg?w=640&#038;ssl=1\" alt=\"\" \/><\/figure>\n<p>Est\u00e1n circulando mensajes por redes sociales que afirman que Pablo Iglesias ha dado positivo en coronavirus. Sin embargo, a fecha de 23 de marzo a las 8:30am, no hay pruebas de que Pablo Iglesias haya dado positivo en COVID-19. Las personas que afirman esto no aportan ninguna prueba de ello y desde la\u00a0<strong>Vicepresidencia segunda del Gobierno aseguran a\u00a0<em>Maldita.es<\/em>\u00a0que \u00abes absolutamente falso\u00bb que Pablo Iglesias haya dado positivo por coronavirus.<\/strong><\/p>\n<h2>\u00bfQu\u00e9 sabemos sobre la supuesta incautaci\u00f3n de la Guardia Civil de 150.000 mascarillas en Ja\u00e9n?<\/h2>\n<figure class=\"wp-block-image\"><img decoding=\"async\" class=\"i-amphtml-intrinsic-sizer\" role=\"presentation\" src=\"data:;base64,<svg height=\"675px\" width=\"1600px\" xmlns=\"http:\/\/www.w3.org\/2000\/svg\" version=\"1.1\"\/>\u00bb alt=\u00bb\u00bb aria-hidden=\u00bbtrue\u00bb \/><img data-recalc-dims=\"1\" decoding=\"async\" class=\"i-amphtml-fill-content i-amphtml-replaced-content\" src=\"https:\/\/i0.wp.com\/maldita.es\/app\/uploads\/2020\/03\/PORTADA_MASCARILLAS_JAE%CC%81N.jpg?w=640&#038;ssl=1\" alt=\"\" \/><\/figure>\n<p>El pasado lunes, el director adjunto operativo (DAO) de la\u00a0<strong>Guardia Civil<\/strong>,\u00a0<strong>Laurentino Ce\u00f1a<\/strong>, anunci\u00f3 en\u00a0<a href=\"https:\/\/www.youtube.com\/watch?v=czI7jT-co-c\">rueda de prensa<\/a>\u00a0que en la tarde\/noche del domingo 15 de marzo se procedi\u00f3 a \u201c<strong>incautar<\/strong>\u00a0en la provincia de Ja\u00e9n una importante partida de mascarillas\u201d, en concreto, a la f\u00e1brica de la empresa\u00a0<strong>Dise\u00f1os NT<\/strong>, de\u00a0<strong>Alcal\u00e1 La Real<\/strong>\u00a0(<strong>Ja\u00e9n<\/strong>). Recordemos que seg\u00fan art\u00edculo 13 b) del\u00a0<a href=\"https:\/\/www.boe.es\/boe\/dias\/2020\/03\/14\/pdfs\/BOE-A-2020-3692.pdf\"><strong>Real Decreto\u00a0<\/strong>que declara el estado de alarma por el COVID-19<\/a>, el\u00a0<strong>Ministerio de Sanidad<\/strong>\u00a0tiene potestad para ello. Desde entonces, se ha generado pol\u00e9mica en redes sociales respecto a esta \u201cincautaci\u00f3n\u201d, se ha movido una\u00a0<strong>supuesta carta<\/strong>\u00a0del Consejero de Salud de la Junta de Andaluc\u00eda dirigida al ministro de Sanidad por este tema y tambi\u00e9n circula un\u00a0<strong>audio<\/strong>\u00a0en el que se asegura que las 150.000 mascarillas eran un encargo para el\u00a0<strong>Servicio Andaluz de Salud (SAS)<\/strong>. Os explicamos lo que sabemos <a href=\"https:\/\/maldita.es\/malditobulo\/2020\/03\/19\/incautacion-guardia-civil-mascarillas-jaen\/?amp\" rel=\"amphtml\">aqu\u00ed.<\/a><\/p>\n<h2>Las urgencias del Hospital Severo Ochoa de Legan\u00e9s (Madrid): no han cerrado en ning\u00fan momento pero s\u00ed han derivado algunos pacientes<\/h2>\n<figure class=\"wp-block-image\"><img decoding=\"async\" class=\"i-amphtml-intrinsic-sizer\" role=\"presentation\" src=\"data:;base64,<svg height=\"792px\" width=\"1316px\" xmlns=\"http:\/\/www.w3.org\/2000\/svg\" version=\"1.1\"\/>\u00bb alt=\u00bb\u00bb aria-hidden=\u00bbtrue\u00bb \/><img data-recalc-dims=\"1\" decoding=\"async\" class=\"i-amphtml-fill-content i-amphtml-replaced-content\" src=\"https:\/\/i0.wp.com\/maldita.es\/app\/uploads\/2020\/03\/SEVERO-OCHOA-CIERRE-URGENCIAS-1.png?w=640&#038;ssl=1\" alt=\"\" \/><\/figure>\n<p>Se ha viralizado un supuesto\u00a0<strong>cierre de las urgencias del Hospital Severo Ochoa de Legan\u00e9s\u00a0<\/strong>(Madrid) este<strong>\u00a0jueves por la noche<\/strong>\u00a0ante el desbordamiento por los pacientes con coronavirus. Entre los contenidos que se mueven hay un audio que afirma que \u201cacaban de cerrar el Severo Ochoa, lo acaban de cerrar, han venido militares\u201d y varios tuits, uno de ellos de\u00a0<em>El Pa\u00eds,<\/em>\u00a0que afirma que \u201ctuvo que cerrar sus urgencias durante unas horas el jueves\u201d. El mismo\u00a0<em>El Pa\u00eds<\/em>\u00a0dentro de su noticia ya no realiza tal afirmaci\u00f3n.\u00a0<strong>Desde el Hospital Severo Ochoa afirman que sus urgencias generales no \u201ccerraron\u201d.\u00a0<\/strong>Os lo explicamos <a href=\"https:\/\/maldita.es\/malditobulo\/2020\/03\/20\/urgencias-hospital-severo-ochoa-cerraron\/?amp\" rel=\"amphtml\">aqu\u00ed<\/a>.<\/p>\n<h2>Cuidado con los supuestos bonos del Gobierno y la OMS para gastar en comida y medicinas durante la cuarentena por el coronavirus: es un caso de &#8216;phishing&#8217;<\/h2>\n<figure class=\"wp-block-image\"><img decoding=\"async\" class=\"i-amphtml-intrinsic-sizer\" role=\"presentation\" src=\"data:;base64,<svg height=\"675px\" width=\"1600px\" xmlns=\"http:\/\/www.w3.org\/2000\/svg\" version=\"1.1\"\/>\u00bb alt=\u00bb\u00bb aria-hidden=\u00bbtrue\u00bb \/><img data-recalc-dims=\"1\" decoding=\"async\" class=\"i-amphtml-fill-content i-amphtml-replaced-content\" src=\"https:\/\/i0.wp.com\/maldita.es\/app\/uploads\/2020\/03\/BULO-Phishing-bonos.jpg?w=640&#038;ssl=1\" alt=\"\" \/><\/figure>\n<p>Nos hab\u00e9is preguntado por un enlace en el que se dice que la Organizaci\u00f3n Mundial de la Salud (OMS) y el Gobierno han destinado\u00a0<strong>un bono semanal<\/strong>\u00a0que las familias pueden gastar en\u00a0<strong>comida y medicinas<\/strong>. Es un bulo:\u00a0<strong>se trata de un caso de\u00a0<em><a href=\"https:\/\/maldita.es\/malditobulo\/2019\/11\/23\/que-es-el-phishing-y-como-evitar-caer-en-el-cuidado-con-estos-timos-que-se-hacen-pasar-por-empresas-2\/?amp\" rel=\"amphtml\">phishing<\/a><\/em><\/strong>, una t\u00e9cnica que intenta hacerse con tus datos personales. <a href=\"https:\/\/maldita.es\/malditobulo\/2020\/03\/25\/bonos-gobierno-oms-comida-medicinascuarentena-coronavirus-phishing\/?amp\" rel=\"amphtml\">OS lo explicamos.<\/a><\/p>\n<h2>Ni Corcuera, ni el alcalde de Bigastro, ni el de Guillena, ni el de Suances: este audio criticando la gesti\u00f3n del Gobierno por el coronavirus es de un locutor de radio<\/h2>\n<figure class=\"wp-block-image\"><img decoding=\"async\" class=\"i-amphtml-intrinsic-sizer\" role=\"presentation\" src=\"data:;base64,<svg height=\"675px\" width=\"1600px\" xmlns=\"http:\/\/www.w3.org\/2000\/svg\" version=\"1.1\"\/>\u00bb alt=\u00bb\u00bb aria-hidden=\u00bbtrue\u00bb \/><img data-recalc-dims=\"1\" decoding=\"async\" class=\"i-amphtml-fill-content i-amphtml-replaced-content\" src=\"https:\/\/i0.wp.com\/maldita.es\/app\/uploads\/2020\/04\/bulo-audio.png?w=640&#038;ssl=1\" alt=\"\" \/><\/figure>\n<p>Nos hab\u00e9is preguntado a nuestro servicio de WhatsApp por un audio que se ha viralizado, que critica la gesti\u00f3n realizada por el Gobierno ante la crisis del coronavirus y que se atribuye tanto al exministro del Interior, Jos\u00e9 Luis Corcuera; como al \u00abalcalde del PSOE de Guillena\u00bb; al que fuera \u00ab26 a\u00f1os alcalde del PSOE de Bigastro\u00bb, Jos\u00e9 Joaqu\u00edn Moya; y tambi\u00e9n al \u00abalcalde socialista de Suances, Andr\u00e9s Ruiz Moya\u00bb.\u00a0<strong>Es un bulo: la persona que habla en este audio es el locutor de radio Walter Garc\u00eda<\/strong>. <a href=\"https:\/\/maldita.es\/malditobulo\/2020\/04\/10\/corcuera-bigastro-suances-audio-gestion-gobierno-coronavirus\/?amp\" rel=\"amphtml\">Os lo explicamos.<\/a><\/p>\n<h2>Cuidado con un supuesto correo de la Agencia Tributaria que reclama a empresas pagar facturas por los ERTE: es phishing<\/h2>\n<figure class=\"wp-block-image\"><img decoding=\"async\" class=\"i-amphtml-intrinsic-sizer\" role=\"presentation\" src=\"data:;base64,<svg height=\"675px\" width=\"1600px\" xmlns=\"http:\/\/www.w3.org\/2000\/svg\" version=\"1.1\"\/>\u00bb alt=\u00bb\u00bb aria-hidden=\u00bbtrue\u00bb \/><img data-recalc-dims=\"1\" decoding=\"async\" class=\"i-amphtml-fill-content i-amphtml-replaced-content\" src=\"https:\/\/i0.wp.com\/maldita.es\/app\/uploads\/2020\/03\/Disen%CC%83o-sin-ti%CC%81tulo25.jpg?w=640&#038;ssl=1\" alt=\"\" \/><\/figure>\n<p>La Guardia Civil\u00a0<a href=\"https:\/\/www.guardiacivil.es\/es\/prensa\/noticias\/7280.html\">ha alertado de un correo electr\u00f3nico<\/a>\u00a0que est\u00e1 circulando\u00a0<strong>suplantando a la Agencia Tributaria<\/strong>\u00a0para reclamar facturas falsas a empresas. Explica que \u00abaprovecha la confusi\u00f3n generada en muchas de ellas tras los ERTE presentados\u00bb a ra\u00edz de la\u00a0<strong>crisis del coronavirus<\/strong>, que ha sido la detonante de que<strong>\u00a0cientos de miles de trabajadores hayan sido despedidos temporalmente<\/strong>. <a href=\"https:\/\/maldita.es\/malditobulo\/2020\/03\/25\/correo-agencia-tributaria-empresas-pagar-facturas-erte-phishing\/?amp\" rel=\"amphtml\">Os lo explicamos aqu\u00ed.<\/a><\/p>\n<h2>\u00bfEl Gobierno par\u00f3 de contabilizar afectados por coronavirus del 6 al 9 de marzo? No publicaron datos en su web pero s\u00ed se dieron en rueda de prensa y en Twitter<\/h2>\n<figure class=\"wp-block-image\"><img decoding=\"async\" class=\"i-amphtml-intrinsic-sizer\" role=\"presentation\" src=\"data:;base64,<svg height=\"675px\" width=\"1600px\" xmlns=\"http:\/\/www.w3.org\/2000\/svg\" version=\"1.1\"\/>\u00bb alt=\u00bb\u00bb aria-hidden=\u00bbtrue\u00bb \/><img data-recalc-dims=\"1\" decoding=\"async\" class=\"i-amphtml-fill-content i-amphtml-replaced-content\" src=\"https:\/\/i0.wp.com\/maldita.es\/app\/uploads\/2020\/03\/Dise%C3%B1o-sin-t%C3%ADtulo-1.png?w=640&#038;ssl=1\" alt=\"\" \/><\/figure>\n<p>Se ha viralizado por las redes sociales\u00a0<a href=\"https:\/\/archive.li\/1lQsy\">un hilo de Twitter<\/a>\u00a0que dice que\u00a0<strong>\u00abel Gobierno par\u00f3 de contabilizar a los afectados por coronavirus desde el d\u00eda 6 hasta el 9 de marzo\u00bb\u00a0<\/strong>porque \u00absab\u00edan que durante esos d\u00edas fallec\u00eda gente y a\u00fan as\u00ed lo ocultaron\u00a0<strong>para que la manifestaci\u00f3n del 8M fuese un \u00e9xito<\/strong>\u00ab. Adem\u00e1s, le sigue otro mensaje que a\u00f1ade que Espa\u00f1a tampoco inform\u00f3 \u00abde los datos a la OMS [Organizaci\u00f3n Mundial de la Salud]\u00bb por lo que se produjo \u00abun apag\u00f3n informativo en toda regla\u00bb. Aunque\u00a0<strong>el Gobierno<\/strong>\u00a0no actualiz\u00f3 su p\u00e1gina web,\u00a0<strong>dio estos datos en la rueda de prensa y por Twitter\u00a0<\/strong>y<strong>\u00a0la OMS s\u00ed public\u00f3 los informes correspondientes con las cifras de Espa\u00f1a durante esos d\u00edas<\/strong>. Aqu\u00ed <a href=\"https:\/\/maldita.es\/malditobulo\/2020\/03\/24\/gobierno-no-contabilizo-datos-afectados-coronavirus-fin-de-semana-8-marzo-manifestacion\/?amp\" rel=\"amphtml\">te contamos m\u00e1s.<\/a><\/p>\n<h2>\u00bfQu\u00e9 sabemos sobre la foto de cajas de mascarillas en la comisar\u00eda de Canillas de Madrid? Polic\u00eda Nacional y el Ministerio del interior afirman que ya las tiene Sanidad<\/h2>\n<figure class=\"wp-block-image\"><img decoding=\"async\" class=\"i-amphtml-intrinsic-sizer\" role=\"presentation\" src=\"data:;base64,<svg height=\"675px\" width=\"1600px\" xmlns=\"http:\/\/www.w3.org\/2000\/svg\" version=\"1.1\"\/>\u00bb alt=\u00bb\u00bb aria-hidden=\u00bbtrue\u00bb \/><img data-recalc-dims=\"1\" decoding=\"async\" class=\"i-amphtml-fill-content i-amphtml-replaced-content\" src=\"https:\/\/i0.wp.com\/maldita.es\/app\/uploads\/2020\/03\/Portada_sabemos_mascarillas_canillas.jpg?w=640&#038;ssl=1\" alt=\"\" \/><\/figure>\n<p>Est\u00e1 circulando una imagen que afirma que el Gobierno \u00abrob\u00f3\u00bb 150.000 mascarillas en Ja\u00e9n y que las tiene inmovilizadas en una \u00abcomisar\u00eda de Canillas en Madrid, guardadas y sin repartirse\u00bb.\u00a0Desde la Polic\u00eda Nacional cuentan a\u00a0<em>Maldita.es<\/em>\u00a0que s\u00ed que se requisaron mascarillas y que estuvieron en la comisar\u00eda de Canillas en Madrid. Sin embargo, aseguran que\u00a0<strong>ya no se encuentran en la comisar\u00eda<\/strong>\u00a0y que\u00a0<strong>est\u00e1n a \u00abdisposici\u00f3n de Sanidad\u00bb<\/strong>.\u00a0El <strong>Ministerio del Interior afirma que se han requisado mascarillas y se han puesto inmediatamente a disposici\u00f3n de la autoridad sanitaria<\/strong>. Puedes leer m\u00e1s <a href=\"https:\/\/maldita.es\/malditobulo\/2020\/03\/22\/mascarillas-jaen-comisaria-canillas-madrid\/?amp\" rel=\"amphtml\">aqu\u00ed<\/a>.<\/p>\n<h2>El bulo del transportista que denuncia que lleva a Francia material sanitario: son folios en una f\u00e1brica de papel en Italia<\/h2>\n<figure class=\"wp-block-image\"><img decoding=\"async\" class=\"i-amphtml-intrinsic-sizer\" role=\"presentation\" src=\"data:;base64,<svg height=\"675px\" width=\"1600px\" xmlns=\"http:\/\/www.w3.org\/2000\/svg\" version=\"1.1\"\/>\u00bb alt=\u00bb\u00bb aria-hidden=\u00bbtrue\u00bb \/><img data-recalc-dims=\"1\" decoding=\"async\" class=\"i-amphtml-fill-content i-amphtml-replaced-content\" src=\"https:\/\/i0.wp.com\/maldita.es\/app\/uploads\/2020\/03\/PORTADA_NO_HAY_PRUEBAS_GUANTES-2-1.jpg?w=640&#038;ssl=1\" alt=\"\" \/><\/figure>\n<p>Nos hab\u00e9is reenviado a nuestro<a href=\"https:\/\/api.whatsapp.com\/send?phone=0034655198538&amp;text=&amp;source=&amp;data=\">\u00a0servicio de WhatsApp<\/a>\u00a0un\u00a0<strong>v\u00eddeo<\/strong>\u00a0en el que un hombre, que dice ser\u00a0<strong>transportista<\/strong>, ense\u00f1a un almac\u00e9n con cajas y asegura que en ellas hay\u00a0<strong>material sanitario<\/strong>, como\u00a0<strong>guantes<\/strong>, que va a ser transportado a Francia y critica la gesti\u00f3n del Gobierno, diciendo que Espa\u00f1a \u00abno paga\u00bb por estos productos. \u00ab\u00bfMaterial para los hospitales? Todo el que quieras aqu\u00ed, vamos, lo estoy cargando yo\u00bb, sostiene.\u00a0<strong>Es un bulo<\/strong>. Las cajas que muestra en el interior de un cami\u00f3n son de una marca de folios de papel,\u00a0<strong>Fabriano<\/strong>, no de material sanitario. Adem\u00e1s, las instalaciones del v\u00eddeo coinciden con las de la f\u00e1brica de Fabriano en\u00a0<strong>Rocchetta (Italia).\u00a0<\/strong>Os lo explicamos <a href=\"https:\/\/maldita.es\/malditobulo\/2020\/03\/31\/camionero-material-sanitario-francia-folios\/?amp\" rel=\"amphtml\">aqu\u00ed<\/a>. <\/p>\n<h2>No, Pablo Iglesias e Irene Montero no tienen en la puerta de su casa dos UVI m\u00f3viles para atenderles por el coronavirus<\/h2>\n<figure class=\"wp-block-image\"><img decoding=\"async\" class=\"i-amphtml-intrinsic-sizer\" role=\"presentation\" src=\"data:;base64,<svg height=\"786px\" width=\"1324px\" xmlns=\"http:\/\/www.w3.org\/2000\/svg\" version=\"1.1\"\/>\u00bb alt=\u00bb\u00bb aria-hidden=\u00bbtrue\u00bb \/><img data-recalc-dims=\"1\" decoding=\"async\" class=\"i-amphtml-fill-content i-amphtml-replaced-content\" src=\"https:\/\/i0.wp.com\/maldita.es\/app\/uploads\/2020\/03\/PODEMOS-UVI-PABLO.png?w=640&#038;ssl=1\" alt=\"\" \/><\/figure>\n<p><strong>No se est\u00e1n destinando dos ambulancias UVI m\u00f3viles<\/strong>\u00a0a casa de Irene Montero y Pablo Iglesias por el positivo en\u00a0<strong>coronavirus<\/strong>\u00a0de la ministra. Uno de los mensajes es de un supuesto auxiliar sanitario,\u00a0<strong>Alberto Iglesias Jim\u00e9nez<\/strong>\u00a0, que dice que en la puerta de la casa de la casa de la ministra y el vicepresidente se han dejado dos \u00abUVI Movil perfectamente equipadas que pretenden atender a su pareja en caso de necesitarlo\u00bb. Desde Podemos nos dicen que<strong>\u00a0\u00abes absolutamente falso\u00bb y\u00a0<\/strong>desde la\u00a0<strong>Consejer\u00eda de Sanidad de la Comunidad de Madrid nos confirman que \u00abel SUMMA 112\u00bb no ha destinado dos UVI m\u00f3viles a eso:\u00a0<\/strong>\u00abNo, ninguna\u00bb. Adem\u00e1s, dos vecinos han confirmado a Maldita.es que en la calle no hay ninguna ambulancia y que anoche tampoco la hubo<\/p>\n","protected":false},"excerpt":{"rendered":"<p>Los bulos sobre el coronavirus son otra epidemia. Infodemia. Ya hemos verficado 432 bulos y&#8230;<\/p>\n","protected":false},"author":1,"featured_media":39207,"comment_status":"closed","ping_status":"closed","sticky":false,"template":"","format":"standard","meta":{"_coblocks_attr":"","_coblocks_dimensions":"","_coblocks_responsive_height":"","_coblocks_accordion_ie_support":"","jetpack_post_was_ever_published":false,"_jetpack_newsletter_access":"","_jetpack_dont_email_post_to_subs":false,"_jetpack_newsletter_tier_id":0,"_jetpack_memberships_contains_paywalled_content":false,"_jetpack_memberships_contains_paid_content":false,"footnotes":"","jetpack_publicize_message":"","jetpack_publicize_feature_enabled":true,"jetpack_social_post_already_shared":false,"jetpack_social_options":{"image_generator_settings":{"template":"highway","default_image_id":0,"enabled":false},"version":2}},"categories":[1161,7149,44,15],"tags":[1535,7248],"class_list":["post-39206","post","type-post","status-publish","format-standard","has-post-thumbnail","hentry","category-ciudadania","category-coronavirus","category-noticias-de-hoy","category-ultimas-noticias","tag-bulos","tag-maldita-es"],"jetpack_publicize_connections":[],"jetpack_featured_media_url":"https:\/\/i0.wp.com\/miradordeatarfe.es\/wp-content\/uploads\/2020\/04\/blog_ponle_freno_0.jpg?fit=720%2C270&ssl=1","jetpack_likes_enabled":true,"jetpack_sharing_enabled":true,"_links":{"self":[{"href":"https:\/\/miradordeatarfe.es\/index.php?rest_route=\/wp\/v2\/posts\/39206","targetHints":{"allow":["GET"]}}],"collection":[{"href":"https:\/\/miradordeatarfe.es\/index.php?rest_route=\/wp\/v2\/posts"}],"about":[{"href":"https:\/\/miradordeatarfe.es\/index.php?rest_route=\/wp\/v2\/types\/post"}],"author":[{"embeddable":true,"href":"https:\/\/miradordeatarfe.es\/index.php?rest_route=\/wp\/v2\/users\/1"}],"replies":[{"embeddable":true,"href":"https:\/\/miradordeatarfe.es\/index.php?rest_route=%2Fwp%2Fv2%2Fcomments&post=39206"}],"version-history":[{"count":1,"href":"https:\/\/miradordeatarfe.es\/index.php?rest_route=\/wp\/v2\/posts\/39206\/revisions"}],"predecessor-version":[{"id":39208,"href":"https:\/\/miradordeatarfe.es\/index.php?rest_route=\/wp\/v2\/posts\/39206\/revisions\/39208"}],"wp:featuredmedia":[{"embeddable":true,"href":"https:\/\/miradordeatarfe.es\/index.php?rest_route=\/wp\/v2\/media\/39207"}],"wp:attachment":[{"href":"https:\/\/miradordeatarfe.es\/index.php?rest_route=%2Fwp%2Fv2%2Fmedia&parent=39206"}],"wp:term":[{"taxonomy":"category","embeddable":true,"href":"https:\/\/miradordeatarfe.es\/index.php?rest_route=%2Fwp%2Fv2%2Fcategories&post=39206"},{"taxonomy":"post_tag","embeddable":true,"href":"https:\/\/miradordeatarfe.es\/index.php?rest_route=%2Fwp%2Fv2%2Ftags&post=39206"}],"curies":[{"name":"wp","href":"https:\/\/api.w.org\/{rel}","templated":true}]}}