{"id":39236,"date":"2020-04-24T08:54:36","date_gmt":"2020-04-24T06:54:36","guid":{"rendered":"http:\/\/miradordeatarfe.es\/?p=39236"},"modified":"2020-04-19T17:36:30","modified_gmt":"2020-04-19T15:36:30","slug":"ahora-cuando-conoces-a-alguien-le-pides-el-instagram","status":"publish","type":"post","link":"https:\/\/miradordeatarfe.es\/?p=39236","title":{"rendered":"\u201cAhora cuando conoces a alguien le pides el Instagram\u201d"},"content":{"rendered":"<h3 class=\"articulo-subtitulo\" style=\"text-align: justify;\">Un periodista nacido antes que Internet bucea en la red social m\u00e1s usada por los adolescentes. Estas son sus conclusiones<\/h3>\n<p style=\"text-align: justify;\"><strong>RES RAZONES.<\/strong> \u00bfPor qu\u00e9 est\u00e1s en Instagram? \u00abPorque es la manera de socializar. Es una carta de presentaci\u00f3n\u00bb. \u00bfQu\u00e9 es lo mejor de esa red? \u00abQue es muy visual\u00bb. \u00bfY lo peor? \u00abQue es un poco superficial. <a href=\"https:\/\/elpais.com\/elpais\/2019\/01\/22\/icon\/1548151511_192923.html\">Y la falsedad (nadie es de verdad como sale en Instagram)<\/a>\u00ab. Quien responde es Alba, 17 a\u00f1os. Cumplir\u00e1 18 en mayo. No le alcanza para votar en las elecciones generales. Podr\u00e1 hacerlo en las europeas, auton\u00f3micas y municipales. Abri\u00f3 su cuenta de Instagram en 2017. La siguen 491 personas. Sigue a 434. Dice que est\u00e1 en la media de su edad en cuanto a seguidores \u2014\u00bbque es lo que cuenta\u00bb\u2014: entre 300 y 600. El \u00e9xito empieza a partir de los 2.000.<\/p>\n<div id=\"elpais_gpt-MPU1\" class=\"publi_luto_vertical\" style=\"text-align: justify;\" data-google-query-id=\"CK2y7Y639OgCFUIC0wodCmIAtg\">\u00a0<\/div>\n<div id=\"wmutjw-ss5454\" style=\"text-align: justify;\">\u00a0<\/div>\n<div id=\"wmutjw-ss5454\" style=\"text-align: justify;\"><img data-recalc-dims=\"1\" loading=\"lazy\" decoding=\"async\" src=\"https:\/\/i0.wp.com\/ep01.epimg.net\/sociedad\/imagenes\/2019\/04\/12\/actualidad\/1555064207_349519_1555078174_sumario_normal.jpg?resize=640%2C805&#038;ssl=1\" srcset=\"\/\/ep01.epimg.net\/sociedad\/imagenes\/2019\/04\/12\/actualidad\/1555064207_349519_1555078174_sumario_normal_recorte1.jpg 1960w, \/\/ep01.epimg.net\/sociedad\/imagenes\/2019\/04\/12\/actualidad\/1555064207_349519_1555078174_sumario_normal_recorte2.jpg 720w, \/\/ep01.epimg.net\/sociedad\/imagenes\/2019\/04\/12\/actualidad\/1555064207_349519_1555078174_sumario_normal.jpg 980w\" alt=\"\u201cAhora cuando conoces a alguien le pides el Instagram\u201d\" width=\"640\" height=\"805\" \/><\/div>\n<section id=\"sumario_6|foto\" class=\"sumario_foto centro\">\n<div class=\"sumario__interior\">\n<div class=\"sumario-texto\">\u00a0<\/div>\n<\/div>\n<\/section>\n<p style=\"text-align: justify;\"><strong>STALKER MA NON TROPPO<\/strong>. Ninguno de los consultados sab\u00eda que <em>Stalker<\/em> era una pel\u00edcula estrenada en 1979 por el ruso Andrei Tarkovsky que <a href=\"https:\/\/elpais.com\/diario\/1993\/01\/13\/radiotv\/726879613_850215.html\">obtuvo el premio especial del jurado en el festival de Cannes<\/a>, pero cuando les dices que andas navegando por Instagram para tratar de sacar algunas conclusiones <a href=\"https:\/\/elpais.com\/elpais\/2018\/01\/26\/tendenciosas\/1516966381_733019.html\">sobre su uso te dicen que eso es ser un <em>stalker<\/em><\/a> (en ingl\u00e9s, \u00abpersona que acecha a otra furtivamente\u00bb). Ellos a\u00f1aden a esa definici\u00f3n matices que se acercan a la idea de \u00abesp\u00eda\u00bb o \u00abacosador\u00bb. Lo hacen incluso aquellos cuyos perfiles son p\u00fablicos. Muchos creen que el hecho de que una cuenta lleve su nombre es garant\u00eda de que su privacidad queda protegida. \u00ab\u00bfC\u00f3mo te van a dejar que mires la cuenta de una adolescente?\u00bb es una pregunta recurrente. Repregunta: \u00ab\u00bfQui\u00e9n me tiene que dejar?\u00bb Respuesta: \u00abInstagram\u00bb.<\/p>\n<p style=\"text-align: justify;\"><strong>EL \u00c1LBUM IDEAL<\/strong>. \u00abPara los <em>posts<\/em> te guardas las fotos m\u00e1s curradas\u00bb, dice Alejandro, 15 a\u00f1os. Se abri\u00f3 el perfil hace dos, es decir, uno antes de lo legal. No tuvo m\u00e1s que mentir en el tr\u00e1mite (que lleva un minuto). \u00abNunca subo nada comprometido\u00bb, se excusa. Nadie reconoce subir nada comprometido. Suben lo m\u00e1s \u00abcurrado\u00bb, generalmente, retratos muy posados del titular de la cuenta. Es su carta de presentaci\u00f3n. Por eso abundan \u2014debidamente filtrados por la c\u00e1mara o el ordenador\u2014 los gestos de anuncio, los sensuales y los melanc\u00f3licos. Tambi\u00e9n los alegres o cuidadosamente espont\u00e1neos. Una escenograf\u00eda de pel\u00edcula o videoclip. \u00abSesioneo\u00bb, lo llaman. \u00ab<a href=\"https:\/\/elpais.com\/ccaa\/2019\/01\/30\/madrid\/1548859088_700235.html\">Cuando conoces a alguien le pides el Instagram<\/a>. \u00bfEl tel\u00e9fono? Ese es otro paso\u00bb. Entre esos retratos no abundan ya, por poco elaborados, los <em>selfies<\/em>, que se reservan para las <em>stories<\/em>: publicaciones que desaparecen a las 24 horas. Instagram naci\u00f3 en 2010, Mark Zuckerberg, due\u00f1o de Facebook, compr\u00f3 la compa\u00f1\u00eda en 2012 y en 2016 lanz\u00f3 esa herramienta para competir con Snapchat, hasta entonces, referencia como red de mensajes ef\u00edmeros.<\/p>\n<p style=\"text-align: justify;\"><strong>\u00bfAT\u00daN O FILETE?<\/strong> Si los <em>posts<\/em> son el \u00e1lbum ideal \u2014la biograf\u00eda autorizada\u2014, las <em>stories<\/em> son parte de la conversaci\u00f3n. Sirven para recomendar canciones o v\u00eddeos en fragmentos de 15 segundos, fotos llamadas a desaparecer, memes <em>ad hoc<\/em> o encuestas \u00abchorras\u00bb tipo: <a href=\"https:\/\/elpais.com\/tecnologia\/2017\/10\/03\/actualidad\/1506996038_745281.html\">\u00bfEl domingo sal\u00eds o no? \u00bfAt\u00fan o filete? \u00abLo m\u00e1s <em>random<\/em>\u00ab<\/a>. Los m\u00e1s activos suben dos o tres <em>posts<\/em> al mes; <em>stories<\/em>, a diario. Aunque saben que cuesta menos pulsar en el icono del coraz\u00f3n, valoran m\u00e1s el n\u00famero de me gusta \u2014dar <em>like<\/em> es, a veces, una forma de hacerse notar\u2014 que el de comentarios, cercanos muchas veces a la onomatopeya.<\/p>\n<section id=\"sumario_2|foto\" class=\"sumario_foto izquierda\"><a name=\"sumario_2\"><\/a><\/p>\n<div class=\"sumario__interior\">\n<figure class=\"foto foto_w360\"><img data-recalc-dims=\"1\" loading=\"lazy\" decoding=\"async\" src=\"https:\/\/i0.wp.com\/ep01.epimg.net\/sociedad\/imagenes\/2019\/04\/12\/actualidad\/1555064207_349519_1555065208_sumario_normal.jpg?resize=360%2C526&#038;ssl=1\" srcset=\"\/\/ep01.epimg.net\/sociedad\/imagenes\/2019\/04\/12\/actualidad\/1555064207_349519_1555065208_sumario_normal_recorte1.jpg 720w, \/\/ep01.epimg.net\/sociedad\/imagenes\/2019\/04\/12\/actualidad\/1555064207_349519_1555065208_sumario_normal.jpg 360w\" alt=\"\u201cAhora cuando conoces a alguien le pides el Instagram\u201d\" width=\"360\" height=\"526\" \/><\/figure>\n<div class=\"sumario-texto\">\u00a0<\/div>\n<\/div>\n<\/section>\n<p style=\"text-align: justify;\"><strong>UN HUEVO REVOLUCIONARIO.<\/strong> La revoluci\u00f3n no saldr\u00e1 en Instagram. Para eso est\u00e1n los grupos de WhatsApp. Cuando se les pide un ejemplo de superficialidad, los adolescentes recurren a un mismo ejemplo: el pasado 4 de enero alguien <a href=\"https:\/\/elpais.com\/elpais\/2019\/01\/14\/icon\/1547456237_217189.html\">abri\u00f3 un perfil con la foto de un huevo<\/a> y pidi\u00f3 que se convirtiera en r\u00e9cord mundial de <em>likes<\/em>. Lo consigui\u00f3. Cerr\u00f3 el mes de marzo con 53 millones. Pese al componente generacional, ni la huelga feminista del 8 de marzo ni la ecologista-estudiantil del 15 tuvieron una gran repercusi\u00f3n en esa red. Con todo, saben que Vox es el partido pol\u00edtico con m\u00e1s seguidores. \u00abConecta mucho\u00bb, dice Alba, que se define como \u00abm\u00e1s bien de izquierdas\u00bb y se lanza a comprobar la cifra exacta (227.000, el doble que Podemos y cuatro veces m\u00e1s que PP y PSOE). Luego comprueba cu\u00e1ntos de sus seguidores siguen tambi\u00e9n al partido de Santiago Abascal: 8. <a href=\"https:\/\/elpais.com\/tecnologia\/2019\/03\/26\/actualidad\/1553596590_520008.html\">La revoluci\u00f3n no saldr\u00e1 en Instagram. La reacci\u00f3n tal vez s\u00ed<\/a>.<\/p>\n<p style=\"text-align: justify;\"><strong>HABLAR POR LA C\u00c1MARA<\/strong>. En Instagram vale m\u00e1s el filtro de colores que el corrector ortogr\u00e1fico. Aunque el ingl\u00e9s salpica muchos de sus brev\u00edsimos textos, la imagen lo es todo. Las fotos no necesitan traducci\u00f3n. A mediados de los a\u00f1os noventa Telef\u00f3nica hizo a Joan Fontcuberta, fot\u00f3grafo, ensayista y premio Hasselblad \u2013el Nobel oficioso de la fotograf\u00eda- una pregunta muy concreta: \u00bfMerec\u00eda la pena incorporar una c\u00e1mara a los tel\u00e9fonos m\u00f3viles? Su respuesta tambi\u00e9n fue concreta: ser\u00eda una \u00absolemne tonter\u00eda\u00bb y un \u00absuicidio comercial\u00bb. <a href=\"https:\/\/elpais.com\/cultura\/2016\/01\/18\/babelia\/1453133408_940701.html\">Ahora habla de postfotograf\u00eda porque sabe que \u00abno hacemos fotos con el m\u00f3vil sino que hablamos por la c\u00e1mara\u00bb<\/a>. Ya no importan tanto el recuerdo como el mensaje, el registro como la conversaci\u00f3n, no el \u00abas\u00ed fue\u00bb como el \u00abyo estaba all\u00ed\u00bb. No el \u00absoy as\u00ed\u00bb como el \u00abas\u00ed quiero ser\u00bb.<\/p>\n<div id=\"elpais_gpt-MPU3\" class=\"publi_luto_vertical\" style=\"text-align: justify;\" data-google-query-id=\"CJr47Ke39OgCFYfQ1QodLxgOhw\">\n<div id=\"google_ads_iframe_7811748\/elpais_web\/sociedad\/mpu3_0__container__\">\u00a0<\/div>\n<\/div>\n<section id=\"sumario_1|foto\" class=\"sumario_foto derecha\"><a name=\"sumario_1\"><\/a><\/p>\n<div class=\"sumario__interior\">\n<figure class=\"foto foto_w360\"><img data-recalc-dims=\"1\" loading=\"lazy\" decoding=\"async\" src=\"https:\/\/i0.wp.com\/ep01.epimg.net\/sociedad\/imagenes\/2019\/04\/12\/actualidad\/1555064207_349519_1555064598_sumario_normal.jpg?resize=360%2C362&#038;ssl=1\" srcset=\"\/\/ep01.epimg.net\/sociedad\/imagenes\/2019\/04\/12\/actualidad\/1555064207_349519_1555064598_sumario_normal_recorte1.jpg 720w, \/\/ep01.epimg.net\/sociedad\/imagenes\/2019\/04\/12\/actualidad\/1555064207_349519_1555064598_sumario_normal.jpg 360w\" alt=\"\u201cAhora cuando conoces a alguien le pides el Instagram\u201d\" width=\"360\" height=\"362\" \/><\/figure>\n<div class=\"sumario-texto\">\u00a0<\/div>\n<\/div>\n<\/section>\n<p style=\"text-align: justify;\"><strong>\u00bfARIANA O SELENA?<\/strong> 90% de conocidos, 10% de famosos (cantantes, actrices, actores y deportistas). Aproximadamente. As\u00ed agrupan los <em>instagramers<\/em> a las personas a las que siguen. Instagram mismo es materia de an\u00e1lisis continuo. Saben cu\u00e1ntos seguidores tienen sus amigos y qui\u00e9n tiene m\u00e1s en el mundo entero. Y las constantes variaciones en el <em>ranking<\/em>: 1) Cristiano Ronaldo (160 millones; \u00abm\u00e1s que Messi\u00bb con 113). 2) Ariana Grande. 3) <a href=\"https:\/\/elpais.com\/elpais\/2019\/01\/15\/gente\/1547548794_688245.html\">Selena G\u00f3mez<\/a>. 4) The Rock, el actor. 5) Kim Kardashian. Eso sin contar los 291 millones de seguidores que tiene la propia red.<\/p>\n<p style=\"text-align: justify;\"><strong>ORTOGRAF\u00cdA PRIMITIVA<\/strong>. Como en las presentaciones de los perfiles, en los comentarios que acompa\u00f1an a las im\u00e1genes suelen primar el hermetismo, los gui\u00f1os privados y los estados de \u00e1nimo. Las respuestas suelen ser del tipo: \u00abNeneeee\u00bb. \u00abMi m\u00e1s bonica&#8230;\u00bb (en versi\u00f3n fan). \u00abK t calles\u00bb (en versi\u00f3n cr\u00edtica). <a href=\"https:\/\/elpais.com\/tecnologia\/2017\/08\/21\/actualidad\/1503317061_969232.html\">Y una sucesi\u00f3n de emoticonos repetidos o combinados<\/a>. El signo de apertura de la admiraci\u00f3n o la interrogaci\u00f3n desaparece sistem\u00e1ticamente. En el \u00faltimo Congreso de la Lengua, celebrado en Argentina en marzo pasado, el director del Instituto Cervantes, Luis Garc\u00eda Montero, contempl\u00f3 la posibilidad de que un d\u00eda \u2014\u00bbaunque remoto\u00bb\u2014 esa pr\u00e1ctica se extienda al castellano usual. Ser\u00eda una vuelta a 1754, momento en que la RAE empez\u00f3 a recomendar su uso, recomendaci\u00f3n no convertida en ley hasta 1844. Durante un tiempo, incluso, los signos de apertura se reservaban para las frases largas: se pod\u00eda escribir \u00abCaramba!\u00bb. Con todo, los usuarios j\u00f3venes \u2014incluso los que tienen atragantada la gram\u00e1tica de la ESO\u2014, dicen ser conscientes de que las redes son otro nivel de lengua. Nunca se les ocurrir\u00eda escribir as\u00ed en un examen. Niveles: tambi\u00e9n este peri\u00f3dico, en su edici\u00f3n impresa, prescinde del signo de apertura cuando el texto empieza con una capitular.<\/p>\n<section id=\"sumario_3|foto\" class=\"sumario_foto derecha\"><a name=\"sumario_3\"><\/a><\/p>\n<div class=\"sumario__interior\">\n<figure class=\"foto foto_w360\"><img data-recalc-dims=\"1\" loading=\"lazy\" decoding=\"async\" src=\"https:\/\/i0.wp.com\/ep01.epimg.net\/sociedad\/imagenes\/2019\/04\/12\/actualidad\/1555064207_349519_1555065328_sumario_normal.jpg?resize=360%2C328&#038;ssl=1\" srcset=\"\/\/ep01.epimg.net\/sociedad\/imagenes\/2019\/04\/12\/actualidad\/1555064207_349519_1555065328_sumario_normal_recorte1.jpg 720w, \/\/ep01.epimg.net\/sociedad\/imagenes\/2019\/04\/12\/actualidad\/1555064207_349519_1555065328_sumario_normal.jpg 360w\" alt=\"\u201cAhora cuando conoces a alguien le pides el Instagram\u201d\" width=\"360\" height=\"328\" \/><\/figure>\n<div class=\"sumario-texto\">\u00a0<\/div>\n<\/div>\n<\/section>\n<p style=\"text-align: justify;\"><strong>HUMOR SIN CONTEXTO.<\/strong> \u00abPor si es un <em>fake<\/em>, lo compruebas en otro sitio\u00bb, dice Alejandro para explicar que a veces usa Instagram como medio de informaci\u00f3n. A veces lo que comprueba no es m\u00e1s que el resultado de un partido de la NBA. Pero no se f\u00eda. Instagram es un \u00e1lbum que crece sin parar pero sin pies de foto. La red favorita de una generaci\u00f3n acostumbrada a exhibirse sin filtros, a re\u00edrse tambi\u00e9n sin filtros. El 5 de marzo Movistar+ retir\u00f3 de la circulaci\u00f3n un mon\u00f3logo en el que el humorista Iggy Rub\u00edn bromeaba con el etarra Josu Ternera y con Jos\u00e9 Antonio Ortega Lara, v\u00edctima de ETA. Se emiti\u00f3 en <em>La resistencia<\/em>, el programa de David Broncano, otro hito generacional. Pregunta: \u00bfQui\u00e9n es Josu Ternera? Respuesta de Alba: \u00abUno de ETA, \u00bfno?\u00bb P: \u00bfY Ortega Lara? R: \u00abNo s\u00e9\u00bb. P: \u00bfC\u00f3mo sabes qui\u00e9n es Ternera? R: \u00abSal\u00eda en [la pel\u00edcula] <em>Negociador<\/em>\u00ab. Minutos m\u00e1s tarde a\u00f1ade otra respuesta: \u00abYa s\u00e9 qui\u00e9n es Ortega Lara, uno de Vox. Lo acabo de mirar en Internet. <a href=\"https:\/\/www.instagram.com\/explore\/tags\/ortegalara\/?hl=es\">En Instagram tiene un <em>hashtag<\/em><\/a>\u00ab.<\/p>\n<div class=\"firma \">\n<div class=\"autor\">\n<div class=\"autor-texto\" style=\"text-align: justify;\"><span class=\"autor-nombre\"> <a title=\"Ver todas las noticias de Javier Rodr\u00edguez Marcos\" href=\"https:\/\/elpais.com\/autor\/javier_rodriguez_marcos\/a\/\">Javier Rodr\u00edguez Marcos<\/a> <\/span><\/div>\n<div style=\"text-align: justify;\">https:\/\/elpais.com\/sociedad\/2019\/04\/12\/actualidad\/1555064207_349519.html<\/div>\n<\/div>\n<\/div>\n","protected":false},"excerpt":{"rendered":"<p>Un periodista nacido antes que Internet bucea en la red social m\u00e1s usada por los&#8230;<\/p>\n","protected":false},"author":1,"featured_media":39237,"comment_status":"closed","ping_status":"closed","sticky":false,"template":"","format":"standard","meta":{"_coblocks_attr":"","_coblocks_dimensions":"","_coblocks_responsive_height":"","_coblocks_accordion_ie_support":"","jetpack_post_was_ever_published":false,"_jetpack_newsletter_access":"","_jetpack_dont_email_post_to_subs":false,"_jetpack_newsletter_tier_id":0,"_jetpack_memberships_contains_paywalled_content":false,"_jetpack_memberships_contains_paid_content":false,"footnotes":"","jetpack_publicize_message":"","jetpack_publicize_feature_enabled":true,"jetpack_social_post_already_shared":false,"jetpack_social_options":{"image_generator_settings":{"template":"highway","default_image_id":0,"enabled":false},"version":2}},"categories":[44,6937,6920,15],"tags":[2953,6011,5552],"class_list":["post-39236","post","type-post","status-publish","format-standard","has-post-thumbnail","hentry","category-noticias-de-hoy","category-sociedad","category-tecnologia","category-ultimas-noticias","tag-comunicaciones","tag-istagram","tag-medios-tecnologicos"],"jetpack_publicize_connections":[],"jetpack_featured_media_url":"https:\/\/i0.wp.com\/miradordeatarfe.es\/wp-content\/uploads\/2020\/04\/1555064207_349519_1555077975_portadilla_normal.jpg?fit=1200%2C674&ssl=1","jetpack_likes_enabled":true,"jetpack_sharing_enabled":true,"_links":{"self":[{"href":"https:\/\/miradordeatarfe.es\/index.php?rest_route=\/wp\/v2\/posts\/39236","targetHints":{"allow":["GET"]}}],"collection":[{"href":"https:\/\/miradordeatarfe.es\/index.php?rest_route=\/wp\/v2\/posts"}],"about":[{"href":"https:\/\/miradordeatarfe.es\/index.php?rest_route=\/wp\/v2\/types\/post"}],"author":[{"embeddable":true,"href":"https:\/\/miradordeatarfe.es\/index.php?rest_route=\/wp\/v2\/users\/1"}],"replies":[{"embeddable":true,"href":"https:\/\/miradordeatarfe.es\/index.php?rest_route=%2Fwp%2Fv2%2Fcomments&post=39236"}],"version-history":[{"count":1,"href":"https:\/\/miradordeatarfe.es\/index.php?rest_route=\/wp\/v2\/posts\/39236\/revisions"}],"predecessor-version":[{"id":39238,"href":"https:\/\/miradordeatarfe.es\/index.php?rest_route=\/wp\/v2\/posts\/39236\/revisions\/39238"}],"wp:featuredmedia":[{"embeddable":true,"href":"https:\/\/miradordeatarfe.es\/index.php?rest_route=\/wp\/v2\/media\/39237"}],"wp:attachment":[{"href":"https:\/\/miradordeatarfe.es\/index.php?rest_route=%2Fwp%2Fv2%2Fmedia&parent=39236"}],"wp:term":[{"taxonomy":"category","embeddable":true,"href":"https:\/\/miradordeatarfe.es\/index.php?rest_route=%2Fwp%2Fv2%2Fcategories&post=39236"},{"taxonomy":"post_tag","embeddable":true,"href":"https:\/\/miradordeatarfe.es\/index.php?rest_route=%2Fwp%2Fv2%2Ftags&post=39236"}],"curies":[{"name":"wp","href":"https:\/\/api.w.org\/{rel}","templated":true}]}}