{"id":39242,"date":"2020-04-26T08:46:39","date_gmt":"2020-04-26T06:46:39","guid":{"rendered":"http:\/\/miradordeatarfe.es\/?p=39242"},"modified":"2020-04-19T17:51:34","modified_gmt":"2020-04-19T15:51:34","slug":"la-ultima-de-la-clase-en-tener-movil","status":"publish","type":"post","link":"https:\/\/miradordeatarfe.es\/?p=39242","title":{"rendered":"La \u00faltima de la clase en tener m\u00f3vil"},"content":{"rendered":"<h3 class=\"articulo-subtitulo\" style=\"text-align: justify;\">Cristina, de 12 a\u00f1os, relata su experiencia sin un tel\u00e9fono inteligente, que poseen, a su edad, tres de cada cuatro ni\u00f1os<\/h3>\n<p style=\"text-align: justify;\">ristina tiene 12 a\u00f1os. A diario piensa en el d\u00eda de Reyes. Aunque con suerte, y la ayuda de su padre, igual sucede en una tarde de este verano. Cristina no tiene m\u00f3vil y no lo tendr\u00e1 hasta Reyes porque su madre as\u00ed lo ha decidido. Solo tres compa\u00f1eros m\u00e1s de su clase est\u00e1n en la misma situaci\u00f3n. \u00bfC\u00f3mo lo resiste? \u00bfAcabar\u00e1 siendo la \u00faltima?<\/p>\n<div id=\"elpais_gpt-MPU1\" class=\"publi_luto_vertical\" style=\"text-align: justify;\" data-google-query-id=\"COC63pjr9OgCFdJxGwodm7oDhw\">\u00a0<\/div>\n<p style=\"text-align: justify;\">\u201cMis amigas tienen el m\u00f3vil de mi madre y as\u00ed nos comunicamos\u201d, dice. Ni m\u00f3vil ni redes sociales. Por supuesto, ni pensar en Instagram. Primero de secundaria y Cristina va y vuelve del cole sin necesidad de estar pegada a una pantalla. Ella se muestra resignada y comprensiva, quiz\u00e1s porque sabe que la fecha se acerca. Quiz\u00e1s tambi\u00e9n porque no quiere dejar mal a su progenitora ante la prensa.<\/p>\n<p style=\"text-align: justify;\">\u201cEntiendo un poco a mi madre, ella me dice que para todo hay que esperar un poco, que si cojo un tel\u00e9fono me enganchar\u00e9 y que no mirar\u00e9 el mundo. La verdad es que no me siento apartada, pensaba que iba a ser peor\u201d. Su padre es su mejor aliado y quien presiona en casa para que el aparato se entregue en verano. \u201c\u00c9l sufre m\u00e1s cuando voy fuera y no puedo llamarlos\u201d. La madre de Cristina es lo que se podr\u00eda denominar madre resistente. \u201cNo creo que a esta edad les beneficie, y no est\u00e1n preparados para todo lo que puede hacer un m\u00f3vil hoy en d\u00eda. Yo le ofrec\u00ed un m\u00f3vil, no un <em>smartphone,<\/em> solo para llamadas, pero no lo quiso. Adem\u00e1s, no me considero del todo radical porque tiene Ipad en casa con el que se puede comunicar con las amigas si es necesario\u201d, explica Pilar.<\/p>\n<h3 style=\"text-align: justify;\">El mejor momento<\/h3>\n<p style=\"text-align: justify;\">En Espa\u00f1a <a href=\"https:\/\/elpais.com\/especiales\/2019\/crecer-conectados\/whatsapp\/\">uno de cada cuatro ni\u00f1os de 10 a\u00f1os<\/a> tiene m\u00f3vil, <a href=\"https:\/\/www.ine.es\/prensa\/tich_2018.pdf\" target=\"_blank\" rel=\"noopener noreferrer\">seg\u00fan una reciente encuesta del Instituto Nacional de Estad\u00edstica.<\/a> A la edad de Cristina, ya lo tienen el 75% de los chavales. John Hoffman es el principal responsable del <a href=\"https:\/\/elpais.com\/tag\/mwc_mobile_world_congress\/a\">Mobile World Congress,<\/a> el congreso de telefon\u00eda m\u00f3vil m\u00e1s importante del mundo. Pero, adem\u00e1s, es padre de cuatro hijos de entre 26 y 12 a\u00f1os. Los mayores recibieron su primer m\u00f3vil con 12 a\u00f1os; sin embargo, el peque\u00f1o cont\u00f3 con el aparato a los siete. \u201cDepende del ni\u00f1o y de los padres. No es necesario que sea el primero de la clase, pero ser el \u00faltimo es realmente duro porque tienes mucha presi\u00f3n del entorno\u201d, opina.<\/p>\n<p style=\"text-align: justify;\">\u00bfCu\u00e1ndo es el mejor momento? Berta Saliner es psic\u00f3loga infantil y tambi\u00e9n madre. Como madre, opta por los 20 a\u00f1os. Y sonr\u00ede. Como experta explica: \u201cEntre los 12 y los 14 a\u00f1os, junto con el inicio de la pubertad o adolescencia, se dan una serie de cambios neurofisiol\u00f3gicos que permitir\u00e1n al ni\u00f1o ser capaz de iniciarse en la comprensi\u00f3n de las funciones de esa tecnolog\u00eda\u201d.<\/p>\n<p style=\"text-align: justify;\">\u201cTambi\u00e9n es, en ese momento, cuando se despierta la necesidad psicol\u00f3gica m\u00e1s \u00e1lgida de identificaci\u00f3n y pertenencia de su grupo de iguales o de referencia&#8230; el cual se concentra y fomenta en gran parte hoy en d\u00eda a trav\u00e9s del m\u00f3vil <a href=\"https:\/\/elpais.com\/especiales\/2019\/crecer-conectados\/whatsapp\/\">(chat, redes sociales, compartir fotos&#8230;)\u201d,<\/a> afirma. Su buen uso, a\u00f1ade Saliner, depender\u00e1 de la madurez del ni\u00f1o y de la ense\u00f1anza de las funciones de la tecnolog\u00eda, adem\u00e1s de las limitaciones que impongan los padres.<\/p>\n<div class=\"firma \">\n<div class=\"autor\">\n<div class=\"autor-texto\"><span class=\"autor-nombre\"> <a title=\"Ver todas las noticias de Ana Pantaleoni\" href=\"https:\/\/elpais.com\/autor\/ana_pantaleoni\/a\/\">Ana Pantaleoni<\/a> <\/span><\/div>\n<\/div>\n<\/div>\n<p><span class=\"foto-firma\"><span class=\"foto-autor\">FOTO: GEMA GARC\u00cdA<\/span><\/span><\/p>\n<p>https:\/\/elpais.com\/sociedad\/2019\/05\/11\/actualidad\/1557574247_036276.html<\/p>\n","protected":false},"excerpt":{"rendered":"<p>Cristina, de 12 a\u00f1os, relata su experiencia sin un tel\u00e9fono inteligente, que poseen, a su&#8230;<\/p>\n","protected":false},"author":1,"featured_media":39243,"comment_status":"closed","ping_status":"closed","sticky":false,"template":"","format":"standard","meta":{"_coblocks_attr":"","_coblocks_dimensions":"","_coblocks_responsive_height":"","_coblocks_accordion_ie_support":"","jetpack_post_was_ever_published":false,"_jetpack_newsletter_access":"","_jetpack_dont_email_post_to_subs":false,"_jetpack_newsletter_tier_id":0,"_jetpack_memberships_contains_paywalled_content":false,"_jetpack_memberships_contains_paid_content":false,"footnotes":"","jetpack_publicize_message":"","jetpack_publicize_feature_enabled":true,"jetpack_social_post_already_shared":false,"jetpack_social_options":{"image_generator_settings":{"template":"highway","default_image_id":0,"enabled":false},"version":2}},"categories":[1161,44,6920,15],"tags":[1608,1064],"class_list":["post-39242","post","type-post","status-publish","format-standard","has-post-thumbnail","hentry","category-ciudadania","category-noticias-de-hoy","category-tecnologia","category-ultimas-noticias","tag-adolescencia","tag-moviles"],"jetpack_publicize_connections":[],"jetpack_featured_media_url":"https:\/\/i0.wp.com\/miradordeatarfe.es\/wp-content\/uploads\/2020\/04\/1557574247_036276_1557689759_portadilla_normal.jpg?fit=1200%2C674&ssl=1","jetpack_likes_enabled":true,"jetpack_sharing_enabled":true,"_links":{"self":[{"href":"https:\/\/miradordeatarfe.es\/index.php?rest_route=\/wp\/v2\/posts\/39242","targetHints":{"allow":["GET"]}}],"collection":[{"href":"https:\/\/miradordeatarfe.es\/index.php?rest_route=\/wp\/v2\/posts"}],"about":[{"href":"https:\/\/miradordeatarfe.es\/index.php?rest_route=\/wp\/v2\/types\/post"}],"author":[{"embeddable":true,"href":"https:\/\/miradordeatarfe.es\/index.php?rest_route=\/wp\/v2\/users\/1"}],"replies":[{"embeddable":true,"href":"https:\/\/miradordeatarfe.es\/index.php?rest_route=%2Fwp%2Fv2%2Fcomments&post=39242"}],"version-history":[{"count":1,"href":"https:\/\/miradordeatarfe.es\/index.php?rest_route=\/wp\/v2\/posts\/39242\/revisions"}],"predecessor-version":[{"id":39244,"href":"https:\/\/miradordeatarfe.es\/index.php?rest_route=\/wp\/v2\/posts\/39242\/revisions\/39244"}],"wp:featuredmedia":[{"embeddable":true,"href":"https:\/\/miradordeatarfe.es\/index.php?rest_route=\/wp\/v2\/media\/39243"}],"wp:attachment":[{"href":"https:\/\/miradordeatarfe.es\/index.php?rest_route=%2Fwp%2Fv2%2Fmedia&parent=39242"}],"wp:term":[{"taxonomy":"category","embeddable":true,"href":"https:\/\/miradordeatarfe.es\/index.php?rest_route=%2Fwp%2Fv2%2Fcategories&post=39242"},{"taxonomy":"post_tag","embeddable":true,"href":"https:\/\/miradordeatarfe.es\/index.php?rest_route=%2Fwp%2Fv2%2Ftags&post=39242"}],"curies":[{"name":"wp","href":"https:\/\/api.w.org\/{rel}","templated":true}]}}