{"id":39245,"date":"2020-04-27T08:52:20","date_gmt":"2020-04-27T06:52:20","guid":{"rendered":"http:\/\/miradordeatarfe.es\/?p=39245"},"modified":"2020-04-19T17:57:41","modified_gmt":"2020-04-19T15:57:41","slug":"cuando-el-botellon-es-de-4g","status":"publish","type":"post","link":"https:\/\/miradordeatarfe.es\/?p=39245","title":{"rendered":"Cuando el botell\u00f3n es de 4G"},"content":{"rendered":"<h3 class=\"articulo-subtitulo\" style=\"text-align: justify;\">Las redes no siempre son un factor de aislamiento, tambi\u00e9n unen en la calle. Grupos de j\u00f3venes se re\u00fanen en torno a centros culturales de Barcelona para bailar con YouTube o hacerse fotos para Instagram<\/h3>\n<p style=\"text-align: justify;\">os altavoces conectados a tel\u00e9fonos m\u00f3viles compiten por ver cu\u00e1l suena m\u00e1s alto en el patio del CCCB, el Centro de Cultura Contempor\u00e1nea de Barcelona. Alrededor, una veintena de adolescentes bailan mientras los turistas se paran a observarlos. Parece que llevan a\u00f1os yendo a academias de danza, pero aseguran que no han pisado ninguna. \u201cHemos aprendido aqu\u00ed, viendo YouTube\u201d, cuentan Keesha, Chenoa y Aaron (de 15, 17 y 22 a\u00f1os, respectivamente) mientras toman aire entre canci\u00f3n y canci\u00f3n. \u201cPrimero, memorizamos los pasos viendo videoclips a c\u00e1mara lenta, y luego los ensayamos\u201d, explican. La tecnolog\u00eda es el pegamento de esta reuni\u00f3n. Lejos de aislarlos en casa, sus <em>smartphones<\/em> los ponen a bailar en plena calle. Su plan de fin de semana, al igual que el de muchos j\u00f3venes, solo necesita dos cosas: amigos y un m\u00f3vil con conexi\u00f3n a internet. Est\u00e1n conectados y, al mismo tiempo, f\u00edsicamente juntos.<\/p>\n<div id=\"elpais_gpt-MPU1\" class=\"publi_luto_vertical\" style=\"text-align: justify;\" data-google-query-id=\"CMLz9brs9OgCFZE6GwodwugISQ\">\n<div id=\"google_ads_iframe_7811748\/elpais_web\/sociedad\/mpu1_0__container__\"><img data-recalc-dims=\"1\" loading=\"lazy\" decoding=\"async\" src=\"https:\/\/i0.wp.com\/ep01.epimg.net\/sociedad\/imagenes\/2019\/04\/04\/actualidad\/1554381022_853265_1554394963_sumario_normal.gif?resize=640%2C360&#038;ssl=1\" alt=\"Keesha, Aaron y Chenoa utilizan la pared acristalada del CCCB como espejo para practicar las coreograf\u00edas que aprenden en YouTube.\" width=\"640\" height=\"360\" \/><span class=\"foto-texto\">Keesha, Aaron y Chenoa utilizan la pared acristalada del CCCB como espejo para practicar las coreograf\u00edas que aprenden en YouTube.<\/span><\/div>\n<\/div>\n<section id=\"sumario_1|foto\" class=\"sumario_foto centro\">\n<div class=\"sumario__interior\">\n<div class=\"sumario-texto\">\u00a0<\/div>\n<\/div>\n<\/section>\n<p dir=\"ltr\" style=\"text-align: justify;\">Hace poco m\u00e1s de una d\u00e9cada, conectarse a internet implicaba estar bajo techo, anclado a un m\u00f3dem y un ordenador de sobremesa. Pero la situaci\u00f3n ha cambiado para las nuevas generaciones. Los bailarines del CCCB, por ejemplo, se organizan a trav\u00e9s de un grupo de WhatsApp en el que hay gente de diferentes edades, zonas e institutos de Barcelona. \u201cNo quedamos a una hora determinada, solo avisamos de que vamos a venir para que m\u00e1s gente se una\u201d, cuentan. Es complicado pasar durante el fin de semana y no encontrarlos bailando.<\/p>\n<p dir=\"ltr\" style=\"text-align: justify;\">A pesar de la imagen que decenas de <a href=\"https:\/\/www.facebook.com\/entreprofesef\/photos\/a.472496052949770\/981066092092761\/?type=3&amp;theater\">virales sobre el apocalipsis tecnol\u00f3gico<\/a> nos quiere vender, internet ha ayudado a vertebrar nuevas comunidades y formas de ocio que no se quedan en lo digital. Las relaciones virtuales y reales son para estas generaciones un camino de ida y vuelta. \u201cNosotros nos conocimos a trav\u00e9s de una cuenta de Instagram\u201d, cuenta Fidel Mill\u00e1n, de 17 a\u00f1os, que ha quedado con tres amigos \u2014\u00c1ngel, F\u00e1tima y Albert\u2014 en el Museo de Arte Contempor\u00e1neo de Barcelona (MACBA). All\u00ed, los j\u00f3venes se hacen fotos unos a otros, escuchan m\u00fasica juntos o comentan memes que han visto en Instagram o Twitter.<\/p>\n<p dir=\"ltr\" style=\"text-align: justify;\">Ni Fidel ni ninguno de sus amigos viven cerca de este museo. No han quedado aqu\u00ed porque vayan a visitar una exposici\u00f3n, sino porque a este lugar \u201cviene mucha gente de gustos alternativos: <em>skaters,<\/em> aficionados a la moda, <a href=\"https:\/\/elpais.com\/cultura\/2017\/06\/17\/actualidad\/1497721450_630219.html\" target=\"_blank\" rel=\"noopener noreferrer\">al <em>trap<\/em>\u2026<\/a>\u201d. Se juntan all\u00ed por el ambiente, que tambi\u00e9n puede dar para alg\u00fan <em>post<\/em> en Instagram: mientras pasean por la zona, se cruzan con un muchacho con media melena tintada de rojo. <a href=\"https:\/\/www.vice.com\/es\/article\/a38wbg\/goa-trap-emo-espana\">Es Goa,<\/a> un trapero que comparte sello con artistas como La Zowi o <a href=\"https:\/\/elpais.com\/tag\/fernando_galvez_gomez\/a\" target=\"_blank\" rel=\"noopener noreferrer\">Yung Beef<\/a>. Lo detienen para pedirle una foto. En cuanto el m\u00fasico se aleja, comparten las im\u00e1genes por un grupo de WhatsApp y las suben a Instagram.<\/p>\n<section id=\"sumario_5|apoyos\" class=\"sumario_apoyos derecha\">\n<div class=\"sumario__interior\">\n<div class=\"sumario-texto\">\n<div class=\"apoyos\">\n<ul class=\"apoyos-listado\">\n<li class=\"apoyo_ apoyo_foto\">\u00a0<\/li>\n<\/ul>\n<\/div>\n<\/div>\n<\/div>\n<\/section>\n<p dir=\"ltr\" style=\"text-align: justify;\">Antes de que cualquiera pudiera \u201ctirar de 4G\u201d en su tel\u00e9fono, muchos j\u00f3venes decid\u00edan su lugar de reuni\u00f3n bas\u00e1ndose en otro criterio b\u00e1sico: <a href=\"https:\/\/verne.elpais.com\/verne\/2014\/11\/28\/articulo\/1417165531_948379.html\">que hubiera conexi\u00f3n wifi<\/a>. En Madrid, los puntos de encuentro de ese botell\u00f3n de wifi eran, principalmente, la Plaza de los Cubos y \u00d3pera, ambas con varias redes abiertas de restaurantes cercanos. En Barcelona, el centro comercial La Maquinista y la Apple Store. Este \u00faltimo punto fue el m\u00e1s medi\u00e1tico debido al reportaje publicado por la revista de tendencias <a href=\"https:\/\/www.playgroundmag.net\/now\/swaggers-chonis-apple_22693068.html\" target=\"_blank\" rel=\"noopener noreferrer\"><em>Playground<\/em> sobre los <em>swaggers<\/em><\/a>, adolescentes que se reun\u00edan a hacerse selfis, escuchar reggaet\u00f3n y lucir sus estilismos.<\/p>\n<p style=\"text-align: justify;\">Que hubiese wifi en el lugar donde se queda dej\u00f3 de ser decisivo a medida que la banda ancha m\u00f3vil fue haci\u00e9ndose m\u00e1s asequible y popular. Entre 2008 y 2017, seg\u00fan los datos recopilados por <a href=\"https:\/\/www.xatakamovil.com\/mercado\/asi-han-evolucionado-los-precios-de-internet-en-el-movil-de-35-a-1-30-euros-por-giga-en-nueve-anos\">la revista digital de telefon\u00eda m\u00f3vil <em>Xataka<\/em>,<\/a> el precio del giga (de datos descargados) pas\u00f3 de 35 euros a 1,30 euros. En cinco a\u00f1os (de 2008 a 2017) el n\u00famero de l\u00edneas de banda ancha m\u00f3vil se ha duplicado en Espa\u00f1a, seg\u00fan los estudios anuales <a href=\"https:\/\/www.fundaciontelefonica.com\/arte_cultura\/publicaciones-listado\/pagina-item-publicaciones\/itempubli\/655\/\"><em>La sociedad digital en Espa\u00f1a<\/em>,<\/a> de Telef\u00f3nica. En nuestro pa\u00eds, en 2018 ya hab\u00eda 114 l\u00edneas de este tipo por cada 100 habitantes.<\/p>\n<p style=\"text-align: justify;\">Con la democratizaci\u00f3n del internet m\u00f3vil, el botell\u00f3n de wifi dio lugar al de 4G. Ahora pueden quedar donde quieran y las citas ya no son necesariamente tan multitudinarias. Fidel cuenta que \u00e9l era muy joven cuando se populariz\u00f3 la Apple Store como lugar de reuni\u00f3n, pero tampoco cree que se hubiera sentido c\u00f3modo all\u00ed. \u201cA m\u00ed me da mucho respeto juntarme con grupos tan numerosos y con gente que no se conoce entre s\u00ed\u201d, dice.\u201cMuchos que cuando ten\u00edan 13 o 14 a\u00f1os eran <em>popus<\/em> [en la Apple Store] han emigrado aqu\u00ed, al MACBA\u201d, explica. Cuando dice <em>popus<\/em> se refiere a los <em>swaggers<\/em> m\u00e1s populares, con miles de seguidores en redes, que aprovechaban su fama virtual para hacer de relaciones p\u00fablicas en discotecas <em>light<\/em>. Eran <em>influencers<\/em> antes de la era de los <em>influencers<\/em>.<\/p>\n<section id=\"sumario_3|video\" class=\"sumario_video centro\"><a name=\"sumario_3\"><\/a><\/p>\n<div id=\"sumario__interior\">\n<div id=\"videonoticia\" class=\"media\">\n<figure class=\"foto  media\">\n<div id=\"multimediaPlayer_221896487\" class=\"MPEP_video_externo\"><iframe loading=\"lazy\" src=\"https:\/\/www.youtube.com\/embed\/2NJmWqAFYXY?wmode=transparent\" width=\"100%\" height=\"100%\" frameborder=\"0\" scrolling=\"no\" allowfullscreen=\"allowfullscreen\" data-mce-fragment=\"1\"><\/iframe><\/div><figcaption class=\"foto-pie\"><span class=\"foto-texto\">El reportaje de Playground sobre los \u2018swaggers\u2019 de la Apple Store.<\/span> <span class=\"foto-firma\"><span class=\"foto-autor\">PLAYGROUND<\/span> <\/span><\/figcaption><\/figure>\n<\/div>\n<\/div>\n<\/section>\n<h3 dir=\"ltr\" style=\"text-align: justify;\">Selfis, salud mental y amigos de internet<\/h3>\n<p dir=\"ltr\" style=\"text-align: justify;\">Hacerse fotos es otro plan para pasar la tarde m\u00f3vil en mano en compa\u00f1\u00eda. En la plaza de Catalu\u00f1a, a menos de un kil\u00f3metro del MACBA, un grupo de chicas ha quedado solo para retratarse. \u00abEs para ir subi\u00e9ndolas a Instagram a lo largo de la semana\u00bb, comentan. \u00abAs\u00ed tenemos plan para pasar la tarde\u00bb. Tambi\u00e9n se hacen selfis, pero dicen que prefieren tomarse las fotos entre ellas \u00abporque la calidad de la c\u00e1mara frontal no es tan buena como la trasera. Es mejor tener amigas que te hagan las fotos que hac\u00e9rtelas t\u00fa sola\u00bb.<\/p>\n<p dir=\"ltr\" style=\"text-align: justify;\">A Fidel tambi\u00e9n le gusta contar con amigos para hacerse fotos. \u201cSi alg\u00fan d\u00eda llevo un <em>outfit<\/em> [atuendo] del que estoy especialmente orgulloso no me importa ped\u00edrselo a alg\u00fan compa\u00f1ero de clase, pero me da palo\u201d, dice. Lejos de subir cualquier cosa inconscientemente, estos nativos en redes cuidan y construyen su reputaci\u00f3n <em>online<\/em> con mimo, y ponen l\u00edmites cuando exponen su intimidad.<\/p>\n<section id=\"sumario_4|foto\" class=\"sumario_foto izquierda\"><a name=\"sumario_4\"><\/a><\/p>\n<div class=\"sumario__interior\">\n<figure class=\"foto foto_w360\"><img data-recalc-dims=\"1\" loading=\"lazy\" decoding=\"async\" src=\"https:\/\/i0.wp.com\/ep01.epimg.net\/sociedad\/imagenes\/2019\/04\/04\/actualidad\/1554381022_853265_1554712929_sumario_normal.gif?resize=360%2C675&#038;ssl=1\" alt=\"Algunos de los selfis que Fidel Mill\u00e1n sube a sus stories de Instagram.\" width=\"360\" height=\"675\" \/><figcaption class=\"foto-pie\"><span class=\"foto-texto\">Algunos de los selfis que Fidel Mill\u00e1n sube a sus stories de Instagram.<\/span><\/figcaption><\/figure>\n<div class=\"sumario-texto\">\u00a0<\/div>\n<\/div>\n<\/section>\n<p dir=\"ltr\" style=\"text-align: justify;\">Ni Fidel ni ninguno de los amigos que lo acompa\u00f1an tienen una sola cuenta de Instagram. \u201cTengo una [cuenta de Instagram] abierta y otra con candado [privada] que es donde puedo ser m\u00e1s yo misma porque solo comparto cosas con mis amigos cercanos\u201d, cuenta F\u00e1tima Sanfeliu, de 19 a\u00f1os. Fidel sube casi cada ma\u00f1ana un selfi y una canci\u00f3n a sus <em>stories<\/em>. Al preguntarles por su relaci\u00f3n con las im\u00e1genes de s\u00ed mismos que suben a sus redes, todos responden hablando de salud mental: \u201cEs importante la confianza en ti mismo, estar c\u00f3modo con lo que proyectas\u201d.<\/p>\n<p dir=\"ltr\" style=\"text-align: justify;\">La autoestima tambi\u00e9n se puede construir <em>online<\/em> y proveer de herramientas para solucionar problemas a este lado de la pantalla. Fidel, que estudia segundo de Bachillerato, cuenta que durante la ESO sufri\u00f3 \u00abrechazo\u00bb por parte de sus compa\u00f1eros de clase. En su caso, todo mejor\u00f3 cuando comenz\u00f3 a conocer a gente por Internet que han acabado convirti\u00e9ndose en sus amigos. De hecho, casi ninguno de los presentes lo llama Fidel, sino <a href=\"https:\/\/www.instagram.com\/kvrpv\/?hl=es\">por su nombre de Internet, Kvrpv (Karpa)<\/a>.<\/p>\n<p dir=\"ltr\" style=\"text-align: justify;\">\u00abNos conocimos <a href=\"https:\/\/www.instagram.com\/lasvirgilio\/?hl=es\">a trav\u00e9s de una cuenta sobre moda que lleva Karpa<\/a>\u00ab, cuenta \u00c1ngel Sicilia, otro de los amigos que acompa\u00f1a a Fidel. A todos los une su afici\u00f3n por la moda urbana, y\u00a0 parte de su plan de la tarde es buscar tiendas de segunda mano en las que encontrar gangas. No compran casi nada, pero se divierten buscando, prob\u00e1ndose prendas y haci\u00e9ndose fotos con ellas. Dicen que cuando salen, beben \u00abpoco o nada\u00bb, como cada vez m\u00e1s europeos, seg\u00fan <a href=\"https:\/\/elpais.com\/sociedad\/2018\/10\/23\/actualidad\/1540294403_736043.html\">el estudio que la Organizaci\u00f3n Mundial de la Salud public\u00f3 el pasado noviembre<\/a> sobre comportamientos adolescentes asociados al alcohol. Aunque en Espa\u00f1a los datos son escasos y no dibujan una tendencia clara, el informe recoge que en Europa los adolescentes no solo beben menos que en la \u00faltima d\u00e9cada, sino que cada vez hay m\u00e1s abstemios. El mayor consumo de Fidel y sus amigos es de datos.<\/p>\n<p style=\"text-align: justify;\">\u00bfY cuando se quedan en casa? Los planes con amigos en el hogar tambi\u00e9n giran en torno a internet. \u201cA veces quedamos para jugar <em>online,<\/em>ver c\u00f3mo juegan otros o ver v\u00eddeos de YouTube\u201d, cuenta Sicilia. Cuando est\u00e1n con amigos, sus favoritos son \u201clas recopilaciones de <em>vines<\/em> [v\u00eddeos muy cortos de contenido humor\u00edstico].\u201cTriunfan siempre\u201d, dice. Da igual si lo que toca es quedarse en casa, quedar para ver v\u00eddeos como quien queda para ir al cine, salir a hacerse fotos, bailar o a buscar ropa de segunda mano&#8230; El invitado que no falla en ninguno de los planes es internet. Pero no es el \u00fanico.<\/p>\n<div class=\"firma \">\n<div class=\"autor\">\n<div class=\"autor-texto\" style=\"text-align: justify;\"><span class=\"autor-nombre\"> <a title=\"Ver todas las noticias de Pablo Cant\u00f3\" href=\"https:\/\/elpais.com\/autor\/pablo_canto_martinez\/a\/\">Pablo Cant\u00f3<\/a> <\/span><\/div>\n<div style=\"text-align: justify;\">https:\/\/elpais.com\/sociedad\/2019\/05\/29\/actualidad\/1559125547_443158.html<\/div>\n<div>FOTO: <span class=\"foto-firma\"><span class=\"foto-autor\">Juan Barbosa<\/span><\/span><\/div>\n<\/div>\n<\/div>\n","protected":false},"excerpt":{"rendered":"<p>Las redes no siempre son un factor de aislamiento, tambi\u00e9n unen en la calle. Grupos&#8230;<\/p>\n","protected":false},"author":1,"featured_media":39246,"comment_status":"closed","ping_status":"closed","sticky":false,"template":"","format":"standard","meta":{"_coblocks_attr":"","_coblocks_dimensions":"","_coblocks_responsive_height":"","_coblocks_accordion_ie_support":"","jetpack_post_was_ever_published":false,"_jetpack_newsletter_access":"","_jetpack_dont_email_post_to_subs":false,"_jetpack_newsletter_tier_id":0,"_jetpack_memberships_contains_paywalled_content":false,"_jetpack_memberships_contains_paid_content":false,"footnotes":"","jetpack_publicize_message":"","jetpack_publicize_feature_enabled":true,"jetpack_social_post_already_shared":false,"jetpack_social_options":{"image_generator_settings":{"template":"highway","default_image_id":0,"enabled":false},"version":2}},"categories":[44,6920,15],"tags":[7253,106,7254],"class_list":["post-39245","post","type-post","status-publish","format-standard","has-post-thumbnail","hentry","category-noticias-de-hoy","category-tecnologia","category-ultimas-noticias","tag-aislamiento","tag-redes","tag-youtube"],"jetpack_publicize_connections":[],"jetpack_featured_media_url":"https:\/\/i0.wp.com\/miradordeatarfe.es\/wp-content\/uploads\/2020\/04\/1554381022_853265_1554722787_portada_normal.jpg?fit=1200%2C674&ssl=1","jetpack_likes_enabled":true,"jetpack_sharing_enabled":true,"_links":{"self":[{"href":"https:\/\/miradordeatarfe.es\/index.php?rest_route=\/wp\/v2\/posts\/39245","targetHints":{"allow":["GET"]}}],"collection":[{"href":"https:\/\/miradordeatarfe.es\/index.php?rest_route=\/wp\/v2\/posts"}],"about":[{"href":"https:\/\/miradordeatarfe.es\/index.php?rest_route=\/wp\/v2\/types\/post"}],"author":[{"embeddable":true,"href":"https:\/\/miradordeatarfe.es\/index.php?rest_route=\/wp\/v2\/users\/1"}],"replies":[{"embeddable":true,"href":"https:\/\/miradordeatarfe.es\/index.php?rest_route=%2Fwp%2Fv2%2Fcomments&post=39245"}],"version-history":[{"count":1,"href":"https:\/\/miradordeatarfe.es\/index.php?rest_route=\/wp\/v2\/posts\/39245\/revisions"}],"predecessor-version":[{"id":39247,"href":"https:\/\/miradordeatarfe.es\/index.php?rest_route=\/wp\/v2\/posts\/39245\/revisions\/39247"}],"wp:featuredmedia":[{"embeddable":true,"href":"https:\/\/miradordeatarfe.es\/index.php?rest_route=\/wp\/v2\/media\/39246"}],"wp:attachment":[{"href":"https:\/\/miradordeatarfe.es\/index.php?rest_route=%2Fwp%2Fv2%2Fmedia&parent=39245"}],"wp:term":[{"taxonomy":"category","embeddable":true,"href":"https:\/\/miradordeatarfe.es\/index.php?rest_route=%2Fwp%2Fv2%2Fcategories&post=39245"},{"taxonomy":"post_tag","embeddable":true,"href":"https:\/\/miradordeatarfe.es\/index.php?rest_route=%2Fwp%2Fv2%2Ftags&post=39245"}],"curies":[{"name":"wp","href":"https:\/\/api.w.org\/{rel}","templated":true}]}}