{"id":39258,"date":"2020-04-28T08:56:28","date_gmt":"2020-04-28T06:56:28","guid":{"rendered":"http:\/\/miradordeatarfe.es\/?p=39258"},"modified":"2020-04-24T17:57:27","modified_gmt":"2020-04-24T15:57:27","slug":"que-sabemos-sobre-el-truco-de-pegar-un-salvaslip-en-el-interior-de-las-mascarillas-para-reforzarlas","status":"publish","type":"post","link":"https:\/\/miradordeatarfe.es\/?p=39258","title":{"rendered":"Qu\u00e9 sabemos sobre el truco de pegar un salvaslip en el interior de las mascarillas para reforzarlas"},"content":{"rendered":"<h3>Nos est\u00e1is preguntando por un v\u00eddeo que circula por WhatsApp en el que un hombre con bata blanca recomienda <strong>pegar un salvaslip en el interior de las mascarillas<\/strong> quir\u00fargicas para reforzar su eficacia.<\/h3>\n<p>De esta forma, adem\u00e1s de proteger a los dem\u00e1s de una posible infecci\u00f3n por nuestra parte, tambi\u00e9n, supuestamente, nos proteger\u00edamos nosotros de una infecci\u00f3n proveniente de otras personas. Os contamos lo que sabemos sobre esta idea.<\/p>\n<p>Es cierto que las mascarillas quir\u00fargicas, como las que muestra el v\u00eddeo, sirven para <strong>proteger a los dem\u00e1s de nuestras got\u00edculas<\/strong>, pero no filtran el aire que entra en la mascarilla.<\/p>\n<p>Sin embargo, pegar un salvaslip en el interior no es una buena idea. Tal y como nos explica Mari\u00e1n <em>Boticaria<\/em> Garc\u00eda, farmac\u00e9utica, un salvaslip tiene pegamento por una de las partes y por lo tanto <strong>dificultar\u00eda la respiraci\u00f3n<\/strong>. \u00abLas mascarillas deben permitir respirar. Si haces esto <strong>claro que no pasa el aire, pero entonces sale por arriba o por abajo, y sin filtrar<\/strong>\u00ab.<\/p>\n<p>En el mismo sentido se pronuncia Fernando Usera, investigador del Servicio de Bioseguridad del Centro Nacional de Bioseguridad (CNB-CSIC): \u00abNo estoy de acuerdo con esta \u00abocurrencia\u00bb, seguimos sin asegurar un cierre adecuado entorno a la zona buconasal del portador de la mascarilla, por tanto no creo que se consiga una mayor protecci\u00f3n\u00bb.<\/p>\n<p>Lo que <strong>en ning\u00fan caso se puede asegurar es que con este apa\u00f1o la mascarilla quir\u00fargica equivalga a una FPP2<\/strong>, tal y como se asegura en el v\u00eddeo. \u00abLas mascarillas FPP2 son las que tiene que utilizar el personal sanitario, porque ellos no pueden guardar la distancia de seguridad como debemos hacer la poblaci\u00f3n general. Y ellos necesitan mascarillas serias, homologadas, no estos inventos\u00bb, a\u00f1ade Gemma del Ca\u00f1o, farmac\u00e9utica y experta en seguridad de la industria alimentaria.<\/p>\n<p>Es decir, que llevando a cabo a esta idea no solo no reforzar\u00edamos la mascarilla sino que <strong>podr\u00edamos anular o reducir la utilidad que s\u00ed tiene<\/strong>, que es la de filtrar el aire que expulsa la persona que la lleva. <a href=\"https:\/\/maldita.es\/malditaciencia\/2020\/04\/18\/que-no-hacer-mascarillas\/\">Aqu\u00ed<\/a> te contamos m\u00e1s cosas que no debemos hacer con las mascarillas para que estas sean eficaces.<\/p>\n<p>https:\/\/maldita.es\/malditaciencia\/2020\/04\/19\/que-sabemos-sobre-el-truco-de-pegar-un-salvaslip-en-el-interior-de-las-mascarillas-para-reforzarlas\/<\/p>\n","protected":false},"excerpt":{"rendered":"<p>Nos est\u00e1is preguntando por un v\u00eddeo que circula por WhatsApp en el que un hombre&#8230;<\/p>\n","protected":false},"author":1,"featured_media":39259,"comment_status":"closed","ping_status":"closed","sticky":false,"template":"","format":"standard","meta":{"_coblocks_attr":"","_coblocks_dimensions":"","_coblocks_responsive_height":"","_coblocks_accordion_ie_support":"","jetpack_post_was_ever_published":false,"_jetpack_newsletter_access":"","_jetpack_dont_email_post_to_subs":false,"_jetpack_newsletter_tier_id":0,"_jetpack_memberships_contains_paywalled_content":false,"_jetpack_memberships_contains_paid_content":false,"footnotes":"","jetpack_publicize_message":"","jetpack_publicize_feature_enabled":true,"jetpack_social_post_already_shared":false,"jetpack_social_options":{"image_generator_settings":{"template":"highway","default_image_id":0,"enabled":false},"version":2}},"categories":[1161,7149,44,15],"tags":[7155,7256],"class_list":["post-39258","post","type-post","status-publish","format-standard","has-post-thumbnail","hentry","category-ciudadania","category-coronavirus","category-noticias-de-hoy","category-ultimas-noticias","tag-mascarillas","tag-salvaslip"],"jetpack_publicize_connections":[],"jetpack_featured_media_url":"https:\/\/i0.wp.com\/miradordeatarfe.es\/wp-content\/uploads\/2020\/04\/%C3%ADndice-7.jpg?fit=346%2C146&ssl=1","jetpack_likes_enabled":true,"jetpack_sharing_enabled":true,"_links":{"self":[{"href":"https:\/\/miradordeatarfe.es\/index.php?rest_route=\/wp\/v2\/posts\/39258","targetHints":{"allow":["GET"]}}],"collection":[{"href":"https:\/\/miradordeatarfe.es\/index.php?rest_route=\/wp\/v2\/posts"}],"about":[{"href":"https:\/\/miradordeatarfe.es\/index.php?rest_route=\/wp\/v2\/types\/post"}],"author":[{"embeddable":true,"href":"https:\/\/miradordeatarfe.es\/index.php?rest_route=\/wp\/v2\/users\/1"}],"replies":[{"embeddable":true,"href":"https:\/\/miradordeatarfe.es\/index.php?rest_route=%2Fwp%2Fv2%2Fcomments&post=39258"}],"version-history":[{"count":1,"href":"https:\/\/miradordeatarfe.es\/index.php?rest_route=\/wp\/v2\/posts\/39258\/revisions"}],"predecessor-version":[{"id":39260,"href":"https:\/\/miradordeatarfe.es\/index.php?rest_route=\/wp\/v2\/posts\/39258\/revisions\/39260"}],"wp:featuredmedia":[{"embeddable":true,"href":"https:\/\/miradordeatarfe.es\/index.php?rest_route=\/wp\/v2\/media\/39259"}],"wp:attachment":[{"href":"https:\/\/miradordeatarfe.es\/index.php?rest_route=%2Fwp%2Fv2%2Fmedia&parent=39258"}],"wp:term":[{"taxonomy":"category","embeddable":true,"href":"https:\/\/miradordeatarfe.es\/index.php?rest_route=%2Fwp%2Fv2%2Fcategories&post=39258"},{"taxonomy":"post_tag","embeddable":true,"href":"https:\/\/miradordeatarfe.es\/index.php?rest_route=%2Fwp%2Fv2%2Ftags&post=39258"}],"curies":[{"name":"wp","href":"https:\/\/api.w.org\/{rel}","templated":true}]}}