{"id":39261,"date":"2020-04-20T11:22:12","date_gmt":"2020-04-20T09:22:12","guid":{"rendered":"http:\/\/miradordeatarfe.es\/?p=39261"},"modified":"2020-04-20T15:54:18","modified_gmt":"2020-04-20T13:54:18","slug":"de-que-hablamos-de-saber-o-de-aprobar-el-aprobar-supone-saber-por-juan-de-dios-fernandez","status":"publish","type":"post","link":"https:\/\/miradordeatarfe.es\/?p=39261","title":{"rendered":"DE QU\u00c9 HABLAMOS, \u00bfDE \u201cSABER\u201d O DE \u201cAPROBAR\u201d?, \u00bfEL APROBAR SUPONE SABER? por Juan de Dios Fern\u00e1ndez"},"content":{"rendered":"<h3 style=\"text-align: justify;\">Esta reflexi\u00f3n era muy necesaria antes de esta situaci\u00f3n creada por el dichoso \u201cCOVID-19\u201d, pero ahora se hace imprescindible.<\/h3>\n<p style=\"text-align: justify;\">El debate del proceso de ense\u00f1anza y de aprendizajes en periodo no presencial, tras leves preocupaciones por el acceso o no a recursos inform\u00e1ticos en casa, pronto se ha centrado en lo importante, \u00bfen qu\u00e9 aprende el alumnado?, NO, eso no es lo importante, lo importante de verdad es \u201csi aprueban o no aprueban\u201d. A eso hemos reducido el digno objetivo de la ense\u00f1anza, \u201ca conseguir aprobar\u201d, el aprender, el saber es secundario. De qu\u00e9 hablamos, \u00bfde \u201csaber\u201d o de \u201caprobar\u201d? \u00bfDe \u201csaber para crecer como personas y para la vida\u201d o de \u201csaber para aprobar\u201d? Porque no es lo mismo.<\/p>\n<p style=\"text-align: justify;\">Veamos las grandes dudas de nuestros responsables pol\u00edticos en educaci\u00f3n sobre el desarrollo cognitivo y el desarrollo emocional de nuestro alumnado en esta situaci\u00f3n: \u201c&#8230; lo hecho el tercer trimestre sirva para salvar el curso o conseguir mejorar la nota media\u201d (J. Imbroda, consejero de educaci\u00f3n en Andaluc\u00eda, ABC.es-Sevilla,14-04-2020) En el mismo art\u00edculo, desde el sindicato AMPE, Fco. Padilla, su presidente, dice: <em>\u201cSe puede pasar de 1\u00ba a 2\u00ba de ESO y recuperar asignaturas, pero los alumnos de 2\u00ba de Bachillerato, si se les pasa con suspensos, no van a poder recuperar en la Universidad.\u00bb<\/em> Pero tenemos que preguntarnos, \u00bfQu\u00e9 es recuperar?, memorizar, hacer el examen y olvidar (aprendizaje bul\u00edmico). Pues, si lo no aprendido en tres meses, tras 15 a\u00f1os de escuela, es determinante para afrontar los estudios universitarios, \u00a1algo hay que cuestionarse!<\/p>\n<p style=\"text-align: justify;\">Aprender es alimentarse intelectual, emocional y socialmente. Y Alimentarse no es tomar alimentos, es aprovechar los alimentos. No comprobamos nuestro crecimiento midiendo y pesando los alimentos tomados, alimentarse es que los alimentos hayan conseguido favorecer y hacer real nuestro crecimiento. Medimos nuestro crecimiento, nuestra salud, nuestra fuerza y decimos si la alimentaci\u00f3n ha sido adecuada o no. En educaci\u00f3n no lo hacemos as\u00ed, medimos si se ha tomado el curr\u00edculo, lo pesamos y cuantificamos (un 7), \u00a1ya est\u00e1 alimentado! Pues no, \u201cya ha comido\u201d, pero \u00bfha crecido? Crecer es ver si piensa mejor, si resuelve mejor las situaciones que encuentra, si es capaz de relacionarse mejor, si es m\u00e1s feliz, eso es crecer (eso es alimentarse). As\u00ed deber\u00eda ser evaluar el aumento del nivel de desarrollo competencial de cada alumna y alumno. Eso es evaluar de verdad,<a href=\"https:\/\/atlantidagranada.wixsite.com\/granada\/post\/2017\/05\/17\/procedimientos-e-instrumentos-para-evaluar-cualitativamente\"> LOS PROCEDIMIENTOS E INSTRUMENTOS<\/a> existen y en algunos centros y aula se est\u00e1n aplicando. (VER enlace)<\/p>\n<p style=\"text-align: justify;\">Os invito a un peque\u00f1o ejercicio de reflexi\u00f3n (t\u00e9cnicamente a un proceso de metacognici\u00f3n) T\u00fa aprendiste bastante, has olvidado bastante, pero tu cabeza est\u00e1 \u201cbien amueblada\u201d, est\u00e1s preparada o preparado para resolver las situaciones de la vida, las laborales, las sociales, las familiares&#8230;, eres capaz de leer y tomar actitud ante ello&#8230; \u00bfQu\u00e9 herramientas tienes en la cabeza -qu\u00e9 muebles- que te permiten pensar y vivir? Toma una hoja en blanco y escr\u00edbelas. Si puedes, una vez que lo hayas hecho, comp\u00e1ralo con las de otra persona, sumar las aportaciones de ambos, todo esto es crecer, esos son \u201caprendizajes duraderos\u201d. Al final del art\u00edculo podr\u00e1s ver lo que respondi\u00f3 un grupo de docentes, de infantil a bachillerato.<\/p>\n<p style=\"text-align: justify;\">Todo lo que se ense\u00f1a en la escuela ha de servir para amueblar las cabezas del alumnado para el futuro, eso es lo que hay que evaluar, en la educaci\u00f3n actual se llama \u201cdesarrollo de las competencias clave para afrontar un aprendizaje a lo largo de toda la vida\u201d.<\/p>\n<p style=\"text-align: justify;\">Ahora analicemos una situaci\u00f3n que a todos nos ha sucedido, como estudiantes y puede que tambi\u00e9n como madre o padre. Estamos en viernes, curso 4\u00ba-6\u00ba de primaria o cualquiera de ESO. Llevamos toda la semana preparando un examen de evaluaci\u00f3n trimestral, el alumno o alumna con apoyo de su familia, especialmente madre. Por la ma\u00f1ana, en otra clase, llega el profesor de la materia a examinar.<br \/>\n&#8211; Hola. \u00bfPuedo comunicarle una cosa al grupo?<br \/>\n&#8211; S\u00ed, sin problema. Responde la profesora que da clase en ese momento.<br \/>\n&#8211; Mirando al grupo: Hoy no podemos hacer el examen, a esa hora hay una actividad de centro, lo dejamos para el lunes.<br \/>\n&#8211; \u00a1No, por favor, para el lunes no!, comenta el alumnado con alboroto y angustia. Se establece un debate, hasta que convencen al docente para pedir la hora de otra asignatura y hacer el examen ese viernes seg\u00fan lo previsto.<br \/>\nAl llegar a casa se comenta el incidente con la familia&#8230;<br \/>\n&#8211; \u00a1Dijo el profe que no pod\u00edamos hacer el examen, que lo dej\u00e1bamos para el lunes! Dice el ni\u00f1o a su madre<br \/>\n&#8211; \u00a1\u00a1Nooo!!, \u00a1Por favor, no puedo m\u00e1s, todo el fin de semana repasando! No es justo. Responde la madre<br \/>\n&#8211; El ni\u00f1o tranquiliza a la madre: Lo hemos hecho, el profe le pidi\u00f3 la clase a otra maestra.<br \/>\n&#8211; Menos mal, dice la madre, \u00bfc\u00f3mo te ha salido?<br \/>\n&#8211; Creo que bien de las 6 preguntas dos me sab\u00eda, y la otras he puesto algo, y he acertado en tres. Creo que puedo tener un 6.<\/p>\n<p style=\"text-align: justify;\">Durante el fin de semana, el profesor pasas la mayor parte del tiempo corrigiendo, la familia descansando, el alumno dejando que su cabeza haga limpieza. El lunes dan las notas, se dan como una verdad absoluta: T\u00fa tienes un 7; t\u00fa un 5; t\u00fa un 3&#8230; Esos datos se pasa a la sesi\u00f3n de evaluaci\u00f3n, se reajusta levemente en funci\u00f3n de la \u201cevaluaci\u00f3n continua\u201d y se pasa al programa inform\u00e1tico para que quede constancia y se informa a las familias mediante el bolet\u00edn de notas. Pero la realidad es muy distinta, \u00a1Esa nota ha caducado!, ya no es cierta, pero pesa como si lo fuese.<\/p>\n<p style=\"text-align: justify;\"><em>Esa es la validez de medir lo estudiado. Igual que en alimentaci\u00f3n, el organismo elimina, pero \u00bfpor qu\u00e9 no medimos el \u201ccrecimiento que ha desarrollado lo estudiado\u201d?<\/em> Eso ser\u00eda aut\u00e9ntica evaluaci\u00f3n <strong>(evaluar no es calificar)<\/strong>, buscar evidencia de aprendizajes estables y duraderos, evaluar crecimiento a nivel cognitivo, emocional y social&#8230;.<br \/>\nNuestro alumno en concreto ha obtenido un 6, aprobado bien, pero recordemos que solo ten\u00eda seguridad en dos preguntas, las otras se la sabia mal, pero ha tenido suerte. Su aprendizaje ha sido escaso, probablemente cuando lleve la nota a casa quede muy poco. Pero, \u00a1ha salvado el trimestre! <strong>\u00bfAPRENDER O APROBAR?, \u00a1DE QU\u00c9 HABLAMOS!<\/strong><\/p>\n<p><a href=\"https:\/\/i0.wp.com\/miradordeatarfe.es\/wp-content\/uploads\/2020\/04\/Imagen1-1.png?ssl=1\"><img data-recalc-dims=\"1\" loading=\"lazy\" decoding=\"async\" class=\"alignnone size-medium wp-image-39268\" src=\"https:\/\/i0.wp.com\/miradordeatarfe.es\/wp-content\/uploads\/2020\/04\/Imagen1-1.png?resize=300%2C247&#038;ssl=1\" alt=\"\" width=\"300\" height=\"247\" srcset=\"https:\/\/i0.wp.com\/miradordeatarfe.es\/wp-content\/uploads\/2020\/04\/Imagen1-1.png?resize=300%2C247&amp;ssl=1 300w, https:\/\/i0.wp.com\/miradordeatarfe.es\/wp-content\/uploads\/2020\/04\/Imagen1-1.png?w=584&amp;ssl=1 584w\" sizes=\"auto, (max-width: 300px) 100vw, 300px\" \/><\/a><\/p>\n<p style=\"text-align: justify;\">Pues si ese es el mayor problema de la educaci\u00f3n en Espa\u00f1a, c\u00f3mo aprobar o pasar de curso sin haber demostrado que una vez supiste algo del tema y tuviste suerte, \u00a1TENEMOS EL NORTE PERDIDO!<\/p>\n<p style=\"text-align: justify;\">Abandonemos esta forma de evaluar\/calificar y desaparecer\u00e1 el \u201caprendizaje bul\u00edmico\u201d que predomina.<br \/>\n<strong>Pongamos al alumnado a estudiar (alimentarse), comprobemos que han estudiado (que ha comido) y evaluemos su avance en desarrollo competencial (que ha crecido, que el estudio le ha servido)<\/strong><\/p>\n<p style=\"text-align: justify;\"><strong>NOTA ACLARATORIA.<\/strong><br \/>\n<em>1.- En muchas noticias se est\u00e1 intencionadamente confundiendo<strong> \u201cpromoci\u00f3n de curso\u201d con \u201caprobado general\u201d,<\/strong> no es lo mismo. <strong>En nuestro sistema se promociona de forma ordinaria, habiendo aprobado o no, para estas \u00faltimas situaciones est\u00e1n previstas medidas de atenci\u00f3n a la diversidad y de recuperaci\u00f3n en nuevo curso.<\/strong> Por tanto, \u201cpromocionar\u201d no supone \u201caprobar\u201d. En los pa\u00edses m\u00e1s avanzados no se repite curso, se refuerza y recupera en cursos siguientes.<\/em><\/p>\n<p style=\"text-align: justify;\"><em>2.- <strong>Titular con suspensas, se ve como una medida nueva, pero la ley org\u00e1nica ya lo tiene previsto<\/strong>. Dos rese\u00f1as legislativas: LOE consolidada tras la aprobaci\u00f3n de LOMCE, art. 28.2.<strong> Las decisiones sobre la promoci\u00f3n del alumnado de un curso a otro, dentro de la etapa, ser\u00e1n adoptadas de forma colegiada por el conjunto de profesores del alumno o alumna respectivo, atendiendo al logro de los objetivos y al grado de adquisici\u00f3n de las competencias correspondientes&#8230;.De forma excepcional, podr\u00e1 autorizarse la promoci\u00f3n de un alumno o alumna con evaluaci\u00f3n negativa en tres materias&#8230;<\/strong>..b) que el equipo docente considere que la naturaleza de las materias con evaluaci\u00f3n negativa no impide al alumno o alumna seguir con \u00e9xito<\/em><\/p>\n<p style=\"text-align: justify;\">Juan de Dios Fern\u00e1ndez G\u00e1lvez (juandefg@gmail.com)<\/p>\n","protected":false},"excerpt":{"rendered":"<p>Esta reflexi\u00f3n era muy necesaria antes de esta situaci\u00f3n creada por el dichoso \u201cCOVID-19\u201d, pero&#8230;<\/p>\n","protected":false},"author":1,"featured_media":39264,"comment_status":"closed","ping_status":"closed","sticky":false,"template":"","format":"standard","meta":{"_coblocks_attr":"","_coblocks_dimensions":"","_coblocks_responsive_height":"","_coblocks_accordion_ie_support":"","jetpack_post_was_ever_published":false,"_jetpack_newsletter_access":"","_jetpack_dont_email_post_to_subs":false,"_jetpack_newsletter_tier_id":0,"_jetpack_memberships_contains_paywalled_content":false,"_jetpack_memberships_contains_paid_content":false,"footnotes":"","jetpack_publicize_message":"","jetpack_publicize_feature_enabled":true,"jetpack_social_post_already_shared":false,"jetpack_social_options":{"image_generator_settings":{"template":"highway","default_image_id":0,"enabled":false},"version":2}},"categories":[187,1161,3130,44,15],"tags":[3629,7257,7258],"class_list":["post-39261","post","type-post","status-publish","format-standard","has-post-thumbnail","hentry","category-centros-educativos","category-ciudadania","category-opinion-de-juan-de-dios-fernandez","category-noticias-de-hoy","category-ultimas-noticias","tag-aprobar","tag-evaluacion-contunua","tag-promocionar"],"jetpack_publicize_connections":[],"jetpack_featured_media_url":"https:\/\/i0.wp.com\/miradordeatarfe.es\/wp-content\/uploads\/2020\/04\/133558_de56b57519174d1477f74117ff99bbfb-1.jpeg?fit=1200%2C675&ssl=1","jetpack_likes_enabled":true,"jetpack_sharing_enabled":true,"_links":{"self":[{"href":"https:\/\/miradordeatarfe.es\/index.php?rest_route=\/wp\/v2\/posts\/39261","targetHints":{"allow":["GET"]}}],"collection":[{"href":"https:\/\/miradordeatarfe.es\/index.php?rest_route=\/wp\/v2\/posts"}],"about":[{"href":"https:\/\/miradordeatarfe.es\/index.php?rest_route=\/wp\/v2\/types\/post"}],"author":[{"embeddable":true,"href":"https:\/\/miradordeatarfe.es\/index.php?rest_route=\/wp\/v2\/users\/1"}],"replies":[{"embeddable":true,"href":"https:\/\/miradordeatarfe.es\/index.php?rest_route=%2Fwp%2Fv2%2Fcomments&post=39261"}],"version-history":[{"count":5,"href":"https:\/\/miradordeatarfe.es\/index.php?rest_route=\/wp\/v2\/posts\/39261\/revisions"}],"predecessor-version":[{"id":39302,"href":"https:\/\/miradordeatarfe.es\/index.php?rest_route=\/wp\/v2\/posts\/39261\/revisions\/39302"}],"wp:featuredmedia":[{"embeddable":true,"href":"https:\/\/miradordeatarfe.es\/index.php?rest_route=\/wp\/v2\/media\/39264"}],"wp:attachment":[{"href":"https:\/\/miradordeatarfe.es\/index.php?rest_route=%2Fwp%2Fv2%2Fmedia&parent=39261"}],"wp:term":[{"taxonomy":"category","embeddable":true,"href":"https:\/\/miradordeatarfe.es\/index.php?rest_route=%2Fwp%2Fv2%2Fcategories&post=39261"},{"taxonomy":"post_tag","embeddable":true,"href":"https:\/\/miradordeatarfe.es\/index.php?rest_route=%2Fwp%2Fv2%2Ftags&post=39261"}],"curies":[{"name":"wp","href":"https:\/\/api.w.org\/{rel}","templated":true}]}}