{"id":39303,"date":"2020-04-24T10:09:46","date_gmt":"2020-04-24T08:09:46","guid":{"rendered":"http:\/\/miradordeatarfe.es\/?p=39303"},"modified":"2020-04-20T17:15:39","modified_gmt":"2020-04-20T15:15:39","slug":"el-coronavirus-y-la-asfixia-educativa-el-confinamiento-deja-sin-proteccion-a-la-infancia-mas-vulnerable","status":"publish","type":"post","link":"https:\/\/miradordeatarfe.es\/?p=39303","title":{"rendered":"El coronavirus y la asfixia educativa: el confinamiento deja sin protecci\u00f3n a la infancia m\u00e1s vulnerable"},"content":{"rendered":"<div class=\"lead\">\n<div class=\"ezxmltext-field\">\n<h3 style=\"text-align: justify;\">Durante estas semanas, la escuela ha reducido su funci\u00f3n compensadora hasta hacerla casi desaparecer. Buena parte del alumnado no tiene en su casa los recursos que hacen posible el aprendizaje. Faltan \u2018respiradores educativos\u2018. Muchos ni\u00f1os y ni\u00f1as solo los encuentran junto a sus docentes y compa\u00f1eros.<\/h3>\n<\/div>\n<\/div>\n<div class=\"container\">\n<div class=\"bm-block bm-article_body bm-vt-article_full_body \">\n<p style=\"text-align: justify;\">La suspensi\u00f3n de las clases por la crisis del COVID-19 y las medidas subsiguientes de las administraciones educativas han dado lugar a un intenso debate. La decisi\u00f3n de <strong>continuar el curso a distancia<\/strong> avanzando contenidos y la <strong>falta de una respuesta clara y coordinada<\/strong> han generado un profundo malestar entre familias y docentes.<\/p>\n<p style=\"text-align: justify;\">En pocos d\u00edas, el <strong>\u2018contrato educativo&#8217;<\/strong> que establece los derechos y deberes de los diferentes agentes de la comunidad educativa se modific\u00f3 radicalmente; hasta tal punto que nunca antes se hab\u00eda producido una distancia tan grande entre lo que las administraciones educativas exigen al alumnado, sus familias y sus docentes, y lo que les ofrecen. \u00bfPor qu\u00e9 decimos esto?<\/p>\n<p style=\"text-align: justify;\">En primer lugar, porque creemos que <strong>avanzar contenidos fue un error<\/strong>. Aunque era comprensible que al principio hubiera equivocaciones, el planteamiento apenas hab\u00eda variado tras cinco semanas de confinamiento.<\/p>\n<div class=\"columna_izquierda\" style=\"text-align: justify;\">\n<div class=\"texto_destacado_columna\">\n<p class=\"texto_destacado_central_p\">Asumir que el sistema educativo puede seguir funcionando a distancia no es compatible con las funciones que, como sociedad, hemos acordado otorgarle<\/p>\n<\/div>\n<\/div>\n<p style=\"text-align: justify;\">Esta decisi\u00f3n implicaba asumir que el sistema educativo puede seguir funcionando a distancia de forma adecuada, algo que, sencillamente, no es posible; o al menos no lo es cumpliendo con las funciones que, como sociedad, hemos acordado otorgarle. Aunque el Gobierno y las CCAA han decidido recientemente utilizar el\u00a0<a href=\"https:\/\/www.educacionyfp.gob.es\/prensa\/actualidad\/2020\/04\/20200415-sectorial.html\" target=\"_blank\" rel=\"noopener noreferrer\">tercer trimestre para la recuperaci\u00f3n, el repaso y el refuerzo<\/a>, parece que algunas seguir\u00e1n impartiendo nueva materia<\/p>\n<h3 style=\"text-align: justify;\">La desigualdad crece<\/h3>\n<p style=\"text-align: justify;\">La realidad es que el aislamiento que nos protege de la COVID-19 es, parad\u00f3jicamente, el que expone al <strong>alumnado m\u00e1s vulnerable<\/strong> a otro virus muy da\u00f1ino: el de la <strong>asfixia educativa<\/strong>.<\/p>\n<p style=\"text-align: justify;\">Durante estas semanas, el ox\u00edgeno del aprendizaje no est\u00e1 llegando a una parte significativa del alumnado y la escuela ha reducido su <strong>funci\u00f3n compensadora<\/strong> hasta hacerla casi desaparecer.<\/p>\n<p style=\"text-align: justify;\">Buena parte de las familias carece de las <a href=\"https:\/\/eldiariodelaeducacion.com\/2020\/03\/25\/ficcion-educativa-en-tiempos-de-confinamiento\/\" target=\"_blank\" rel=\"noopener noreferrer\">condiciones materiales<\/a> (tecnolog\u00eda, espacio, temperatura, luz, etc.), las <strong>herramientas culturales<\/strong> (habilidades pedag\u00f3gicas, conocimiento del idioma, etc.), el <strong>tiempo para acompa\u00f1ar<\/strong> el proceso educativo, la <strong>estabilidad emocional <\/strong>(por problemas econ\u00f3micos, de salud, habitacionales, etc.) o los recursos <a href=\"https:\/\/www.thelancet.com\/journals\/lanpub\/article\/PIIS2468-2667(20)30084-0\/fulltext\" target=\"_blank\" rel=\"noopener noreferrer\">alimentarios<\/a> necesarios para aprender. Todo ello influye directamente en el tiempo y la capacidad de estudio de los ni\u00f1os y ni\u00f1as.<\/p>\n<div class=\"columna_derecha\" style=\"text-align: justify;\">\n<div class=\"texto_destacado_columna\">\n<p class=\"texto_destacado_central_p\">Buena parte de las familias carece de las condiciones materiales, las herramientas culturales, el tiempo para acompa\u00f1ar el proceso educativo, la estabilidad emocional o los recursos alimentarios necesarios para aprender<\/p>\n<\/div>\n<\/div>\n<p style=\"text-align: justify;\">Algunas familias tienen ordenadores y banda ancha, y otras no. Hay familias <strong>monoparentales<\/strong> padeciendo directamente el coronavirus. Algunos n\u00facleos familiares est\u00e1n juntos y otros, como quienes trabajan en primera l\u00ednea contra la enfermedad, ven pocas horas a sus hijos. Por no hablar de las situaciones de <strong>duelo frustrado<\/strong> por la p\u00e9rdida de familiares y amigos.<\/p>\n<p style=\"text-align: justify;\">A todo ese alumnado le falta la <strong>estructura social<\/strong> que hace posible que el ox\u00edgeno del aprendizaje llegue a sus pulmones. Faltan \u2018respiradores educativos\u2018. Y muchos ni\u00f1os y ni\u00f1as solo pueden respirar cuando est\u00e1n en la escuela, junto a sus docentes y sus compa\u00f1eros, con los recursos adecuados.<\/p>\n<h3 style=\"text-align: justify;\">Evaluar, no calificar<\/h3>\n<p style=\"text-align: justify;\">Si no ponemos remedio, la ausencia de escuela supondr\u00e1 una importante <a href=\"https:\/\/journals.sagepub.com\/doi\/abs\/10.3102\/00346543066003227\" target=\"_blank\" rel=\"noopener noreferrer\">p\u00e9rdida de aprendizaje<\/a> para una buena parte del alumnado. La gravedad de esta p\u00e9rdida incide m\u00e1s en los vulnerables y los rezagados por el efecto acumulativo en sus desigualdades de partida.<\/p>\n<div class=\"columna_izquierda\" style=\"text-align: justify;\">\n<div class=\"texto_destacado_columna\">\n<p class=\"texto_destacado_central_p\">El problema de fondo es que la asfixia educativa no es nueva, existe y afecta a miles de ni\u00f1os y ni\u00f1as desde mucho antes del confinamiento<\/p>\n<\/div>\n<\/div>\n<p style=\"text-align: justify;\">Tambi\u00e9n influye la etapa: para un alumno de 2\u00ba de Bachillerato los efectos de la situaci\u00f3n pueden ser dram\u00e1ticos por la EvAU, mientras que en cursos m\u00e1s bajos no tendr\u00eda por qu\u00e9 si el pr\u00f3ximo curso se adapta el curr\u00edculo y se establecen <strong>medidas compensatorias<\/strong> eficaces.<\/p>\n<p style=\"text-align: justify;\">El problema de fondo es que la asfixia educativa no es nueva. Este virus existe y afecta a miles de ni\u00f1os y ni\u00f1as desde mucho antes del confinamiento y, aunque se conocen numerosas vacunas y remedios, apenas se han aplicado. Por tanto, si antes de la llegada de la COVID-19 la <strong>desigualdad educativa<\/strong> no se atajaba decididamente mediante planes, recursos y estructuras eficaces, \u00bfpodemos confiar en que se har\u00e1 ahora?<\/p>\n<p style=\"text-align: justify;\">En segundo lugar, se est\u00e1 confundiendo la <strong>evaluaci\u00f3n<\/strong>, que sirve para mejorar el aprendizaje, con la <strong>calificaci\u00f3n<\/strong>, que sirve para clasificar al alumnado.<\/p>\n<p style=\"text-align: justify;\">La escuela est\u00e1 cerrada y no puede garantizar las condiciones de aprendizaje. Por tanto, no debe responsabilizar al alumnado de lo que aprende, ni del ritmo al que lo aprende. De esta forma, tampoco puede dictar una calificaci\u00f3n v\u00e1lida, fiable y justa, aunque la <strong>evaluaci\u00f3n con intenci\u00f3n formativa<\/strong> deba seguir aplic\u00e1ndose.<\/p>\n<div class=\"columna_derecha\" style=\"text-align: justify;\">\n<div class=\"texto_destacado_columna\">\n<p class=\"texto_destacado_central_p\">La escuela debe prepararse para compensar las desigualdades en lo que queda de curso y, sobre todo, cuando vuelvan las clases presenciales<\/p>\n<\/div>\n<\/div>\n<p style=\"text-align: justify;\">En estas circunstancias, lo m\u00e1s oportuno es <strong>parar el curso a efectos de calificaci\u00f3n<\/strong> durante el cierre de los centros \u2014o al menos que las calificaciones posteriores no penalicen en ning\u00fan caso\u2014 y prepararse para <strong>compensar las desigualdades<\/strong> en lo que queda de curso a distancia y, sobre todo, cuando vuelvan las clases presenciales.<\/p>\n<h3 style=\"text-align: justify;\">Construir un escudo educativo<\/h3>\n<p style=\"text-align: justify;\">Estamos solo en el comienzo de una emergencia social y educativa que, a estas alturas, no puede cogernos desprevenidos. Es urgente construir un escudo educativo que proteja al alumnado y potencie el aprendizaje de todas las personas, desde ahora y en el futuro, con o sin emergencia sanitaria. Para ello, resulta esencial al menos:<\/p>\n<ol style=\"text-align: justify;\">\n<li>Mejorar las<strong>\u00a0condiciones educativas<\/strong> para atender a la diversidad de todo el alumnado y a sus condiciones sociofamiliares. Aumentar las <strong>plantillas<\/strong> de los departamentos y <strong>equipos de orientaci\u00f3n y asesoramiento psicopedag\u00f3gico<\/strong> en todos sus perfiles profesionales, y especialmente en aquellos que pueden coordinarse con los Servicios Sociales y activar recursos de distintas administraciones.<\/li>\n<li>Implementar pol\u00edticas que frenen la<strong>\u00a0segregaci\u00f3n escolar<\/strong> en todas sus dimensiones. Una educaci\u00f3n confinada representa la m\u00e1xima segregaci\u00f3n educativa. Una de las mayores riquezas de la escuela es ofrecer un contexto escolar diverso que promueva una convivencia positiva y compense las desigualdades.<\/li>\n<li>Aplicar <strong>actuaciones educativas<\/strong> de \u00e9xito contrastadas, fomentando el <a href=\"http:\/\/www.cast.org\/our-work\/about-udl.html#.Xpe8OP0zbIU#.Xpe8OP0zbIU\" target=\"_blank\" rel=\"noopener noreferrer\">dise\u00f1o universal para el aprendizaje<\/a> y \u00a0el modelo de cotutor\u00edas o docencia compartida. Para ello es necesario incrementar las plantillas en los centros y garantizar la <strong>estabilidad<\/strong> de los equipos docentes.<\/li>\n<li>Dise\u00f1ar <strong>curr\u00edculos oficiales flexibles<\/strong> alejados de la estandarizaci\u00f3n y el enciclopedismo, permitiendo el ejercicio de la autonom\u00eda pedag\u00f3gica de los centros para personalizar al m\u00e1ximo la ense\u00f1anza.<\/li>\n<li>Preparar desde los centros el <strong>apoyo psicol\u00f3gico y emocional<\/strong> que necesitar\u00e1n los alumnos y docentes, especialmente quienes han vivido situaciones traum\u00e1ticas durante la pandemia.<\/li>\n<li>Establecer sistemas de <strong>apoyo econ\u00f3mico<\/strong> para las familias que experimentar\u00e1n problemas econ\u00f3micos.<\/li>\n<li>Prestar atenci\u00f3n a las <strong>necesidades del alumnado vulnerable<\/strong> de cara a posibles nuevos confinamientos. Es necesario <a href=\"https:\/\/blogs.worldbank.org\/education\/schools-readiness-digital-learning-eyes-principals-analysis-pisa-2018-and-its\" target=\"_blank\" rel=\"noopener noreferrer\">garantizar materiales<\/a> para aprender en casa, dise\u00f1ar metodolog\u00edas y contenidos adecuados, establecer v\u00edas de <strong>comunicaci\u00f3n<\/strong> fiables entre docente y alumno, y garantizar la <strong>seguridad alimentaria<\/strong> y el <a href=\"https:\/\/www.thelancet.com\/journals\/lanchi\/article\/PIIS2352-4642(20)30109-7\/fulltext\" target=\"_blank\" rel=\"noopener noreferrer\">acceso a los recursos de salud f\u00edsica y mental<\/a> para todos.<\/li>\n<li>Dotar a los centros de infraestructura, material y formaci\u00f3n adecuados para la docencia presencial y a distancia. Ello implica que todo docente cuente con <strong>tecnolog\u00eda<\/strong> para trabajar en su domicilio.<\/li>\n<\/ol>\n<p style=\"text-align: justify;\"><strong>En definitiva, necesitamos enfocar todos nuestros esfuerzos a cuidar al alumnado y a paliar unas desigualdades que, si bien ya eran profundas, la actual situaci\u00f3n dejar\u00e1 dolorosamente visibles.<\/strong><\/p>\n<p style=\"text-align: justify;\">Nos situamos ante dos posibilidades: una, que seamos capaces de establecer <strong>medidas estructurales y perdurables<\/strong> para garantizar el derecho a la educaci\u00f3n de todo el alumnado; y otra, que la <strong>inacci\u00f3n<\/strong> nos lleve a profundizar en las desigualdades de forma que, por el camino, el sistema educativo pierda su sentido fundamental.<\/p>\n<div class=\"contenido_destacado\">\n<p style=\"text-align: justify;\"><strong>Jos\u00e9 Miguel Mart\u00edn<\/strong> es maestro de Educaci\u00f3n Primaria y miembro del equipo promotor de la ILP por una escolarizaci\u00f3n inclusiva.<\/p>\n<p style=\"text-align: justify;\"><strong>Jes\u00fas Rogero Garc\u00eda<\/strong> es profesor de Sociolog\u00eda en la <a href=\"https:\/\/www.uam.es\/ss\/Satellite\/Economicas\/es\/1242653687745\/1242652439589\/persona\/detallePDI\/Rogero_Garcia,_Jesus.htm\" target=\"_blank\" rel=\"noopener noreferrer\">Universidad Aut\u00f3noma de Madrid<\/a> y miembro del equipo promotor de la ILP por una escolarizaci\u00f3n inclusiva.<\/p>\n<\/div>\n<\/div>\n<\/div>\n<div>\u00a0<\/div>\n<div>\u00a0<\/div>\n<div>\n<div class=\"block_autor_article\">\n<div class=\"autor_article\">Jos\u00e9 Miguel Mart\u00edn y Jes\u00fas Rogero<\/div>\n<\/div>\n<\/div>\n<div>FOTO:Durante estas semanas, la escuela ha reducido su funci\u00f3n compensadora hasta hacerla casi desaparecer, afirman los autores. \/ Wearbeard (SINC)<\/div>\n","protected":false},"excerpt":{"rendered":"<p>Durante estas semanas, la escuela ha reducido su funci\u00f3n compensadora hasta hacerla casi desaparecer. Buena&#8230;<\/p>\n","protected":false},"author":1,"featured_media":39304,"comment_status":"closed","ping_status":"closed","sticky":false,"template":"","format":"standard","meta":{"_coblocks_attr":"","_coblocks_dimensions":"","_coblocks_responsive_height":"","_coblocks_accordion_ie_support":"","jetpack_post_was_ever_published":false,"_jetpack_newsletter_access":"","_jetpack_dont_email_post_to_subs":false,"_jetpack_newsletter_tier_id":0,"_jetpack_memberships_contains_paywalled_content":false,"_jetpack_memberships_contains_paid_content":false,"footnotes":"","jetpack_publicize_message":"","jetpack_publicize_feature_enabled":true,"jetpack_social_post_already_shared":false,"jetpack_social_options":{"image_generator_settings":{"template":"highway","default_image_id":0,"enabled":false},"version":2}},"categories":[187,44,15,10],"tags":[1817,7260,7259],"class_list":["post-39303","post","type-post","status-publish","format-standard","has-post-thumbnail","hentry","category-centros-educativos","category-noticias-de-hoy","category-ultimas-noticias","category-salud","tag-curriculum","tag-desgualdades","tag-escuela-inclusiva"],"jetpack_publicize_connections":[],"jetpack_featured_media_url":"https:\/\/i0.wp.com\/miradordeatarfe.es\/wp-content\/uploads\/2020\/04\/El-coronavirus-y-la-asfixia-educativa-el-confinamiento-deja-sin-proteccion-a-la-infancia-mas-vulnerable.png?fit=1299%2C758&ssl=1","jetpack_likes_enabled":true,"jetpack_sharing_enabled":true,"_links":{"self":[{"href":"https:\/\/miradordeatarfe.es\/index.php?rest_route=\/wp\/v2\/posts\/39303","targetHints":{"allow":["GET"]}}],"collection":[{"href":"https:\/\/miradordeatarfe.es\/index.php?rest_route=\/wp\/v2\/posts"}],"about":[{"href":"https:\/\/miradordeatarfe.es\/index.php?rest_route=\/wp\/v2\/types\/post"}],"author":[{"embeddable":true,"href":"https:\/\/miradordeatarfe.es\/index.php?rest_route=\/wp\/v2\/users\/1"}],"replies":[{"embeddable":true,"href":"https:\/\/miradordeatarfe.es\/index.php?rest_route=%2Fwp%2Fv2%2Fcomments&post=39303"}],"version-history":[{"count":1,"href":"https:\/\/miradordeatarfe.es\/index.php?rest_route=\/wp\/v2\/posts\/39303\/revisions"}],"predecessor-version":[{"id":39305,"href":"https:\/\/miradordeatarfe.es\/index.php?rest_route=\/wp\/v2\/posts\/39303\/revisions\/39305"}],"wp:featuredmedia":[{"embeddable":true,"href":"https:\/\/miradordeatarfe.es\/index.php?rest_route=\/wp\/v2\/media\/39304"}],"wp:attachment":[{"href":"https:\/\/miradordeatarfe.es\/index.php?rest_route=%2Fwp%2Fv2%2Fmedia&parent=39303"}],"wp:term":[{"taxonomy":"category","embeddable":true,"href":"https:\/\/miradordeatarfe.es\/index.php?rest_route=%2Fwp%2Fv2%2Fcategories&post=39303"},{"taxonomy":"post_tag","embeddable":true,"href":"https:\/\/miradordeatarfe.es\/index.php?rest_route=%2Fwp%2Fv2%2Ftags&post=39303"}],"curies":[{"name":"wp","href":"https:\/\/api.w.org\/{rel}","templated":true}]}}