{"id":39314,"date":"2020-04-21T20:53:10","date_gmt":"2020-04-21T18:53:10","guid":{"rendered":"http:\/\/miradordeatarfe.es\/?p=39314"},"modified":"2020-04-21T21:06:43","modified_gmt":"2020-04-21T19:06:43","slug":"atarfe-feria-del-libro-y-la-cultura","status":"publish","type":"post","link":"https:\/\/miradordeatarfe.es\/?p=39314","title":{"rendered":"ATARFE: FERIA DEL LIBRO Y LA CULTURA"},"content":{"rendered":"<h3 style=\"text-align: justify;\">La Feria del Libro y la Cultura virtual estar\u00e1 abierta del d\u00eda 20 al d\u00eda 24. Con tal motivo se han programado una serie de actividades culturales que se subir\u00e1n a esta p\u00e1gina.<\/h3>\n<p>Nuestra Bibliotecaria presenta esta jornada:<\/p>\n<p>Podr\u00e1s seguir Online las distintas actividades a trav\u00e9s del Facebook de la Biblioteca Municipal:<\/p>\n<p><a href=\"https:\/\/www.facebook.com\/Biblioteca-de-Atarfe-1723594301262611\/\">https:\/\/www.facebook.com\/Biblioteca-de-Atarfe-1723594301262611\/<\/a><\/p>\n<p>Tienes una cita, todos los d\u00edas a las siguientes horas:<\/p>\n<p>10:00 Lecturas<br \/>\n12:00 Muestras de distintas Disciplinas Culturales<br \/>\n18:00 Cuenta cuentos<\/p>\n<p>#AtarfeTeNecesita<br \/>\n#AtarfeSeQuedaEnCasa<br \/>\n#TodoVaASalirBien<\/p>\n<p><div class=\"fb-video\" data-allowfullscreen=\"true\" data-href=\"https:\/\/www.facebook.com\/1723594301262611\/videos\/539735640063708\/\" style=\"background-color: #fff; display: inline-block;\"><\/div>\n<\/p>\n<p>Las actividades de la ma\u00f1ana ser\u00e1n variadas, lecturas, teatro, m\u00fasica,..y por la tarde continuaremos con la hora del cuento.<\/p>\n<p>Por la ma\u00f1ana\u00a0 hemos contado con Fabiola, siempre ligada a la cultura y la lectura.y con Pedro Ruiz Cabello<\/p>\n<p><div class=\"fb-video\" data-allowfullscreen=\"true\" data-href=\"https:\/\/www.facebook.com\/1723594301262611\/videos\/659632508194087\/\" style=\"background-color: #fff; display: inline-block;\"><\/div>\n<\/p>\n<p>Y a continuaci\u00f3n<\/p>\n<p>Pedro Ruiz-Cabello Fern\u00e1ndez (Atarfe, 1962) es profesor de Lengua y Literatura; despu\u00e9s de haber pasado por varios destinos, ejerce actualmente en el IES Il\u00edberis de Atarfe, donde adem\u00e1s de la docencia desarrolla actividades de teatro.<\/p>\n<p>Se inici\u00f3 muy pronto en el campo de las letras, participando en el espacio radiof\u00f3nico <em>Poes\u00eda 70<\/em> que dirig\u00eda Juan de Loxa. Ha publicado art\u00edculos de literatura en la revista <em>Extramuros<\/em>, uno de los principales \u00f3rganos de la vida cultural granadina.<\/p>\n<p><div class=\"fb-video\" data-allowfullscreen=\"true\" data-href=\"https:\/\/www.facebook.com\/1723594301262611\/videos\/1205199243146745\/\" style=\"background-color: #fff; display: inline-block;\"><\/div>\n<\/p>\n<p>Una tarde m\u00e1s os acompa\u00f1amos en esta hora del cuento, deseando que pas\u00e9is un ratito agradable.<br \/>\nEstos cuentos musicales que estamos escuchando han sido creados por los alumnos del Aula de Iniciacion Musical de la Escuela Municipal de M\u00fasica y Danza Ciudad Atarfe junto con su profesora Noelia Giner han creado una una serie de cuentos.<br \/>\nHoy leen el segundo cuento : <strong>\u00abLos Instrumentos en la Playa\u00bb<\/strong>. Este cuento est\u00e1 realizado por Celia Virues Quintana, Valeria D\u00edaz Osuna, Javier Vilchez Bail\u00f3n y Lucas Losa Espigares..<br \/>\nQu\u00e9date en casa.<br \/>\nY recordad: la tarde contando, se pasa volando<\/p>\n<p><div class=\"fb-video\" data-allowfullscreen=\"true\" data-href=\"https:\/\/www.facebook.com\/1723594301262611\/videos\/163318048324223\/\" style=\"background-color: #fff; display: inline-block;\"><\/div><\/p>\n","protected":false},"excerpt":{"rendered":"<p>La Feria del Libro y la Cultura virtual estar\u00e1 abierta del d\u00eda 20 al d\u00eda&#8230;<\/p>\n","protected":false},"author":1,"featured_media":39311,"comment_status":"closed","ping_status":"closed","sticky":false,"template":"","format":"standard","meta":{"_coblocks_attr":"","_coblocks_dimensions":"","_coblocks_responsive_height":"","_coblocks_accordion_ie_support":"","jetpack_post_was_ever_published":false,"_jetpack_newsletter_access":"","_jetpack_dont_email_post_to_subs":false,"_jetpack_newsletter_tier_id":0,"_jetpack_memberships_contains_paywalled_content":false,"_jetpack_memberships_contains_paid_content":false,"footnotes":"","jetpack_publicize_message":"","jetpack_publicize_feature_enabled":true,"jetpack_social_post_already_shared":false,"jetpack_social_options":{"image_generator_settings":{"template":"highway","default_image_id":0,"enabled":false},"version":2}},"categories":[12,186,44,15],"tags":[7263,911,7262],"class_list":["post-39314","post","type-post","status-publish","format-standard","has-post-thumbnail","hentry","category-cultura","category-instituciones","category-noticias-de-hoy","category-ultimas-noticias","tag-bibkioteca","tag-cuentos","tag-dia-21"],"jetpack_publicize_connections":[],"jetpack_featured_media_url":"https:\/\/i0.wp.com\/miradordeatarfe.es\/wp-content\/uploads\/2020\/04\/%C3%ADndice-2-1.jpg?fit=274%2C166&ssl=1","jetpack_likes_enabled":true,"jetpack_sharing_enabled":true,"_links":{"self":[{"href":"https:\/\/miradordeatarfe.es\/index.php?rest_route=\/wp\/v2\/posts\/39314","targetHints":{"allow":["GET"]}}],"collection":[{"href":"https:\/\/miradordeatarfe.es\/index.php?rest_route=\/wp\/v2\/posts"}],"about":[{"href":"https:\/\/miradordeatarfe.es\/index.php?rest_route=\/wp\/v2\/types\/post"}],"author":[{"embeddable":true,"href":"https:\/\/miradordeatarfe.es\/index.php?rest_route=\/wp\/v2\/users\/1"}],"replies":[{"embeddable":true,"href":"https:\/\/miradordeatarfe.es\/index.php?rest_route=%2Fwp%2Fv2%2Fcomments&post=39314"}],"version-history":[{"count":3,"href":"https:\/\/miradordeatarfe.es\/index.php?rest_route=\/wp\/v2\/posts\/39314\/revisions"}],"predecessor-version":[{"id":39318,"href":"https:\/\/miradordeatarfe.es\/index.php?rest_route=\/wp\/v2\/posts\/39314\/revisions\/39318"}],"wp:featuredmedia":[{"embeddable":true,"href":"https:\/\/miradordeatarfe.es\/index.php?rest_route=\/wp\/v2\/media\/39311"}],"wp:attachment":[{"href":"https:\/\/miradordeatarfe.es\/index.php?rest_route=%2Fwp%2Fv2%2Fmedia&parent=39314"}],"wp:term":[{"taxonomy":"category","embeddable":true,"href":"https:\/\/miradordeatarfe.es\/index.php?rest_route=%2Fwp%2Fv2%2Fcategories&post=39314"},{"taxonomy":"post_tag","embeddable":true,"href":"https:\/\/miradordeatarfe.es\/index.php?rest_route=%2Fwp%2Fv2%2Ftags&post=39314"}],"curies":[{"name":"wp","href":"https:\/\/api.w.org\/{rel}","templated":true}]}}