{"id":39329,"date":"2020-04-27T08:24:34","date_gmt":"2020-04-27T06:24:34","guid":{"rendered":"http:\/\/miradordeatarfe.es\/?p=39329"},"modified":"2020-04-24T17:13:10","modified_gmt":"2020-04-24T15:13:10","slug":"textil-asi-se-comprara-ropa-tras-el-covid-con-guantes-y-de-uno-en-uno-en-los-probadores","status":"publish","type":"post","link":"https:\/\/miradordeatarfe.es\/?p=39329","title":{"rendered":"Textil:  As\u00ed se comprar\u00e1 ropa tras el Covid, con guantes y de uno en uno en los probadores"},"content":{"rendered":"<header id=\"articulo-encabezado\" class=\"articulo-encabezado \">\n<aside id=\"compartir_superior\" class=\"compartir\">\n<div class=\"compartir__interior\">\u00a0<\/div>\n<\/aside>\n<\/header>\n<div id=\"articulo__contenedor\" class=\"articulo__contenedor\">\n<div id=\"cuerpo_noticia\" class=\"articulo-cuerpo\">\n<h2 class=\"articulo-subtitulo\" style=\"text-align: justify;\">Mango y Desigual reabren tiendas en Europa con medidas que llegar\u00e1n a Espa\u00f1a<\/h2>\n<p style=\"text-align: justify;\"><a href=\"https:\/\/cincodias.elpais.com\/cincodias\/2020\/04\/20\/companias\/1587374810_766587.html\">Mango<\/a> y <a href=\"https:\/\/cincodias.elpais.com\/cincodias\/2020\/04\/20\/companias\/1587404237_546802.html\">Desigual<\/a> son los primeros operadores espa\u00f1oles del comercio textil en empezar a levantar la persiana de alguna de sus tiendas, sobre todo en el norte de Europa, donde empiezan a aflojar las restricciones al funcionamiento de los comercios. No es el caso de Espa\u00f1a, donde el sector mira a junio como fecha como para poder empezar a hacerlo.<\/p>\n<p style=\"text-align: justify;\">Sin embargo, esa relativa vuelta a la normalidad en estas dos firmas viene acompa\u00f1ada de medidas de higiene y seguridad con las que los consumidores deber\u00e1n ir acostumbr\u00e1ndose, tambi\u00e9n cuando lleguen a Espa\u00f1a, al igual que ha ocurrido en el sector de los supermercados. Los operadores del sector textil vienen trabajando desde hace semanas en los protocolos que deber\u00e1n seguir cuando puedan abrir, e incluso interpelando al Gobierno central a que les especifique todos aquellos aspectos que deber\u00e1n garantizar para garantizar la seguridad de clientes y trabajadores.<\/p>\n<p style=\"text-align: justify;\">En los casos de Mango y Desigual, las medidas implantadas se pueden resumir en tres \u00e1mbitos: restricciones al aforo; equipamiento de seguridad para empleados y tambi\u00e9n para clientes; y edidas extraordinarias en un punto clave de estas tiendas: los probadores. As\u00ed se comprar\u00e1 ropa en la era post-Covid.<\/p>\n<\/div>\n<\/div>\n","protected":false},"excerpt":{"rendered":"<p>\u00a0 Mango y Desigual reabren tiendas en Europa con medidas que llegar\u00e1n a Espa\u00f1a Mango&#8230;<\/p>\n","protected":false},"author":1,"featured_media":0,"comment_status":"closed","ping_status":"closed","sticky":false,"template":"","format":"standard","meta":{"_coblocks_attr":"","_coblocks_dimensions":"","_coblocks_responsive_height":"","_coblocks_accordion_ie_support":"","jetpack_post_was_ever_published":false,"_jetpack_newsletter_access":"","_jetpack_dont_email_post_to_subs":false,"_jetpack_newsletter_tier_id":0,"_jetpack_memberships_contains_paywalled_content":false,"_jetpack_memberships_contains_paid_content":false,"footnotes":"","jetpack_publicize_message":"","jetpack_publicize_feature_enabled":true,"jetpack_social_post_already_shared":false,"jetpack_social_options":{"image_generator_settings":{"template":"highway","default_image_id":0,"enabled":false},"version":2}},"categories":[1161,7149,44,6937,15],"tags":[2115],"class_list":["post-39329","post","type-post","status-publish","format-standard","hentry","category-ciudadania","category-coronavirus","category-noticias-de-hoy","category-sociedad","category-ultimas-noticias","tag-textil"],"jetpack_publicize_connections":[],"jetpack_featured_media_url":"","jetpack_likes_enabled":true,"jetpack_sharing_enabled":true,"_links":{"self":[{"href":"https:\/\/miradordeatarfe.es\/index.php?rest_route=\/wp\/v2\/posts\/39329","targetHints":{"allow":["GET"]}}],"collection":[{"href":"https:\/\/miradordeatarfe.es\/index.php?rest_route=\/wp\/v2\/posts"}],"about":[{"href":"https:\/\/miradordeatarfe.es\/index.php?rest_route=\/wp\/v2\/types\/post"}],"author":[{"embeddable":true,"href":"https:\/\/miradordeatarfe.es\/index.php?rest_route=\/wp\/v2\/users\/1"}],"replies":[{"embeddable":true,"href":"https:\/\/miradordeatarfe.es\/index.php?rest_route=%2Fwp%2Fv2%2Fcomments&post=39329"}],"version-history":[{"count":3,"href":"https:\/\/miradordeatarfe.es\/index.php?rest_route=\/wp\/v2\/posts\/39329\/revisions"}],"predecessor-version":[{"id":39332,"href":"https:\/\/miradordeatarfe.es\/index.php?rest_route=\/wp\/v2\/posts\/39329\/revisions\/39332"}],"wp:attachment":[{"href":"https:\/\/miradordeatarfe.es\/index.php?rest_route=%2Fwp%2Fv2%2Fmedia&parent=39329"}],"wp:term":[{"taxonomy":"category","embeddable":true,"href":"https:\/\/miradordeatarfe.es\/index.php?rest_route=%2Fwp%2Fv2%2Fcategories&post=39329"},{"taxonomy":"post_tag","embeddable":true,"href":"https:\/\/miradordeatarfe.es\/index.php?rest_route=%2Fwp%2Fv2%2Ftags&post=39329"}],"curies":[{"name":"wp","href":"https:\/\/api.w.org\/{rel}","templated":true}]}}