{"id":39348,"date":"2020-04-25T10:18:05","date_gmt":"2020-04-25T08:18:05","guid":{"rendered":"http:\/\/miradordeatarfe.es\/?p=39348"},"modified":"2020-04-22T20:22:33","modified_gmt":"2020-04-22T18:22:33","slug":"hoy-me-toca-denunciar-y-os-pido-vuestra-ayuda-por-juan-carlos-garcia-de-los-reyes","status":"publish","type":"post","link":"https:\/\/miradordeatarfe.es\/?p=39348","title":{"rendered":"\u00abHOY ME TOCA DENUNCIAR Y OS PIDO VUESTRA AYUDA\u00bb por Juan Carlos Garc\u00eda de los Reyes"},"content":{"rendered":"<div class=\"itemBody\">\n<div class=\"itemFullText\">\n<h3 style=\"text-align: justify;\">Me siento abochornado e indignado\u2026 y, aunque lo lamento, hoy no voy a hablaros en clave positiva ni voy a poder reflexionar para vosotros sobre alg\u00fan excelente proyecto\u2026 No, hoy no podr\u00e9 porque me siento en la obligaci\u00f3n moral de decir \u00a1BASTA YA! Y quiero reclamar vuestra solidaridad y vuestra ayuda.<\/h3>\n<p><img data-recalc-dims=\"1\" decoding=\"async\" src=\"https:\/\/i0.wp.com\/laciudadcomprometida.eu\/images\/BLOG_SOCIEDAD\/OOOOOOOOOOOOOOOOOOOOOOOO.JPG?w=640&#038;ssl=1\" alt=\"OOOOOOOOOOOOOOOOOOOOOOOO\" \/><\/p>\n<p style=\"text-align: justify;\">As\u00ed pues, hoy La Ciudad Comprometida se va a salir de su l\u00ednea proactiva para DENUNCIAR que por en\u00e9sima vez el Dr. Candel, alias Spiriman, a trav\u00e9s de un v\u00eddeo xen\u00f3fobo, lleno de malos modos, abusos, inmundicias, mentiras, ofensas soeces e insultos ha elegido un blanco f\u00e1cil (el Dr. Jos\u00e9 Exp\u00f3sito Hern\u00e1ndez) para seguir en su espiral destructiva que le llevar\u00e1 \u00a0a no s\u00e9 d\u00f3nde\u2026 pero que a todos nosotros, si nos callamos y lo consentimos, si s\u00e9 que nos har\u00e1 peores\u2026<\/p>\n<p style=\"text-align: justify;\">En este caso habla, o m\u00e1s bien vocifera, sobre el Dr. Pepe Exp\u00f3sito en su video <strong><em>\u00abEsto, o lo arreglamos nosotros&#8230;\u00bb<\/em><\/strong> que podr\u00e9is sufrir sonrojados a trav\u00e9s del siguiente enlace: <a href=\"https:\/\/www.youtube.com\/watch?v=GR0kMAAeI98\">https:\/\/www.youtube.com\/watch?v=GR0kMAAeI98<\/a><\/p>\n<p style=\"text-align: justify;\">Creo que no es necesario gastar demasiada elocuencia para calificar al mal ciudadano Candel, desde luego nada comprometido, que metido en su disfraz de salvapatrias nos muestra precisamente hacia donde no debemos caminar\u2026 Porque nuestra sociedad ni quiere ni necesita gente como\u00a0 \u00e9l que para argumentar necesitan destruir, que para ser escuchados solo saben sacar vilezas de sus entra\u00f1as\u2026<\/p>\n<p style=\"text-align: justify;\">Y por eso creo que el mejor ant\u00eddoto ante tanto desatino ser\u00e1 que siga aflorando lo mejor de nuestra condici\u00f3n humana y qu\u00e9 mejor para esta ocasi\u00f3n que recordar aquellas maravillosas palabras que nos leg\u00f3 el admirado profesor D. Joaqu\u00edn Ruiz Jim\u00e9nez en la editorial de su hist\u00f3rico primer n\u00ba de los CUADERNOS PARA EL DI\u00c1LOGO:<\/p>\n<p style=\"text-align: justify;\"><em>\u201cS\u00f3lo tres cualidades se exigen para lograr presencia activa en estas p\u00e1ginas: un mutuo respeto personal, una alerta sensibilidad para todos los valores que dan sentido y nobleza a la vida humana, y un com\u00fan af\u00e1n de construir un mundo m\u00e1s libre, m\u00e1s solidario y m\u00e1s justo.\u201d<\/em><\/p>\n<p style=\"text-align: justify;\">As\u00ed pues, queridos amigos de La Ciudad Comprometida, os propongo que sin necesidad de entrar al trapo ni de mayores exabruptos proced\u00e1is as\u00ed:<\/p>\n<p style=\"text-align: justify;\">&#8211;\u00a0\u00a0\u00a0\u00a0\u00a0\u00a0\u00a0\u00a0\u00a0 calificando este v\u00eddeo con un NO ME GUSTA, y<\/p>\n<p style=\"text-align: justify;\">&#8211;\u00a0\u00a0\u00a0\u00a0\u00a0\u00a0\u00a0\u00a0\u00a0 DENUNCIANDOLO ante Youtube por su INCITACI\u00d3N AL ODIO (pulsar en los puntos suspensivos debajo pantalla video).<\/p>\n<p style=\"text-align: justify;\">Vaya esta reflexi\u00f3n at\u00edpica de La Ciudad Comprometida a modo de sencilla muestra de cari\u00f1o, de solidaridad y de respeto hacia Pepe Exp\u00f3sito, una de las personas m\u00e1s maravillosas que conozco y uno de los profesionales m\u00e1s serios, humanos y responsables con los que me he cruzado.<\/p>\n<p style=\"text-align: justify;\">\u00a1Ah! Y si lo consider\u00e1is pertinente, pues compartidlo con otros conocidos.<\/p>\n<p style=\"text-align: justify;\">Campa\u00f1a en Change.org: <a href=\"https:\/\/www.change.org\/p\/fiscal%C3%ADa-de-granada-servicio-andaluz-de-salud-colegio-de-m%C3%A9dicos-de-granada-pedimos-que-la-fiscal%C3%ADa-de-granada-act%C3%BAe-de-oficio-contra-spiriman-jes%C3%BAs-candel\">https:\/\/www.change.org\/p\/fiscal%C3%ADa-de-<\/a><\/p>\n<p style=\"text-align: justify;\"><a href=\"https:\/\/www.change.org\/p\/fiscal%C3%ADa-de-granada-servicio-andaluz-de-salud-colegio-de-m%C3%A9dicos-de-granada-pedimos-que-la-fiscal%C3%ADa-de-granada-act%C3%BAe-de-oficio-contra-spiriman-jes%C3%BAs-candel\">granada-servicio-andaluz-de-salud-colegio-de-m%C3%A9dicos-de-granada-pedimos-que-la-fiscal%C3%ADa-de-granada-act%C3%BAe-de-oficio-contra-spiriman-jes%C3%BAs-candel<\/a><\/p>\n<\/div>\n<\/div>\n","protected":false},"excerpt":{"rendered":"<p>Me siento abochornado e indignado\u2026 y, aunque lo lamento, hoy no voy a hablaros en&#8230;<\/p>\n","protected":false},"author":1,"featured_media":39349,"comment_status":"closed","ping_status":"closed","sticky":false,"template":"","format":"standard","meta":{"_coblocks_attr":"","_coblocks_dimensions":"","_coblocks_responsive_height":"","_coblocks_accordion_ie_support":"","jetpack_post_was_ever_published":false,"_jetpack_newsletter_access":"","_jetpack_dont_email_post_to_subs":false,"_jetpack_newsletter_tier_id":0,"_jetpack_memberships_contains_paywalled_content":false,"_jetpack_memberships_contains_paid_content":false,"footnotes":"","jetpack_publicize_message":"","jetpack_publicize_feature_enabled":true,"jetpack_social_post_already_shared":false,"jetpack_social_options":{"image_generator_settings":{"template":"highway","default_image_id":0,"enabled":false},"version":2}},"categories":[1161,44,15],"tags":[2836,7266],"class_list":["post-39348","post","type-post","status-publish","format-standard","has-post-thumbnail","hentry","category-ciudadania","category-noticias-de-hoy","category-ultimas-noticias","tag-medico","tag-spirimam"],"jetpack_publicize_connections":[],"jetpack_featured_media_url":"https:\/\/i0.wp.com\/miradordeatarfe.es\/wp-content\/uploads\/2020\/04\/riGeFOAaPvfdJXj-800x450-noPad.jpg?fit=311%2C162&ssl=1","jetpack_likes_enabled":true,"jetpack_sharing_enabled":true,"_links":{"self":[{"href":"https:\/\/miradordeatarfe.es\/index.php?rest_route=\/wp\/v2\/posts\/39348","targetHints":{"allow":["GET"]}}],"collection":[{"href":"https:\/\/miradordeatarfe.es\/index.php?rest_route=\/wp\/v2\/posts"}],"about":[{"href":"https:\/\/miradordeatarfe.es\/index.php?rest_route=\/wp\/v2\/types\/post"}],"author":[{"embeddable":true,"href":"https:\/\/miradordeatarfe.es\/index.php?rest_route=\/wp\/v2\/users\/1"}],"replies":[{"embeddable":true,"href":"https:\/\/miradordeatarfe.es\/index.php?rest_route=%2Fwp%2Fv2%2Fcomments&post=39348"}],"version-history":[{"count":1,"href":"https:\/\/miradordeatarfe.es\/index.php?rest_route=\/wp\/v2\/posts\/39348\/revisions"}],"predecessor-version":[{"id":39350,"href":"https:\/\/miradordeatarfe.es\/index.php?rest_route=\/wp\/v2\/posts\/39348\/revisions\/39350"}],"wp:featuredmedia":[{"embeddable":true,"href":"https:\/\/miradordeatarfe.es\/index.php?rest_route=\/wp\/v2\/media\/39349"}],"wp:attachment":[{"href":"https:\/\/miradordeatarfe.es\/index.php?rest_route=%2Fwp%2Fv2%2Fmedia&parent=39348"}],"wp:term":[{"taxonomy":"category","embeddable":true,"href":"https:\/\/miradordeatarfe.es\/index.php?rest_route=%2Fwp%2Fv2%2Fcategories&post=39348"},{"taxonomy":"post_tag","embeddable":true,"href":"https:\/\/miradordeatarfe.es\/index.php?rest_route=%2Fwp%2Fv2%2Ftags&post=39348"}],"curies":[{"name":"wp","href":"https:\/\/api.w.org\/{rel}","templated":true}]}}