{"id":3937,"date":"2015-10-08T07:26:09","date_gmt":"2015-10-08T07:26:09","guid":{"rendered":"http:\/\/miradordeatarfe.es\/?p=3937"},"modified":"2015-10-09T08:05:04","modified_gmt":"2015-10-09T08:05:04","slug":"los-deberes-un-suplicio-para-padres-y-alumnos","status":"publish","type":"post","link":"https:\/\/miradordeatarfe.es\/?p=3937","title":{"rendered":"LOS DEBERES: UN SUPLICIO PARA PADRES Y ALUMNOS"},"content":{"rendered":"<div class=\"entradilla\">Toda la vida los deberes en casa han sido parte del programa de estudios de cualquier escolar, pero, de un tiempo a esta parte, arrecian las cr\u00edticas por la excesiva cantidad y dificultad de los deberes, que dejan al ni\u00f1o sin tiempo para jugar y a los padres con la obligaci\u00f3n de ayudar a sus hijos porque son incapaces de hacerlos ellos solos.<\/div>\n<p><!--more--><\/p>\n<p><strong>Los deberes escolares<\/strong> han existido siempre y ayudan en la formaci\u00f3n de nuestros hijos. Al hacer los deberes, los ni\u00f1os aprenden a leer de forma comprensiva y a seguir instrucciones de manera independiente. Tambi\u00e9n entienden c\u00f3mo distribuir y organizarse el tiempo o a presentar correctamente los trabajos y dar lo m\u00e1ximo de s\u00ed mismos. Los deberes ayudan a los ni\u00f1os a desarrollar un sentido de responsabilidad y de orgullo por el trabajo bien hecho. Aprenden una \u00e9tica del trabajo que les beneficiar\u00e1 no s\u00f3lo en los estudios, sino durante toda su vida adulta.<br \/>\nEl problema estriba en que, a lo largo de esta \u00faltima d\u00e9cada, <strong>la dedicaci\u00f3n diaria a los deberes escolares de los estudiantes de primaria ha ido creciendo<\/strong>. Mientras los alumnos que dedicaban menos de una hora a esas tareas disminuyeron del 37% al 20%; los que empleaban entre una y dos horas, aumentaron del 40% al 48% y el n\u00famero de los que estaban m\u00e1s de dos horas haciendo deberes se han incrementado desde el 23% a un excesivo 32%.<br \/>\nLa<strong> CEAPA<\/strong>, una de las asociaciones de padres con mayor presencia en Espa\u00f1a, ha denunciado en varias ocasiones lo excesiva que resulta esta situaci\u00f3n para padres y alumnos. Afirma que este proceso se debe al <strong>fracaso del sistema educativo actual<\/strong>, que est\u00e1 pensado para crear estudiantes competitivos que se sientan culpables si fracasan en esa excelencia que se les est\u00e1 imponiendo desde muy peque\u00f1os. Los propios alumnos manifiestan que la ense\u00f1anza en las aulas resulta poco motivadora y pr\u00e1ctica. No encuentran sentido a que, en pleno siglo XXI, el libro de texto y el aprendizaje memor\u00edstico sean las bases de un <strong>sistema educativo alejado de la realidad y falto de competitividad<\/strong> como demuestran los <strong>informes PISA<\/strong>, que, a\u00f1o tras a\u00f1o, punt\u00faan a nuestros alumnos por debajo de la media de los pa\u00edses occidentales.<br \/>\nAnte esto, s\u00f3lo cabe la reforma del curr\u00edculum educativo con vistas a <strong>una ense\u00f1anza m\u00e1s motivadora, pr\u00e1ctica<\/strong> y centrada en dotar a los alumnos de competencias b\u00e1sicas propias de estos tiempos y con una formaci\u00f3n del profesorado adecuada en este sentido. En esta misma l\u00ednea,<strong> los deberes s\u00f3lo deben ser una formaci\u00f3n complementaria, que los peque\u00f1os puedan encarar en poco tiempo y sin ayuda de una persona adulta.<\/strong><br \/>\nDesde <strong>encuestamos.com<\/strong> hemos querido plantear esta problem\u00e1tica a ciudadanos de diferentes, edades, procedencia y perfiles sociales para conocer su opini\u00f3n respecto de los deberes escolares. Los votos se dividen en tres tendencias. Por un lado, los que acuden a su memoria y opinan que, en realidad, <strong>los deberes actuales son pocos, el 21\u20193 %<\/strong> de los encuestados, dado que en su \u00e9poca ten\u00edan que hacer m\u00e1s. Por otra parte, los que conf\u00edan en el sistema, un buen <strong>28\u20199 %<\/strong>, que afirma que <strong>son los suficientes para la formaci\u00f3n de los alumnos.<\/strong> Y por \u00faltimo, el grupo mayoritario, un numeroso <strong>49\u20198 %<\/strong> de los espa\u00f1oles, que mantiene que <strong>los deberes en la actualidad son excesivos<\/strong> y los ni\u00f1os apenas tienen tiempo para hacerlos.<\/p>\n<p>Al realizar la habitual <strong>segmentaci\u00f3n en funci\u00f3n del sexo<\/strong>, podemos constatar que<strong> las mujeres<\/strong>, muchas de ellas madres, son m\u00e1s protectoras con los alumnos y se decantan de forma categ\u00f3rica, un cuantioso <strong>54\u20196 %<\/strong>, por la alternativa que califica los deberes actuales de ser <strong>tan excesivos que apenas dejan tiempo a los peque\u00f1os para jugar o hacer otras cosas.<\/strong><br \/>\n<strong>Los hombres<\/strong> se muestran un poco m\u00e1s duros y al menos<strong> uno de cada cuatro<\/strong> conserva el recuerdo de que <strong>los deberes de su \u00e9poca eran superiores en cantidad y dureza, por lo que opinan que los de hoy en d\u00eda son pocos.<\/strong><\/p>\n<p>Podemos afirmar, sin temor a equivocarnos, que la percepci\u00f3n generalizada sobre<strong> los deberes<\/strong> de nuestros hijos es que cada vez son mayores y que habr\u00eda que buscar un sistema para lograr una <strong>conciliaci\u00f3n<\/strong> entre la complementaci\u00f3n de los estudios escolares en el hogar y el ocio y el descanso de los ni\u00f1os.<\/p>\n<p>PUBLICADO EN :\u00a0<a href=\"http:\/\/www.encuestamos.com\/los-deberes-un-suplicio-para-padres-y-alumnos\/\">http:\/\/www.encuestamos.com\/los-deberes-un-suplicio-para-padres-y-alumnos\/<\/a><\/p>\n","protected":false},"excerpt":{"rendered":"<p>Toda la vida los deberes en casa han sido parte del programa de estudios de&#8230;<\/p>\n","protected":false},"author":1,"featured_media":3938,"comment_status":"closed","ping_status":"closed","sticky":false,"template":"","format":"standard","meta":{"_coblocks_attr":"","_coblocks_dimensions":"","_coblocks_responsive_height":"","_coblocks_accordion_ie_support":"","jetpack_post_was_ever_published":false,"_jetpack_newsletter_access":"","_jetpack_dont_email_post_to_subs":false,"_jetpack_newsletter_tier_id":0,"_jetpack_memberships_contains_paywalled_content":false,"_jetpack_memberships_contains_paid_content":false,"footnotes":"","jetpack_publicize_message":"","jetpack_publicize_feature_enabled":true,"jetpack_social_post_already_shared":false,"jetpack_social_options":{"image_generator_settings":{"template":"highway","default_image_id":0,"enabled":false},"version":2}},"categories":[187,9,15],"tags":[1430,1429,415],"class_list":["post-3937","post","type-post","status-publish","format-standard","has-post-thumbnail","hentry","category-centros-educativos","category-medio-ambiente","category-ultimas-noticias","tag-carga-familiar","tag-conciliacion-familiar","tag-deberes"],"jetpack_publicize_connections":[],"jetpack_featured_media_url":"https:\/\/i0.wp.com\/miradordeatarfe.es\/wp-content\/uploads\/2015\/10\/deberes-1200x425.jpg?fit=1200%2C425&ssl=1","jetpack_likes_enabled":true,"jetpack_sharing_enabled":true,"_links":{"self":[{"href":"https:\/\/miradordeatarfe.es\/index.php?rest_route=\/wp\/v2\/posts\/3937","targetHints":{"allow":["GET"]}}],"collection":[{"href":"https:\/\/miradordeatarfe.es\/index.php?rest_route=\/wp\/v2\/posts"}],"about":[{"href":"https:\/\/miradordeatarfe.es\/index.php?rest_route=\/wp\/v2\/types\/post"}],"author":[{"embeddable":true,"href":"https:\/\/miradordeatarfe.es\/index.php?rest_route=\/wp\/v2\/users\/1"}],"replies":[{"embeddable":true,"href":"https:\/\/miradordeatarfe.es\/index.php?rest_route=%2Fwp%2Fv2%2Fcomments&post=3937"}],"version-history":[{"count":1,"href":"https:\/\/miradordeatarfe.es\/index.php?rest_route=\/wp\/v2\/posts\/3937\/revisions"}],"predecessor-version":[{"id":3939,"href":"https:\/\/miradordeatarfe.es\/index.php?rest_route=\/wp\/v2\/posts\/3937\/revisions\/3939"}],"wp:featuredmedia":[{"embeddable":true,"href":"https:\/\/miradordeatarfe.es\/index.php?rest_route=\/wp\/v2\/media\/3938"}],"wp:attachment":[{"href":"https:\/\/miradordeatarfe.es\/index.php?rest_route=%2Fwp%2Fv2%2Fmedia&parent=3937"}],"wp:term":[{"taxonomy":"category","embeddable":true,"href":"https:\/\/miradordeatarfe.es\/index.php?rest_route=%2Fwp%2Fv2%2Fcategories&post=3937"},{"taxonomy":"post_tag","embeddable":true,"href":"https:\/\/miradordeatarfe.es\/index.php?rest_route=%2Fwp%2Fv2%2Ftags&post=3937"}],"curies":[{"name":"wp","href":"https:\/\/api.w.org\/{rel}","templated":true}]}}