{"id":39417,"date":"2020-04-27T11:34:13","date_gmt":"2020-04-27T09:34:13","guid":{"rendered":"http:\/\/miradordeatarfe.es\/?p=39417"},"modified":"2020-05-27T11:39:18","modified_gmt":"2020-05-27T09:39:18","slug":"la-vida-social-en-atarfe-por-f-l-rajoy-varela","status":"publish","type":"post","link":"https:\/\/miradordeatarfe.es\/?p=39417","title":{"rendered":"\u00abLA VIDA SOCIAL EN ATARFE\u00bb por F.L Rajoy Varela"},"content":{"rendered":"<h4 align=\"JUSTIFY\">Acompa\u00f1o al presente art\u00edculo una foto t\u00edpica de las verbenas que se celebraban en aquellos a\u00f1os durante las fiestas. Corresponde a Paquito Rodr\u00edguez con Los Megatones. Al lado de Paquito y a la guitarra el\u00e9ctrica est\u00e1 mi padre, a su lado y a la trompeta Daniel Porras y detr\u00e1s de Paquito, Pepe el del Cortijo las Monjas a la bater\u00eda.<\/h4>\n<p align=\"JUSTIFY\">El recuerdo de aquellos a\u00f1os son fotos desva\u00eddas en blanco y negro con la m\u00fasica del No-Do como fondo. No obstante, si uno recuerda las canciones de aquella \u00e9poca reflejan el estado de \u00e1nimo de la gente y hab\u00eda ilusi\u00f3n, romanticismo y ganas de vivir. \u00bfC\u00f3mo era la forma de vivir en aquellos a\u00f1os? Entre semana la gente estaba en sus ocupaciones y al t\u00e9rmino de la jornada laboral, hab\u00eda la costumbre entre los hombres de reunirse en tabernas y bares hasta la hora de la cena, mientras las mujeres permanec\u00edan en casa con los hijos. Las tertulias de las mujeres ten\u00edan lugar durante la ma\u00f1ana al encontrarse en el mercado, o en las tiendas de comestibles o en las carnicer\u00edas preferentemente.<\/p>\n<p align=\"JUSTIFY\">El d\u00eda especial era el domingo, entonces la gente se vest\u00eda para la ocasi\u00f3n. Por las ma\u00f1anas, para desayunar, se iba a comprar los churros de la Triana en su puesto del Callej\u00f3n del Aire. Tambi\u00e9n se desayunaba con bollos de aceite o tortas de manteca de los hornos de Bienvenido, V\u00edlchez o Paco de las Prudencias por citar algunos. A mediod\u00eda se acud\u00eda a misa principal y tambi\u00e9n era costumbre la misa de la tarde donde cantaba el coro de Trinidad Jimena. Los hombres sol\u00edan hacer corrillos de tertulias en los bares del Chicote, el Feo, los Tres Amigos, el Casino o el Pe\u00f1a.<\/p>\n<p align=\"JUSTIFY\">El almuerzo de ese d\u00eda en casa, por aquel entonces en el pueblo no hab\u00eda restaurantes, tambi\u00e9n era especial, filete de ternera con patatas o arroz o pollo.<\/p>\n<p align=\"JUSTIFY\">Por la tarde la \u00fanica diversi\u00f3n era pasear por la calle Real o ir al cine. Hubo una \u00e9poca en que coexistieron dos cines, el de \u00c1lvaro, no muy c\u00f3moda la sala de invierno y la que mejor funcionaba era la de verano. Pero sin duda el mejor acondicionado era el Ideal Cinema o el cine de Ben\u00edtez, con calefacci\u00f3n, butacas c\u00f3modas y la ventaja de que era una sala en pendiente con lo cual no estorbaba la visi\u00f3n el que se sentaba en la butaca delantera. Y la proyecci\u00f3n de pel\u00edculas de estreno estaba bastante al d\u00eda, no extra\u00f1a que al final cerrara el cine de \u00c1lvaro y quedara como \u00fanico el de Ben\u00edtez que tambi\u00e9n dispon\u00eda de sala de verano. Estos recuerdos de tardes de cine vienen acompa\u00f1ados de la m\u00fasica de fondo del cric-crac de las pipas. Y tambi\u00e9n recuerdo las obras de arte que eran los carteles que anunciaban las pel\u00edculas y los programas de mano. Y c\u00f3mo no recordar el furor que produc\u00eda a nuestros padres las pel\u00edculas de Sara Montiel y la calificaci\u00f3n moral que la censura otorgaba a las pel\u00edculas de entonces, un 3 para mayores de 18, 3R mayores de 18 a\u00f1os con reparos, 4 gravemente peligrosa, personas de s\u00f3lida formaci\u00f3n. Las carteleras de pel\u00edculas se exhib\u00edan una en la propia puerta del cine, otra se ubicaba en la fachada del Casino junto al bar los Tres Amigos y la tercera en la fachada del Chicote.<\/p>\n<p align=\"JUSTIFY\">Aunque la vida era bastante mon\u00f3tona y rutinaria, se hac\u00eda a\u00fan m\u00e1s en verano, no s\u00f3lo por el calor que te obligaba a permanecer m\u00e1s hora en casa y el \u00fanico aliciente era leer tebeos y poco m\u00e1s. Por la tarde, cuando refrescaba, sol\u00edas juntarte con los amigos del barrio a jugar o bien en la calle o en las eras. Por las noches despu\u00e9s de cenar era costumbre sacar las sillas a la calle y hacer tertulias con los vecinos. Tuve la suerte del vivir enfrente de la taberna, Antonio sacaba el televisor a la calle y ve\u00eda los programas de televisi\u00f3n que estaban de moda en aquella \u00e9poca. La playa quedaba lejos y era tambi\u00e9n un lujo al alcance de muy pocos y la piscina de Pepe Baca vino un poco m\u00e1s tarde.<\/p>\n<p align=\"JUSTIFY\">Antes comentaba que la gente sol\u00eda pasear por la calle Real y ah\u00ed se gestaron muchos noviazgos y posteriores matrimonios. El protocolo consist\u00eda en acercarse a la muchacha, arrimarse se dec\u00eda y si te aceptaba cuando transcurr\u00eda un tiempo prudencial, se sol\u00eda pedir la entrada al padre y se formalizaba la relaci\u00f3n. Quiero hacer una peque\u00f1a observaci\u00f3n que indica el car\u00e1cter especial de los atarfe\u00f1os y que cuesta entender. Cuando se entablaba relaci\u00f3n con una muchacha, no bastaba con su aceptaci\u00f3n, sino que, si a su familia no le gustaba la familia del muchacho, sin ning\u00fan motivo fundamentado le forzaba a abortar dicha relaci\u00f3n. Algo en realidad dif\u00edcil de entender.<\/p>\n<p align=\"JUSTIFY\">Acontecimientos sociales como cumplea\u00f1os eran inexistentes y bodas, bautizos y comuniones, eran ceremonias muy sencillas en su celebraci\u00f3n y nada comparable con el derroche de hoy d\u00eda.<\/p>\n<p align=\"JUSTIFY\">En cuanto a actividades sociales y de ocio, mencionar las excursiones y meriendas en las madres del Rao cuando hac\u00eda buen tiempo, eran una delicia. Aparte del cine, las discotecas o salas de fiestas, aparecieron un poco m\u00e1s tarde, recuerdo el primer suced\u00e1neo en una sala que hab\u00eda enfrente de la terraza del cine de Ben\u00edtez. All\u00ed dieron sus primeros pasos profesionales los Sony Black, luego conocidos como Realidad, la formaci\u00f3n inicial era Juan de Dios el del Jab\u00f3n, Vicente Rami\u00f3n, Pepito Espigares y Pepe el Tropez\u00f3n. En realidad, era un sal\u00f3n de baile. Despu\u00e9s en el mismo local, Alberto Pit\u00ed mont\u00f3 la primera discoteca que hubo en Atarfe y se llamaba Sanjesm\u00f3n. Dur\u00f3 un tiempo y despu\u00e9s Julio mont\u00f3 enfrente del cine la discoteca la Junquera.<\/p>\n<p align=\"JUSTIFY\">He dejado para el final la celebraci\u00f3n de nuestras fiestas patronales, hubo unos a\u00f1os que aparte de las de Santiago y Santa Ana, tambi\u00e9n se celebraban las festas de septiembre, a principios de mes. Eran fiestas en que se tiraba la casa por la ventana, se estrenaban vestidos y trajes nuevos. En la plaza del Ayuntamiento Pepe Barranco cerraba la plaza con tablones de madera y all\u00ed se celebraba la verbena con actuaciones de dos orquestas, una la de Paquito Rodr\u00edguez y los Megatones y la orquesta Bah\u00eda. Hubo intentos de celebrar otra verbena en la Plaza de la Iglesia, pero duraron un par de a\u00f1os. Donde si llegaron a celebrarse verbenas alternativas, fue en la terraza del cine de Ben\u00edtez. All\u00ed lleg\u00f3 a actuar el D\u00fao Din\u00e1mico cuando estaban en pleno apogeo. Y qu\u00e9 decir m\u00e1s, aquellas verbenas eran aut\u00e9nticos acontecimientos sociales llenos de alegr\u00eda colectiva. Se instalaban casetas a lo largo de la calle Real, de tiro, de comida, de t\u00f3mbola, etc. Se extend\u00edan desde la plaza del Chicote hasta la entrada del Paseo de Santa Ana y desde aqu\u00ed hasta el final del Paseo se ubicaban los columpios y otras atracciones. Por la ma\u00f1ana hab\u00eda desfile de gigante y cabezudos acompa\u00f1ados de una charanga de cornetas y tambores y por las tardes, competiciones de tiro al plato, partidos de f\u00fatbol, cuca\u00f1as, carreras de sacos, carreras de bicicletas para ensartar cintas sujetas en un travesa\u00f1o y corridas de toros. Recuerdo como en las eras se improvisaba una plaza de toros con carros colocados en forma circular y se celebraba una novillada. Otros a\u00f1os y de forma m\u00e1s seria y profesional, se mont\u00f3 una plaza de toros port\u00e1til que se ubic\u00f3 donde estaba o est\u00e1 la casa de las Marquesas y enfrente del Centro Cultural. Por entonces aquella zona era campo al lado de una acequia. All\u00ed torearon figuras punteras del toreo de aquella \u00e9poca. Las fiestas acababan con fuegos artificiales y traca final.<\/p>\n<p align=\"JUSTIFY\">NACIMIENTO<\/p>\n<p align=\"JUSTIFY\">Atardecer de primavera,<\/p>\n<p align=\"JUSTIFY\">rumores en la alameda.<\/p>\n<p align=\"JUSTIFY\">Sobre la tierra h\u00fameda y fresca,<\/p>\n<p align=\"JUSTIFY\">el viento peina la cabellera de la hierba.<\/p>\n<p align=\"JUSTIFY\">Murmullo de silencio entre las hojas de las choperas.<\/p>\n<p align=\"JUSTIFY\">La tenue luz del ocaso, se filtra callada,<\/p>\n<p align=\"JUSTIFY\">como ansioso amante por el lecho de la Vega.<\/p>\n<p align=\"JUSTIFY\">Sus p\u00e1lidos rayos como finos hilos de plata,<\/p>\n<p align=\"JUSTIFY\">a pozas y riachuelos, amansan, aquietan y blanquean.<\/p>\n<p align=\"JUSTIFY\">El ocaso, con sus tonos rojos, naranjas, amarillos y violeta<\/p>\n<p align=\"JUSTIFY\">dibujan un cuadro de la Vega de singular belleza.<\/p>\n<p align=\"JUSTIFY\">Poco a poco, la noche extiende su manto<\/p>\n<p align=\"JUSTIFY\">azul de estrellas sobre la Vega, la luna es<\/p>\n<p align=\"JUSTIFY\">un lago sobre el que tanta belleza y emoci\u00f3n se reflejan.<\/p>\n<p align=\"JUSTIFY\">La bruma que se asoma por un rinc\u00f3n de la Vega,<\/p>\n<p align=\"JUSTIFY\">trae en su manto blanco envuelta,<\/p>\n<p align=\"JUSTIFY\">la figura de un ni\u00f1o que llora ante tanta belleza.<\/p>\n<p align=\"JUSTIFY\">Desde esa primera hora y hasta la \u00faltima hora eterna,<\/p>\n<p align=\"JUSTIFY\">ese ni\u00f1o y la madre naturaleza,<\/p>\n<p align=\"JUSTIFY\">para siempre comuni\u00f3n eterna.<\/p>\n<p align=\"JUSTIFY\">Ese ni\u00f1o y esa Vega,<\/p>\n<p align=\"JUSTIFY\">Para siempre simbiosis perfecta.<\/p>\n<p><a name=\"_GoBack\"><\/a><\/p>\n<p>F.L Rajoy Varela<\/p>\n<p>Palma Abril 2020<\/p>\n","protected":false},"excerpt":{"rendered":"<p>Acompa\u00f1o al presente art\u00edculo una foto t\u00edpica de las verbenas que se celebraban en aquellos&#8230;<\/p>\n","protected":false},"author":1,"featured_media":39418,"comment_status":"closed","ping_status":"closed","sticky":false,"template":"","format":"standard","meta":{"_coblocks_attr":"","_coblocks_dimensions":"","_coblocks_responsive_height":"","_coblocks_accordion_ie_support":"","jetpack_post_was_ever_published":false,"_jetpack_newsletter_access":"","_jetpack_dont_email_post_to_subs":false,"_jetpack_newsletter_tier_id":0,"_jetpack_memberships_contains_paywalled_content":false,"_jetpack_memberships_contains_paid_content":false,"footnotes":"","jetpack_publicize_message":"","jetpack_publicize_feature_enabled":true,"jetpack_social_post_already_shared":false,"jetpack_social_options":{"image_generator_settings":{"template":"highway","default_image_id":0,"enabled":false},"version":2}},"categories":[2,12,7167,1225,44,15],"tags":[81,1333],"class_list":["post-39417","post","type-post","status-publish","format-standard","has-post-thumbnail","hentry","category-atarfe","category-cultura","category-opinion-de-fco-luis-rajoy","category-ha-de-atarfe","category-noticias-de-hoy","category-ultimas-noticias","tag-atarfe","tag-fiestas"],"jetpack_publicize_connections":[],"jetpack_featured_media_url":"https:\/\/i0.wp.com\/miradordeatarfe.es\/wp-content\/uploads\/2020\/04\/20200417_175549-scaled.jpg?fit=2560%2C1920&ssl=1","jetpack_likes_enabled":true,"jetpack_sharing_enabled":true,"_links":{"self":[{"href":"https:\/\/miradordeatarfe.es\/index.php?rest_route=\/wp\/v2\/posts\/39417","targetHints":{"allow":["GET"]}}],"collection":[{"href":"https:\/\/miradordeatarfe.es\/index.php?rest_route=\/wp\/v2\/posts"}],"about":[{"href":"https:\/\/miradordeatarfe.es\/index.php?rest_route=\/wp\/v2\/types\/post"}],"author":[{"embeddable":true,"href":"https:\/\/miradordeatarfe.es\/index.php?rest_route=\/wp\/v2\/users\/1"}],"replies":[{"embeddable":true,"href":"https:\/\/miradordeatarfe.es\/index.php?rest_route=%2Fwp%2Fv2%2Fcomments&post=39417"}],"version-history":[{"count":1,"href":"https:\/\/miradordeatarfe.es\/index.php?rest_route=\/wp\/v2\/posts\/39417\/revisions"}],"predecessor-version":[{"id":39419,"href":"https:\/\/miradordeatarfe.es\/index.php?rest_route=\/wp\/v2\/posts\/39417\/revisions\/39419"}],"wp:featuredmedia":[{"embeddable":true,"href":"https:\/\/miradordeatarfe.es\/index.php?rest_route=\/wp\/v2\/media\/39418"}],"wp:attachment":[{"href":"https:\/\/miradordeatarfe.es\/index.php?rest_route=%2Fwp%2Fv2%2Fmedia&parent=39417"}],"wp:term":[{"taxonomy":"category","embeddable":true,"href":"https:\/\/miradordeatarfe.es\/index.php?rest_route=%2Fwp%2Fv2%2Fcategories&post=39417"},{"taxonomy":"post_tag","embeddable":true,"href":"https:\/\/miradordeatarfe.es\/index.php?rest_route=%2Fwp%2Fv2%2Ftags&post=39417"}],"curies":[{"name":"wp","href":"https:\/\/api.w.org\/{rel}","templated":true}]}}