{"id":39420,"date":"2020-04-26T11:23:36","date_gmt":"2020-04-26T09:23:36","guid":{"rendered":"http:\/\/miradordeatarfe.es\/?p=39420"},"modified":"2020-04-26T13:02:18","modified_gmt":"2020-04-26T11:02:18","slug":"la-tia-gabina-y-otros-animales-por-juan-alfredo-bellon","status":"publish","type":"post","link":"https:\/\/miradordeatarfe.es\/?p=39420","title":{"rendered":"LA T\u00cdA GABINA Y OTROS ANIMALES  por Juan Alfredo Bell\u00f3n"},"content":{"rendered":"<p><span style=\"font-size: large;\"><i><b>LA T\u00cdA GABINA Y OTROS ANIMALES\u00a0 <\/b><\/i><\/span><span style=\"font-size: large;\"><b>por Juan Alfredo Bell\u00f3n <\/b><\/span><span style=\"font-size: large;\"><b>para\u00a0 EL MIRADR ATARFE <\/b><\/span><span style=\"font-size: large;\"><b>del domingo 26-04`2020<\/b><\/span><\/p>\n<p align=\"JUSTIFY\"><span style=\"font-size: large;\">Se entiende por acerbo po\u00e9tico infantil el conjunto de formas l\u00edricas y de moldes, <\/span><span style=\"font-size: large;\">frecuentemente de car\u00e1cter popular y sentencioso, relacionado<\/span><span style=\"font-size: large;\"> con el folclore que, por lo general, aprendemos desde la infancia y archivamos en nuestra memoria l\u00fadica y festiva. En muchos casos se trata de canciones y dichos cuyo sentido \u00faltimo desconocemos pero que guardan relaci\u00f3n con alg\u00fan tab\u00fa sexual, como<\/span><span style=\"font-size: large;\"><i> El Cocherito, ler\u00e9n, \/ me dijo anoche, ler\u00e9n \/ que si quer\u00eda, ler\u00e9n, \/ montar en coche, ler\u00e9n, <\/i><\/span><span style=\"font-size: large;\"> una invitaci\u00f3n que rechazan las ni\u00f1as por temor a un posible embarazo. Como se ve, se trata de fragmentos rimados cuya apariencia inocente suele ocultar alg\u00fan juego verbal relacionado con una picard\u00eda o maldad burlesca atribuida al personaje de quien se habla.<\/span><i> <\/i><span style=\"font-size: large;\">As\u00ed la t\u00eda Gabina que encabeza este art\u00edculo se resuelve con una pegadiza y juguetona rima que sirve para<\/span><i> <\/i><span style=\"font-size: large;\">memorizarla mejor como tantas otras<\/span><span style=\"font-size: large;\"><i>: la T\u00eda Gabina, que no sabe si mea u orina; el T\u00edo Sarmiento, que fue a cagar y se lo llev\u00f3 el viento<\/i><\/span><span style=\"font-size: large;\"> o<\/span><span style=\"font-size: large;\"><i> la mujer de Eloy, que en vez de decir qu\u00e9 calor tengo, dec\u00eda qu\u00e9 caliente estoy.<\/i><\/span><\/p>\n<p align=\"JUSTIFY\"><span style=\"font-size: large;\">A prop\u00f3sito de esto, mi compa\u00f1ero y sin embargo amigo Luis Garc\u00eda Montero aprovech\u00f3 la semana pasada para criticar los muchos escr\u00fapulos de <\/span><span style=\"font-size: large;\"><i>la derechona patria<\/i><\/span><span style=\"font-size: large;\"> a colaborar con la izquierda gubernamental en asuntos de m\u00e1xima importancia, una an\u00e9cdota de la que \u00e9l mismo fue protagonista con ocasi\u00f3n de una encuentro con Rafael Alberti y la propia hija del poeta granadino: result\u00f3 pues que Irene, la hija de Luis, entonces muy ni\u00f1a, <\/span><span style=\"font-size: large;\"><i>se luci\u00f3<\/i><\/span><span style=\"font-size: large;\"> ampliamente en uno de esos d\u00edas tormentosos que suelen tener los ni\u00f1os cuando quieren llamar la atenci\u00f3n durante una visita ante la que intentan y desean sus padres cumplir a toda costa y en la cual los \u201cangelicos\u201d hacen todo lo contrario de lo que se espera de ellos. <\/span><\/p>\n<p align=\"JUSTIFY\"><span style=\"font-size: large;\">En estos d\u00edas, y como es ya costumbre, cuando la oposici\u00f3n pol\u00edtica a Pedro S\u00e1nchez porfiaba por pon\u00e9rselo a\u00fan m\u00e1s dif\u00edcil, y, por si no fuera poca la urgencia y la gravedad del coronavirus que nos azota, Luis Garc\u00eda Montero compar\u00f3 la cerraz\u00f3n del PP y de su barbilampi\u00f1o p<\/span><span style=\"font-size: large;\">residente, Pablo Casado, con la famosa<\/span> <span style=\"font-size: large;\">Marrana de Armilla, <\/span><span style=\"font-size: large;\"><i>que llora si se la meten y si se la sacan chilla<\/i><\/span><span style=\"font-size: large;\">, exactamente tal y como <\/span><span style=\"font-size: large;\">como tuvimos ocasi\u00f3n de o\u00edr al PP en la trifulca parlamentaria a prop\u00f3sito de la salida a la calle de los ni\u00f1os de hasta catorce a\u00f1os acompa\u00f1ados<\/span><span style=\"font-size: large;\"> de un mayor que conviva habitualmente con ellos. Fue un espect\u00e1culo bochornoso el que dieron los litigantes discutiendo acaloradamente la instrucci\u00f3n verbal del Gobierno antes a\u00fan de que \u00e9sta se hubiera producido realmente, poni\u00e9ndole pegas pueriles a la orden ministerial que regula el comienzo de la salida de los menores e inicia as\u00ed el escalonado final del confinamiento.<\/span><\/p>\n<p align=\"JUSTIFY\"><span style=\"font-size: large;\">Y para rematar, tratando de la intervenci\u00f3n ling\u00fc\u00edstica de las cerdas en las cosas de dios y de su santa madre, contar\u00e9 la an\u00e9cdota ocurrida en mi pueblo a prop\u00f3sito de un pastor que extravi\u00f3 una marrana a la que guardaba con especial mimo para la matanza y que dio en rezar de esta guisa a la patrona ubetense para que le ayudara a encontrarla<\/span><span style=\"font-size: large;\"><i> \u00a1Virgen de Guadalupe: Marrana m\u00eda! <\/i><\/span><\/p>\n<p align=\"JUSTIFY\"><span style=\"font-family: Arial, sans-serif;\"><span style=\"font-size: large;\">\u00a0<\/span><\/span><\/p>\n","protected":false},"excerpt":{"rendered":"<p>LA T\u00cdA GABINA Y OTROS ANIMALES\u00a0 por Juan Alfredo Bell\u00f3n para\u00a0 EL MIRADR ATARFE del&#8230;<\/p>\n","protected":false},"author":1,"featured_media":39421,"comment_status":"closed","ping_status":"closed","sticky":false,"template":"","format":"standard","meta":{"_coblocks_attr":"","_coblocks_dimensions":"","_coblocks_responsive_height":"","_coblocks_accordion_ie_support":"","jetpack_post_was_ever_published":false,"_jetpack_newsletter_access":"","_jetpack_dont_email_post_to_subs":false,"_jetpack_newsletter_tier_id":0,"_jetpack_memberships_contains_paywalled_content":false,"_jetpack_memberships_contains_paid_content":false,"footnotes":"","jetpack_publicize_message":"","jetpack_publicize_feature_enabled":true,"jetpack_social_post_already_shared":false,"jetpack_social_options":{"image_generator_settings":{"template":"highway","default_image_id":0,"enabled":false},"version":2}},"categories":[7149,36,44,6937,15],"tags":[5730,3020,42],"class_list":["post-39420","post","type-post","status-publish","format-standard","has-post-thumbnail","hentry","category-coronavirus","category-opinion-de-juan-alfredo-bellon","category-noticias-de-hoy","category-sociedad","category-ultimas-noticias","tag-casado","tag-pedro-sanchez","tag-politica"],"jetpack_publicize_connections":[],"jetpack_featured_media_url":"https:\/\/i0.wp.com\/miradordeatarfe.es\/wp-content\/uploads\/2020\/04\/large_2Hd986HVgiP97pNI2c8FLvLbWoqtH7r2cGg_K-MoJxE.jpg?fit=1008%2C435&ssl=1","jetpack_likes_enabled":true,"jetpack_sharing_enabled":true,"_links":{"self":[{"href":"https:\/\/miradordeatarfe.es\/index.php?rest_route=\/wp\/v2\/posts\/39420","targetHints":{"allow":["GET"]}}],"collection":[{"href":"https:\/\/miradordeatarfe.es\/index.php?rest_route=\/wp\/v2\/posts"}],"about":[{"href":"https:\/\/miradordeatarfe.es\/index.php?rest_route=\/wp\/v2\/types\/post"}],"author":[{"embeddable":true,"href":"https:\/\/miradordeatarfe.es\/index.php?rest_route=\/wp\/v2\/users\/1"}],"replies":[{"embeddable":true,"href":"https:\/\/miradordeatarfe.es\/index.php?rest_route=%2Fwp%2Fv2%2Fcomments&post=39420"}],"version-history":[{"count":4,"href":"https:\/\/miradordeatarfe.es\/index.php?rest_route=\/wp\/v2\/posts\/39420\/revisions"}],"predecessor-version":[{"id":39441,"href":"https:\/\/miradordeatarfe.es\/index.php?rest_route=\/wp\/v2\/posts\/39420\/revisions\/39441"}],"wp:featuredmedia":[{"embeddable":true,"href":"https:\/\/miradordeatarfe.es\/index.php?rest_route=\/wp\/v2\/media\/39421"}],"wp:attachment":[{"href":"https:\/\/miradordeatarfe.es\/index.php?rest_route=%2Fwp%2Fv2%2Fmedia&parent=39420"}],"wp:term":[{"taxonomy":"category","embeddable":true,"href":"https:\/\/miradordeatarfe.es\/index.php?rest_route=%2Fwp%2Fv2%2Fcategories&post=39420"},{"taxonomy":"post_tag","embeddable":true,"href":"https:\/\/miradordeatarfe.es\/index.php?rest_route=%2Fwp%2Fv2%2Ftags&post=39420"}],"curies":[{"name":"wp","href":"https:\/\/api.w.org\/{rel}","templated":true}]}}