{"id":39432,"date":"2020-04-29T09:03:16","date_gmt":"2020-04-29T07:03:16","guid":{"rendered":"http:\/\/miradordeatarfe.es\/?p=39432"},"modified":"2020-04-27T18:52:38","modified_gmt":"2020-04-27T16:52:38","slug":"la-contaminacion-baja-a-la-mitad-en-granada-durante-el-estado-de-alarma","status":"publish","type":"post","link":"https:\/\/miradordeatarfe.es\/?p=39432","title":{"rendered":"La contaminaci\u00f3n baja a la mitad en Granada durante el estado de alarma"},"content":{"rendered":"<h3 style=\"text-align: justify;\">Los niveles de di\u00f3xido de nitr\u00f3geno y de part\u00edculas en suspensi\u00f3n han ca\u00eddo notablemente en la capital desde que empez\u00f3 el confinamiento.<\/h3>\n<p style=\"text-align: justify;\">Aunque la pandemia del coronavirus concentra la atenci\u00f3n de todo el mundo en estas \u00faltimas semanas, la restricci\u00f3n de movimientos impuesta en el estado de alarma est\u00e1 provocando tambi\u00e9n un efecto positivo, adem\u00e1s del de frenar los contagios: el descenso de la alt\u00edsima contaminaci\u00f3n que sufre Granada, principalmente por la reducci\u00f3n del tr\u00e1fico.\u00a0<\/p>\n<p style=\"text-align: justify;\">Porque no hay que olvidar que, si bien han fallecido ya 49 personas en Granada con Covid-19, seg\u00fan las cifras oficiales,<strong> la contaminaci\u00f3n provoca cada a\u00f1o la muerte prematura de al menos 660 personas en la provincia<\/strong>. \u00bfDe d\u00f3nde sale esa cifra? Seg\u00fan la Agencia Europea de Medio Ambiente, la poluci\u00f3n del aire aceler\u00f3 la muerte de 33.300 personas en Espa\u00f1a en 2016, seg\u00fan el \u00faltimo <a href=\"https:\/\/www.eea.europa.eu\/\/publications\/air-quality-in-europe-2019\">&#8216;Informe sobre la calidad del aire en Europa&#8217;<\/a>, hecho p\u00fablico el a\u00f1o pasado.<\/p>\n<p style=\"text-align: justify;\">Por el peso de la poblaci\u00f3n granadina en Espa\u00f1a, a la provincia le corresponden 660 de esas muertes por contaminaci\u00f3n, aunque la cifra <strong>probablemente sea mayor<\/strong> porque la poluci\u00f3n que sufre Granada y su \u00e1rea metropolitana (que concentra m\u00e1s de la mitad de los habitantes de la provincia) es <strong>una de las m\u00e1s altas del pa\u00eds<\/strong> tanto en part\u00edculas en suspensi\u00f3n como en di\u00f3xido de nitr\u00f3geno, los contaminantes m\u00e1s mort\u00edferos.\u00a0<\/p>\n<p style=\"text-align: justify;\">Desde que el Gobierno decret\u00f3 el estado de alarma, la calidad del aire en Granada ha mejorado notablemente, aunque apenas lo podamos apreciar, porque no salimos al aire libre salvo para lo imprescindible y, cuando salimos, la mente est\u00e1 ocupada en la pandemia. <\/p>\n<div class=\"divdest\" style=\"text-align: justify;\">\n<div class=\"media media-element-container media-default\">\n<div id=\"file-50624\" class=\"file file-image file-image-jpeg\">\n<div class=\"content\"><img data-recalc-dims=\"1\" loading=\"lazy\" decoding=\"async\" class=\"media-element file-default\" src=\"https:\/\/i0.wp.com\/www.elindependientedegranada.es\/sites\/default\/files\/21_febrero.jpg?resize=640%2C188&#038;ssl=1\" alt=\"\" width=\"640\" height=\"188\" data-delta=\"1\" \/><\/div>\n<\/div>\n<\/div>\n<div class=\"media media-element-container media-default\">\n<div id=\"file-50625\" class=\"file file-image file-image-jpeg\">\n<h2 class=\"element-invisible\"><img data-recalc-dims=\"1\" loading=\"lazy\" decoding=\"async\" class=\"media-element file-default\" src=\"https:\/\/i0.wp.com\/www.elindependientedegranada.es\/sites\/default\/files\/lunes_23_marzo.jpg?resize=640%2C196&#038;ssl=1\" alt=\"\" width=\"640\" height=\"196\" data-delta=\"2\" \/><\/h2>\n<\/div>\n<\/div>\n<p><strong>Menos &#8216;boina&#8217; de poluci\u00f3n.<\/strong> La imagen de arriba est\u00e1 tomada el 21 de febrero de este a\u00f1o y la de abajo, el 23 de marzo, ya con varios d\u00edas de confinamiento. Las dos corresponden a la webcam municipal de Medio Ambiente en la Carretera de Murcia y est\u00e1n tomadas en las primera horas de la ma\u00f1ana, los dos d\u00edas con una meteorolog\u00eda parecida. En la imagen de arriba se aprecia con mayor claridad la habitual boina de contaminaci\u00f3n sobre Granada, mientras que el cielo aparece m\u00e1s claro en la de abajo.\u00a0<\/div>\n<p style=\"text-align: justify;\">Los datos confirman el descenso de la contaminaci\u00f3n. Granada supera sistem\u00e1ticamente los l\u00edmites m\u00e1ximos permitido de di\u00f3xido de nitr\u00f3geno (NO2) en la estaci\u00f3n de medici\u00f3n de <strong>Granada Norte<\/strong>, en la avenida Luis Miranda D\u00e1valos de la capital, fijados en 40 microgramos\/m3 de media anual. Por ejemplo, <strong>en marzo del a\u00f1o pasado<\/strong> el promedio fue de <strong>43,6 microgramos\/m3<\/strong>, seg\u00fan los datos recopilados por el Ayuntamiento a partir de las mediciones de la Junta, responsable de las estaciones de medici\u00f3n.<\/p>\n<p style=\"text-align: justify;\">Y desde que se instaur\u00f3 el estado de alarma <strong>la media de estos d\u00edas de confinamiento de marzo de 2020 ha sido de unos 13 microgramos\/m3.<\/strong> Son unos niveles de NO2 desconocidos en Granada, cuyo descenso se debe a la reducci\u00f3n del tr\u00e1fico, principal fuente de emisi\u00f3n de di\u00f3xido de nitr\u00f3geno, aunque tambi\u00e9n contribyuyen las calefacciones.\u00a0<\/p>\n<p style=\"text-align: justify;\">En el periodo enero-febrero de este a\u00f1o, la media de NO2 en la estaci\u00f3n de Granada Norte fue de 54 microgramos\/m3. Son los meses, especialmente enero, de concentraciones m\u00e1s altas de este contaminante, que coinciden con el fr\u00edo del invierno en el que hay altos niveles de tr\u00e1fico y de uso de calefacciones. Pero <strong>el salto de 54 microgramos a los 13 de estos d\u00edas del periodo de alarma es considerable<\/strong>.\u00a0<\/p>\n<p style=\"text-align: justify;\">Sin embargo, en la otra estaci\u00f3n de medici\u00f3n de la ciudad, ubicada junto al <strong>Palacio de Congresos,<\/strong> que no suele rebasar el m\u00e1ximo fijado en la normativa, se ha producido un <strong>aumento en los niveles de NO2<\/strong>, desde los 39 microgramos del periodo enero-febrero, a los <strong>46<\/strong> de promedio durante el estado de alarma. <\/p>\n<div class=\"media media-element-container media-default\" style=\"text-align: justify;\">\n<div id=\"file-50628\" class=\"file file-image file-image-jpeg\">\n<div class=\"content\"><img data-recalc-dims=\"1\" loading=\"lazy\" decoding=\"async\" class=\"media-element file-default\" src=\"https:\/\/i0.wp.com\/www.elindependientedegranada.es\/sites\/default\/files\/gr_norte_ultimos_dias.jpg?resize=640%2C333&#038;ssl=1\" alt=\"\" width=\"640\" height=\"333\" data-delta=\"4\" \/><\/div>\n<\/div>\n<\/div>\n<p class=\"pie\" style=\"text-align: justify;\">El cuadro muestra los datos de cada contaminante y el \u00cdndice de Calidad del Aire, un promedio global, durante este mi\u00e9rcoles, jueves y viernes, en la estaci\u00f3n de Granada Norte, la que suele registrar los peores datos tanto en la capital como en la provincia. Cuadro extra\u00eddo de la web municipal de calidad del aire.\u00a0<\/p>\n<h4 style=\"text-align: justify;\">Bajan tambi\u00e9n las part\u00edculas en suspensi\u00f3n<\/h4>\n<p style=\"text-align: justify;\">El otro contaminante con mayor efecto en la salud, las part\u00edculas en suspensi\u00f3n (PM10), en las que Granada tambi\u00e9n destaca negativamente a nivel nacional, tambi\u00e9n ha registrado un descenso en Granada durante el estado de alarma. En el periodo enero-febrero, la concentraci\u00f3n de part\u00edculas PM10 en la estaci\u00f3n de Granada Norte fue <strong>de 37 microgramos\/m3<\/strong>, que han pasado <strong>a 19 microgramos de promedio en los d\u00edas de confinamiento<\/strong>, pr\u00e1cticamente la mitad. Si lo comparamos con marzo del a\u00f1o pasado, igualmente se ha reducido, de 29 microgramos a 19.\u00a0<\/p>\n<p style=\"text-align: justify;\">En la otra estaci\u00f3n, la de <strong>Palacio de Congresos<\/strong>, se ha pasado <strong>de 25 microgramos\/m3 de enero-febrero a 17 durante el estado de alarma<\/strong>. Y, respecto a marzo de 2019, tambi\u00e9n se reduce: <strong>de 26 a 17<\/strong>.\u00a0<\/p>\n<p style=\"text-align: justify;\">Ninguna de las dos estaciones ha superado nunca los l\u00edmites m\u00e1ximos anuales fijados por la normativa europea (40 microgramos\/m3), que es la que se aplica en Espa\u00f1a, aunque suelen rebasar a menudo los l\u00edmites diarios (sobre todo cuando hay episodios de polvo sahariano) y cada a\u00f1o superan el m\u00e1ximo que recomienda la <strong>Organizaci\u00f3n Mundial de la Salud <\/strong>(OMS) de promedio anual, 20 microgramos. Pero durante estos d\u00edas las dos estaciones han estado <strong>por debajo<\/strong> de esa cifra (19 en una estaci\u00f3n y 17 en otra). <\/p>\n<div class=\"media media-element-container media-default\">\n<div id=\"file-50627\" class=\"file file-image file-image-jpeg\">\n<div class=\"content\"><img data-recalc-dims=\"1\" loading=\"lazy\" decoding=\"async\" class=\"media-element file-default\" src=\"https:\/\/i0.wp.com\/www.elindependientedegranada.es\/sites\/default\/files\/marzos.jpg?resize=638%2C378&#038;ssl=1\" alt=\"\" width=\"638\" height=\"378\" data-delta=\"3\" \/><\/div>\n<\/div>\n<\/div>\n<h5 class=\"divdest\" style=\"text-align: justify;\">Los cuadros muestran el <strong>\u00cdndice de Calidad del Aire<\/strong> (ICA), que promedia la concentraci\u00f3n de los cinco contaminantes que se miden en las dos estaciones de la ciudad: di\u00f3xido de azufre, part\u00edculas en suspensi\u00f3n, di\u00f3xido de nitr\u00f3geno, mon\u00f3xido de carbono y ozono troposf\u00e9rico. Seg\u00fan el valor promedio del ICA, la calidad del aire es muy buena (color azul), buena (verde), regular (amarillo) y mala (rojo). En el cuadro de marzo de este a\u00f1o (aunque faltan d\u00edas con datos de medici\u00f3n), se aprecian m\u00e1s azules y verdes respecto a marzo de 2019, sobre todo en la segunda mitad de marzo de 2020, que se corresponde con el confinamiento. En el general del mes, marzo de 2019 da un valor de contaminaci\u00f3n global de <strong>55,11<\/strong>, mientras que en marzo de 2020, pese a que incluye la primera mitad del mes, cuando a\u00fan no hab\u00eda restricciones, el valor global de poluci\u00f3n es mucho menor, de <strong>29,51<\/strong>. Los cuadros han sido extra\u00eddos de la web municipal sobre calidad del aire.\u00a0<\/h5>\n<p style=\"text-align: justify;\">\u00a0<\/p>\n<p style=\"text-align: justify;\">\u00a0<\/p>\n","protected":false},"excerpt":{"rendered":"<p>Los niveles de di\u00f3xido de nitr\u00f3geno y de part\u00edculas en suspensi\u00f3n han ca\u00eddo notablemente en&#8230;<\/p>\n","protected":false},"author":1,"featured_media":39433,"comment_status":"closed","ping_status":"closed","sticky":false,"template":"","format":"standard","meta":{"_coblocks_attr":"","_coblocks_dimensions":"","_coblocks_responsive_height":"","_coblocks_accordion_ie_support":"","jetpack_post_was_ever_published":false,"_jetpack_newsletter_access":"","_jetpack_dont_email_post_to_subs":false,"_jetpack_newsletter_tier_id":0,"_jetpack_memberships_contains_paywalled_content":false,"_jetpack_memberships_contains_paid_content":false,"footnotes":"","jetpack_publicize_message":"","jetpack_publicize_feature_enabled":true,"jetpack_social_post_already_shared":false,"jetpack_social_options":{"image_generator_settings":{"template":"highway","default_image_id":0,"enabled":false},"version":2}},"categories":[1161,7149,44,15],"tags":[251,129],"class_list":["post-39432","post","type-post","status-publish","format-standard","has-post-thumbnail","hentry","category-ciudadania","category-coronavirus","category-noticias-de-hoy","category-ultimas-noticias","tag-contaminacion","tag-granada"],"jetpack_publicize_connections":[],"jetpack_featured_media_url":"https:\/\/i0.wp.com\/miradordeatarfe.es\/wp-content\/uploads\/2020\/04\/107083758.jpg?fit=490%2C326&ssl=1","jetpack_likes_enabled":true,"jetpack_sharing_enabled":true,"_links":{"self":[{"href":"https:\/\/miradordeatarfe.es\/index.php?rest_route=\/wp\/v2\/posts\/39432","targetHints":{"allow":["GET"]}}],"collection":[{"href":"https:\/\/miradordeatarfe.es\/index.php?rest_route=\/wp\/v2\/posts"}],"about":[{"href":"https:\/\/miradordeatarfe.es\/index.php?rest_route=\/wp\/v2\/types\/post"}],"author":[{"embeddable":true,"href":"https:\/\/miradordeatarfe.es\/index.php?rest_route=\/wp\/v2\/users\/1"}],"replies":[{"embeddable":true,"href":"https:\/\/miradordeatarfe.es\/index.php?rest_route=%2Fwp%2Fv2%2Fcomments&post=39432"}],"version-history":[{"count":1,"href":"https:\/\/miradordeatarfe.es\/index.php?rest_route=\/wp\/v2\/posts\/39432\/revisions"}],"predecessor-version":[{"id":39434,"href":"https:\/\/miradordeatarfe.es\/index.php?rest_route=\/wp\/v2\/posts\/39432\/revisions\/39434"}],"wp:featuredmedia":[{"embeddable":true,"href":"https:\/\/miradordeatarfe.es\/index.php?rest_route=\/wp\/v2\/media\/39433"}],"wp:attachment":[{"href":"https:\/\/miradordeatarfe.es\/index.php?rest_route=%2Fwp%2Fv2%2Fmedia&parent=39432"}],"wp:term":[{"taxonomy":"category","embeddable":true,"href":"https:\/\/miradordeatarfe.es\/index.php?rest_route=%2Fwp%2Fv2%2Fcategories&post=39432"},{"taxonomy":"post_tag","embeddable":true,"href":"https:\/\/miradordeatarfe.es\/index.php?rest_route=%2Fwp%2Fv2%2Ftags&post=39432"}],"curies":[{"name":"wp","href":"https:\/\/api.w.org\/{rel}","templated":true}]}}