{"id":39445,"date":"2020-04-30T10:14:55","date_gmt":"2020-04-30T08:14:55","guid":{"rendered":"http:\/\/miradordeatarfe.es\/?p=39445"},"modified":"2020-04-27T19:44:03","modified_gmt":"2020-04-27T17:44:03","slug":"ideal-quiere-rendir-un-homenaje-a-los-granadinos-fallecidos-durante-el-estado-de-alarma","status":"publish","type":"post","link":"https:\/\/miradordeatarfe.es\/?p=39445","title":{"rendered":"IDEAL quiere rendir un homenaje a los granadinos fallecidos durante el estado de alarma"},"content":{"rendered":"<h2>Los familiares directos que lo deseen podr\u00e1n publicar un perfil que sirva de tributo, redactado por un periodista, que se difundir\u00e1 tanto en la edici\u00f3n impresa como en Ideal.es<\/h2>\n<p style=\"text-align: justify;\">IDEAL quiere rendir un homenaje a los granadinos fallecidos en la provincia durante la vigencia del estado de alarma. Este peri\u00f3dico est\u00e1 preparando un <strong>ESPECIAL con obituarios que sirva de tributo y despedida.<\/strong><\/p>\n<p style=\"text-align: justify;\">Si es familiar directo de un fallecido y desea participar en este homenaje sin coste alguno, contacte con nosotros. Un periodista le llamar\u00e1 para poder preparar un perfil de la persona fallecida, que se publicar\u00e1 en la edici\u00f3n impresa y en Ideal.es.<\/p>\n<p style=\"text-align: justify;\"><u>Puede contactar con nosotros por algunas de estas v\u00edas: <\/u><\/p>\n<p style=\"text-align: justify;\"><strong>Correo electr\u00f3nico<\/strong>: homenaje@ideal.es<\/p>\n<p style=\"text-align: justify;\"><strong>Tel\u00e9fono:<\/strong> 958 809 809<\/p>\n<p style=\"text-align: justify;\"><strong>Whatsapp:<\/strong> 682 74 74 98<\/p>\n","protected":false},"excerpt":{"rendered":"<p>Los familiares directos que lo deseen podr\u00e1n publicar un perfil que sirva de tributo, redactado&#8230;<\/p>\n","protected":false},"author":1,"featured_media":39446,"comment_status":"closed","ping_status":"closed","sticky":false,"template":"","format":"standard","meta":{"_coblocks_attr":"","_coblocks_dimensions":"","_coblocks_responsive_height":"","_coblocks_accordion_ie_support":"","jetpack_post_was_ever_published":false,"_jetpack_newsletter_access":"","_jetpack_dont_email_post_to_subs":false,"_jetpack_newsletter_tier_id":0,"_jetpack_memberships_contains_paywalled_content":false,"_jetpack_memberships_contains_paid_content":false,"footnotes":"","jetpack_publicize_message":"","jetpack_publicize_feature_enabled":true,"jetpack_social_post_already_shared":false,"jetpack_social_options":{"image_generator_settings":{"template":"highway","default_image_id":0,"enabled":false},"version":2}},"categories":[1161,7149,44,6937,15],"tags":[1466,5230],"class_list":["post-39445","post","type-post","status-publish","format-standard","has-post-thumbnail","hentry","category-ciudadania","category-coronavirus","category-noticias-de-hoy","category-sociedad","category-ultimas-noticias","tag-memoria","tag-obituario"],"jetpack_publicize_connections":[],"jetpack_featured_media_url":"https:\/\/i0.wp.com\/miradordeatarfe.es\/wp-content\/uploads\/2020\/04\/homenaje-fallecidos.jpg?fit=466%2C328&ssl=1","jetpack_likes_enabled":true,"jetpack_sharing_enabled":true,"_links":{"self":[{"href":"https:\/\/miradordeatarfe.es\/index.php?rest_route=\/wp\/v2\/posts\/39445","targetHints":{"allow":["GET"]}}],"collection":[{"href":"https:\/\/miradordeatarfe.es\/index.php?rest_route=\/wp\/v2\/posts"}],"about":[{"href":"https:\/\/miradordeatarfe.es\/index.php?rest_route=\/wp\/v2\/types\/post"}],"author":[{"embeddable":true,"href":"https:\/\/miradordeatarfe.es\/index.php?rest_route=\/wp\/v2\/users\/1"}],"replies":[{"embeddable":true,"href":"https:\/\/miradordeatarfe.es\/index.php?rest_route=%2Fwp%2Fv2%2Fcomments&post=39445"}],"version-history":[{"count":2,"href":"https:\/\/miradordeatarfe.es\/index.php?rest_route=\/wp\/v2\/posts\/39445\/revisions"}],"predecessor-version":[{"id":39448,"href":"https:\/\/miradordeatarfe.es\/index.php?rest_route=\/wp\/v2\/posts\/39445\/revisions\/39448"}],"wp:featuredmedia":[{"embeddable":true,"href":"https:\/\/miradordeatarfe.es\/index.php?rest_route=\/wp\/v2\/media\/39446"}],"wp:attachment":[{"href":"https:\/\/miradordeatarfe.es\/index.php?rest_route=%2Fwp%2Fv2%2Fmedia&parent=39445"}],"wp:term":[{"taxonomy":"category","embeddable":true,"href":"https:\/\/miradordeatarfe.es\/index.php?rest_route=%2Fwp%2Fv2%2Fcategories&post=39445"},{"taxonomy":"post_tag","embeddable":true,"href":"https:\/\/miradordeatarfe.es\/index.php?rest_route=%2Fwp%2Fv2%2Ftags&post=39445"}],"curies":[{"name":"wp","href":"https:\/\/api.w.org\/{rel}","templated":true}]}}