{"id":39449,"date":"2020-04-26T13:25:28","date_gmt":"2020-04-26T11:25:28","guid":{"rendered":"http:\/\/miradordeatarfe.es\/?p=39449"},"modified":"2020-04-26T13:25:28","modified_gmt":"2020-04-26T11:25:28","slug":"mariluz-escribano-el-corazon-de-la-gacela","status":"publish","type":"post","link":"https:\/\/miradordeatarfe.es\/?p=39449","title":{"rendered":"MARILUZ ESCRIBANO, EL CORAZ\u00d3N DE LA GACELA"},"content":{"rendered":"<p style=\"text-align: justify;\"><strong>Hoy, que es primavera en el calendario y D\u00cdA DEL LIBRO se hubiera presentado el monogr\u00e1fico de EntreR\u00edos. Revista de Artes y Letras dedicado a Mariluz Escribano.<\/strong><\/p>\n<p style=\"text-align: justify;\">Mariluz Escribano la poeta inmensa que era voz de la memoria, de la justicia y de la libertad en un mundo cargado de sombras. Las circunstancias obligar\u00e1n a postergarlo un tiempo, pero en unas semanas lo tendremos en las manos. Se titula MARILUZ ESCRIBANO, EL CORAZ\u00d3N DE LA GACELA y por ah\u00ed andamos m\u00e1s de 70 personas de medio mundo con estudios, poemas, remembranzas&#8230;<\/p>\n<p style=\"text-align: justify;\">Mariluz, que lleva en sus ojos limpios la historia de una Granada que no debe olvidarse, se ha convertido en los \u00faltimos a\u00f1os en referente inexcusable de una generaci\u00f3n de voces sumergidas, mayoritariamente mujeres, a las que durante demasiado tiempo no se les di\u00f3 su lugar pero que, por fin, van siendo parte del canon. Por eso, como \u00abahora es tiempo de paz.\/De paz y de memoria\u00bb, hoy, rodeados de libros, de tristeza limpia y de nostalgia, la recordamos especialmente porque su voz no se agota.<\/p>\n<p style=\"text-align: justify;\">\u00a0Y en eso vamos a seguir, preservando su legado y su memoria, lo que ella sigue representando, nadie lo dude. Me sugiere Remedios Murillo Cubillas , vicepresidenta de la Asociaci\u00f3n Minerva (que edita EntreR\u00edos) que os adelante la portada. Aqu\u00ed la ten\u00e9is. No os pod\u00e9is ni imaginar c\u00f3mo es su interior&#8230; pero ya lo ver\u00e9is porque os avisaremos.<\/p>\n<p>REMEDIOS S\u00c1NCHEZ<\/p>\n<p><a href=\"https:\/\/i0.wp.com\/miradordeatarfe.es\/wp-content\/uploads\/2020\/04\/FB_IMG_1587892726750.jpg?ssl=1\"><img data-recalc-dims=\"1\" loading=\"lazy\" decoding=\"async\" class=\"wp-image-39450 size-large aligncenter\" src=\"https:\/\/i0.wp.com\/miradordeatarfe.es\/wp-content\/uploads\/2020\/04\/FB_IMG_1587892726750.jpg?resize=618%2C795&#038;ssl=1\" alt=\"\" width=\"618\" height=\"795\" srcset=\"https:\/\/i0.wp.com\/miradordeatarfe.es\/wp-content\/uploads\/2020\/04\/FB_IMG_1587892726750.jpg?resize=796%2C1024&amp;ssl=1 796w, https:\/\/i0.wp.com\/miradordeatarfe.es\/wp-content\/uploads\/2020\/04\/FB_IMG_1587892726750.jpg?resize=233%2C300&amp;ssl=1 233w, https:\/\/i0.wp.com\/miradordeatarfe.es\/wp-content\/uploads\/2020\/04\/FB_IMG_1587892726750.jpg?resize=768%2C988&amp;ssl=1 768w, https:\/\/i0.wp.com\/miradordeatarfe.es\/wp-content\/uploads\/2020\/04\/FB_IMG_1587892726750.jpg?resize=600%2C772&amp;ssl=1 600w, https:\/\/i0.wp.com\/miradordeatarfe.es\/wp-content\/uploads\/2020\/04\/FB_IMG_1587892726750.jpg?w=1080&amp;ssl=1 1080w\" sizes=\"auto, (max-width: 618px) 100vw, 618px\" \/><\/a><\/p>\n","protected":false},"excerpt":{"rendered":"<p>Hoy, que es primavera en el calendario y D\u00cdA DEL LIBRO se hubiera presentado el&#8230;<\/p>\n","protected":false},"author":1,"featured_media":39451,"comment_status":"closed","ping_status":"closed","sticky":false,"template":"","format":"standard","meta":{"_coblocks_attr":"","_coblocks_dimensions":"","_coblocks_responsive_height":"","_coblocks_accordion_ie_support":"","jetpack_post_was_ever_published":false,"_jetpack_newsletter_access":"","_jetpack_dont_email_post_to_subs":false,"_jetpack_newsletter_tier_id":0,"_jetpack_memberships_contains_paywalled_content":false,"_jetpack_memberships_contains_paid_content":false,"footnotes":"","jetpack_publicize_message":"","jetpack_publicize_feature_enabled":true,"jetpack_social_post_already_shared":false,"jetpack_social_options":{"image_generator_settings":{"template":"highway","default_image_id":0,"enabled":false},"version":2}},"categories":[1161,7149,44,15],"tags":[7276,7275,5800,2363],"class_list":["post-39449","post","type-post","status-publish","format-standard","has-post-thumbnail","hentry","category-ciudadania","category-coronavirus","category-noticias-de-hoy","category-ultimas-noticias","tag-entre-rios","tag-mari-luz-escribano","tag-remedios-sanchez","tag-revista"],"jetpack_publicize_connections":[],"jetpack_featured_media_url":"https:\/\/i0.wp.com\/miradordeatarfe.es\/wp-content\/uploads\/2020\/04\/FB_IMG_1587892726750-2.jpg?fit=1027%2C353&ssl=1","jetpack_likes_enabled":true,"jetpack_sharing_enabled":true,"_links":{"self":[{"href":"https:\/\/miradordeatarfe.es\/index.php?rest_route=\/wp\/v2\/posts\/39449","targetHints":{"allow":["GET"]}}],"collection":[{"href":"https:\/\/miradordeatarfe.es\/index.php?rest_route=\/wp\/v2\/posts"}],"about":[{"href":"https:\/\/miradordeatarfe.es\/index.php?rest_route=\/wp\/v2\/types\/post"}],"author":[{"embeddable":true,"href":"https:\/\/miradordeatarfe.es\/index.php?rest_route=\/wp\/v2\/users\/1"}],"replies":[{"embeddable":true,"href":"https:\/\/miradordeatarfe.es\/index.php?rest_route=%2Fwp%2Fv2%2Fcomments&post=39449"}],"version-history":[{"count":1,"href":"https:\/\/miradordeatarfe.es\/index.php?rest_route=\/wp\/v2\/posts\/39449\/revisions"}],"predecessor-version":[{"id":39452,"href":"https:\/\/miradordeatarfe.es\/index.php?rest_route=\/wp\/v2\/posts\/39449\/revisions\/39452"}],"wp:featuredmedia":[{"embeddable":true,"href":"https:\/\/miradordeatarfe.es\/index.php?rest_route=\/wp\/v2\/media\/39451"}],"wp:attachment":[{"href":"https:\/\/miradordeatarfe.es\/index.php?rest_route=%2Fwp%2Fv2%2Fmedia&parent=39449"}],"wp:term":[{"taxonomy":"category","embeddable":true,"href":"https:\/\/miradordeatarfe.es\/index.php?rest_route=%2Fwp%2Fv2%2Fcategories&post=39449"},{"taxonomy":"post_tag","embeddable":true,"href":"https:\/\/miradordeatarfe.es\/index.php?rest_route=%2Fwp%2Fv2%2Ftags&post=39449"}],"curies":[{"name":"wp","href":"https:\/\/api.w.org\/{rel}","templated":true}]}}