{"id":39460,"date":"2020-04-27T13:38:22","date_gmt":"2020-04-27T11:38:22","guid":{"rendered":"http:\/\/miradordeatarfe.es\/?p=39460"},"modified":"2020-04-27T19:35:16","modified_gmt":"2020-04-27T17:35:16","slug":"obituario-a-blas-macias","status":"publish","type":"post","link":"https:\/\/miradordeatarfe.es\/?p=39460","title":{"rendered":"\u00abOBITUARIO A BLAS MACIAS\u00bb"},"content":{"rendered":"<h3 style=\"text-align: justify;\">Los que tuvisteis la ocasi\u00f3n de conocerle sab\u00e9is que era de esas personas que se les llama \u00abbuena gente\u00bb, contagiaba optimismo y buen humor, siempre con una sonrisa y una palabra amable.<\/h3>\n<p style=\"text-align: justify;\">Dispuesto a ayudar a todo el mundo, con una incansable actividad durante los a\u00f1os en que fue presidente del Club de Jubilados de Atarfe, ya fuera organizando eso viajes del Inserso que tanto les gustaban a sus amigos, o trabajando en los preparativos para montar una cruz en el patio del Club, animando a todos para salir en los carnavales, o en la cabalgata de reyes, una persona jovial y sobre todo llena de paz, de alegr\u00eda y de amor, el mismo que supo transmitir a su mujer Consuelo y a sus hijos<\/p>\n<p style=\"text-align: justify;\">\u00c9l era MI PADRE, y el rastro que ha dejado su existencia ha sido un regalo para todos, supo aprovechar bien el tiempo que le fue entregado y lo vivi\u00f3 con plenitud y bondad, te recordaremos con orgullo y seguir\u00e1s viviendo eternamente en nuestros corazones.<\/p>\n<p style=\"text-align: justify;\">Y parafraseando a Machado, dir\u00e9&#8230;.\u00bb Y m\u00e1s que un hombre al uso que sabe su doctrina, era en el buen sentido de la palabra bueno. Y cuando llegue el d\u00eda del \u00faltimo viaje, y est\u00e9 al partir la nave que nunca ha de tornar, me encontrar\u00e9is a bordo ligero de equipaje, casi desnudo, como los hijos de la mar. Descansa en paz Pap\u00e1.<\/p>\n<p style=\"text-align: justify;\"><strong>Por Blas Macias ( hijo)<\/strong><\/p>\n<p><a href=\"https:\/\/i0.wp.com\/miradordeatarfe.es\/wp-content\/uploads\/2020\/04\/IMG_20200426_210610.jpg?ssl=1\"><img data-recalc-dims=\"1\" loading=\"lazy\" decoding=\"async\" class=\"wp-image-39461 size-large aligncenter\" src=\"https:\/\/i0.wp.com\/miradordeatarfe.es\/wp-content\/uploads\/2020\/04\/IMG_20200426_210610.jpg?resize=618%2C744&#038;ssl=1\" alt=\"\" width=\"618\" height=\"744\" srcset=\"https:\/\/i0.wp.com\/miradordeatarfe.es\/wp-content\/uploads\/2020\/04\/IMG_20200426_210610.jpg?resize=851%2C1024&amp;ssl=1 851w, https:\/\/i0.wp.com\/miradordeatarfe.es\/wp-content\/uploads\/2020\/04\/IMG_20200426_210610.jpg?resize=249%2C300&amp;ssl=1 249w, https:\/\/i0.wp.com\/miradordeatarfe.es\/wp-content\/uploads\/2020\/04\/IMG_20200426_210610.jpg?resize=768%2C924&amp;ssl=1 768w, https:\/\/i0.wp.com\/miradordeatarfe.es\/wp-content\/uploads\/2020\/04\/IMG_20200426_210610.jpg?resize=600%2C722&amp;ssl=1 600w, https:\/\/i0.wp.com\/miradordeatarfe.es\/wp-content\/uploads\/2020\/04\/IMG_20200426_210610.jpg?w=1172&amp;ssl=1 1172w\" sizes=\"auto, (max-width: 618px) 100vw, 618px\" \/><\/a><\/p>\n<p style=\"text-align: justify;\"><a href=\"https:\/\/i0.wp.com\/miradordeatarfe.es\/wp-content\/uploads\/2020\/04\/IMG_20200426_210724.jpg?ssl=1\"><img data-recalc-dims=\"1\" loading=\"lazy\" decoding=\"async\" class=\"alignnone wp-image-39462 size-full\" src=\"https:\/\/i0.wp.com\/miradordeatarfe.es\/wp-content\/uploads\/2020\/04\/IMG_20200426_210724.jpg?resize=640%2C635&#038;ssl=1\" alt=\"\" width=\"640\" height=\"635\" srcset=\"https:\/\/i0.wp.com\/miradordeatarfe.es\/wp-content\/uploads\/2020\/04\/IMG_20200426_210724.jpg?w=993&amp;ssl=1 993w, https:\/\/i0.wp.com\/miradordeatarfe.es\/wp-content\/uploads\/2020\/04\/IMG_20200426_210724.jpg?resize=300%2C298&amp;ssl=1 300w, https:\/\/i0.wp.com\/miradordeatarfe.es\/wp-content\/uploads\/2020\/04\/IMG_20200426_210724.jpg?resize=150%2C150&amp;ssl=1 150w, https:\/\/i0.wp.com\/miradordeatarfe.es\/wp-content\/uploads\/2020\/04\/IMG_20200426_210724.jpg?resize=768%2C763&amp;ssl=1 768w, https:\/\/i0.wp.com\/miradordeatarfe.es\/wp-content\/uploads\/2020\/04\/IMG_20200426_210724.jpg?resize=600%2C596&amp;ssl=1 600w\" sizes=\"auto, (max-width: 640px) 100vw, 640px\" \/><\/a><\/p>\n<p><a href=\"https:\/\/i0.wp.com\/miradordeatarfe.es\/wp-content\/uploads\/2020\/04\/14089006_1234978726533792_4676652102430721062_n.jpg?ssl=1\"><img data-recalc-dims=\"1\" loading=\"lazy\" decoding=\"async\" class=\"alignnone wp-image-39466 size-full\" src=\"https:\/\/i0.wp.com\/miradordeatarfe.es\/wp-content\/uploads\/2020\/04\/14089006_1234978726533792_4676652102430721062_n.jpg?resize=640%2C480&#038;ssl=1\" alt=\"\" width=\"640\" height=\"480\" srcset=\"https:\/\/i0.wp.com\/miradordeatarfe.es\/wp-content\/uploads\/2020\/04\/14089006_1234978726533792_4676652102430721062_n.jpg?w=960&amp;ssl=1 960w, https:\/\/i0.wp.com\/miradordeatarfe.es\/wp-content\/uploads\/2020\/04\/14089006_1234978726533792_4676652102430721062_n.jpg?resize=300%2C225&amp;ssl=1 300w, https:\/\/i0.wp.com\/miradordeatarfe.es\/wp-content\/uploads\/2020\/04\/14089006_1234978726533792_4676652102430721062_n.jpg?resize=768%2C576&amp;ssl=1 768w, https:\/\/i0.wp.com\/miradordeatarfe.es\/wp-content\/uploads\/2020\/04\/14089006_1234978726533792_4676652102430721062_n.jpg?resize=600%2C450&amp;ssl=1 600w\" sizes=\"auto, (max-width: 640px) 100vw, 640px\" \/><\/a><\/p>\n","protected":false},"excerpt":{"rendered":"<p>Los que tuvisteis la ocasi\u00f3n de conocerle sab\u00e9is que era de esas personas que se&#8230;<\/p>\n","protected":false},"author":1,"featured_media":39463,"comment_status":"closed","ping_status":"closed","sticky":false,"template":"","format":"standard","meta":{"_coblocks_attr":"","_coblocks_dimensions":"","_coblocks_responsive_height":"","_coblocks_accordion_ie_support":"","jetpack_post_was_ever_published":false,"_jetpack_newsletter_access":"","_jetpack_dont_email_post_to_subs":false,"_jetpack_newsletter_tier_id":0,"_jetpack_memberships_contains_paywalled_content":false,"_jetpack_memberships_contains_paid_content":false,"footnotes":"","jetpack_publicize_message":"","jetpack_publicize_feature_enabled":true,"jetpack_social_post_already_shared":false,"jetpack_social_options":{"image_generator_settings":{"template":"highway","default_image_id":0,"enabled":false},"version":2}},"categories":[2,1161,7149,44,6539,15],"tags":[7278,5230,7277],"class_list":["post-39460","post","type-post","status-publish","format-standard","has-post-thumbnail","hentry","category-atarfe","category-ciudadania","category-coronavirus","category-noticias-de-hoy","category-personajes-de-ataref","category-ultimas-noticias","tag-blas-macias","tag-obituario","tag-personaje-de-atarfe"],"jetpack_publicize_connections":[],"jetpack_featured_media_url":"https:\/\/i0.wp.com\/miradordeatarfe.es\/wp-content\/uploads\/2020\/04\/IMG_20200426_210839.jpg?fit=2161%2C1874&ssl=1","jetpack_likes_enabled":true,"jetpack_sharing_enabled":true,"_links":{"self":[{"href":"https:\/\/miradordeatarfe.es\/index.php?rest_route=\/wp\/v2\/posts\/39460","targetHints":{"allow":["GET"]}}],"collection":[{"href":"https:\/\/miradordeatarfe.es\/index.php?rest_route=\/wp\/v2\/posts"}],"about":[{"href":"https:\/\/miradordeatarfe.es\/index.php?rest_route=\/wp\/v2\/types\/post"}],"author":[{"embeddable":true,"href":"https:\/\/miradordeatarfe.es\/index.php?rest_route=\/wp\/v2\/users\/1"}],"replies":[{"embeddable":true,"href":"https:\/\/miradordeatarfe.es\/index.php?rest_route=%2Fwp%2Fv2%2Fcomments&post=39460"}],"version-history":[{"count":3,"href":"https:\/\/miradordeatarfe.es\/index.php?rest_route=\/wp\/v2\/posts\/39460\/revisions"}],"predecessor-version":[{"id":39467,"href":"https:\/\/miradordeatarfe.es\/index.php?rest_route=\/wp\/v2\/posts\/39460\/revisions\/39467"}],"wp:featuredmedia":[{"embeddable":true,"href":"https:\/\/miradordeatarfe.es\/index.php?rest_route=\/wp\/v2\/media\/39463"}],"wp:attachment":[{"href":"https:\/\/miradordeatarfe.es\/index.php?rest_route=%2Fwp%2Fv2%2Fmedia&parent=39460"}],"wp:term":[{"taxonomy":"category","embeddable":true,"href":"https:\/\/miradordeatarfe.es\/index.php?rest_route=%2Fwp%2Fv2%2Fcategories&post=39460"},{"taxonomy":"post_tag","embeddable":true,"href":"https:\/\/miradordeatarfe.es\/index.php?rest_route=%2Fwp%2Fv2%2Ftags&post=39460"}],"curies":[{"name":"wp","href":"https:\/\/api.w.org\/{rel}","templated":true}]}}