{"id":39468,"date":"2020-04-28T11:36:03","date_gmt":"2020-04-28T09:36:03","guid":{"rendered":"http:\/\/miradordeatarfe.es\/?p=39468"},"modified":"2020-04-27T19:09:48","modified_gmt":"2020-04-27T17:09:48","slug":"libros-como-espigas-por-remedios-sanchez","status":"publish","type":"post","link":"https:\/\/miradordeatarfe.es\/?p=39468","title":{"rendered":"\u00abLIBROS COMO ESPIGAS\u00bb por  Remedios S\u00e1nchez"},"content":{"rendered":"<h3 style=\"text-align: justify;\">Hoy el cielo, de tan azul, ha convertido las nubes en un horizonte blanco de anhelo y sue\u00f1o que se mueve despaciosamente, al ritmo de la vida y de la muerte. Celebramos el D\u00eda del Libro, que es como decir el d\u00eda de la libertad, el d\u00eda de la imaginaci\u00f3n, de la sorpresa o del misterio.<\/h3>\n<p style=\"text-align: justify;\">Y del consuelo, nadie se olvide del consuelo, porque un libro es un refugio tan grande como un universo donde reposar el alma esperando a ver si, mientras, amaina la tormenta. Los libros nos rescatan de nosotros mismos, del dolor de las ausencias mientras el tacto de sus p\u00e1ginas contiene un enigma que no se puede explicar. Ya Garc\u00eda Lorca ped\u00eda medio pan y un libro en su \u2018Alocuci\u00f3n al pueblo de Fuentevaqueros\u2019; Federico, sutil inteligencia de alondra, sab\u00eda que el pan alimenta el cuerpo, pero los libros nutren el alma desvalida. M\u00e1s en este abril de angustia, de tristeza y desamparo, con un llanto de fondo que no cesa porque el sufrimiento profundo casi nunca se ve.<\/p>\n<p style=\"text-align: justify;\">Ahora, m\u00e1s que nunca, necesitamos la autenticidad de los libros: la emoci\u00f3n de un poema, la imaginaci\u00f3n del relato, la intriga de la novela que hilvana personajes con las agujas del tiempo, la reflexi\u00f3n met\u00f3dica del ensayo o el riesgo del teatro le\u00eddo en el sof\u00e1. Hay mucha literatura y muy buena en Andaluc\u00eda, una pluralidad de miradas brillantes, dif\u00edcilmente parangonable en ning\u00fan otro lugar de Espa\u00f1a. Estos d\u00edas los libros ser\u00edan los protagonistas en las calles, en los centros educativos, en las ferias de todo el pa\u00eds, en cada casa, para abrir la mente y ampliar la mirada. Por eso resulta esencial regresar a las librer\u00edas peque\u00f1as en cuando abran, escudri\u00f1ar en los rec\u00f3nditos secretos de novelas, ensayos o teatro de sus anaqueles, salvarles la vida para que ellas hagan habitable la nuestra. \u00a0O cobijarnos en el poema cuando se convierte en un espejo donde mirarse y darnos los buenos d\u00edas porque refleja nuestro rostro sin maquillaje. Una ciudadan\u00eda ilustrada y cr\u00edtica, capaz de pensar por s\u00ed misma, s\u00f3lo se construye leyendo.<\/p>\n<p style=\"text-align: justify;\">Vivimos unas circunstancias que nos obligan a recapacitar sobre este mundo falso que est\u00e1bamos edificando ingenuamente; hay que volver a distinguir entre lo indispensable y lo accesorio. Y la cultura es indispensable, un bien de primera necesidad al que hay que devolverle el cari\u00f1o que le han ido robando otras te\u00f3ricas prioridades, hoy manifiestamente absurdas. Debemos tambi\u00e9n proteger a nuestros intelectuales aut\u00e9nticos, a esa gente imprescindible para plantear, desde su independencia, c\u00f3mo reconstruir este pa\u00eds de manera diferente cuando amanezca de nuevo. Tal vez sea momento de volver a los placeres peque\u00f1os, \u00e9sos que se esconden envueltos en palabras que son tan de verdad como nosotros necesitemos. Y refugiarnos en ellos sabiendo que, los libros, son espigas de trigo maduradas lentamente, cosecha f\u00e9rtil y anhelada que nos ayuda a sobrevivir en tiempos de sombras, cuando atormentan los silencios y buscamos desesperadamente un camino de luz, una m\u00ednima esperanza en el porvenir que merecemos.<\/p>\n<p>PUBLICADO EN IDEAL DE GRANADA<\/p>\n<p>FOTO: https:\/\/www.kilometrosymillas.com\/tres-beneficios-de-la-lectura-para-celebrar-el-dia-del-libro\/<\/p>\n<p>&nbsp;<\/p>\n","protected":false},"excerpt":{"rendered":"<p>Hoy el cielo, de tan azul, ha convertido las nubes en un horizonte blanco de&#8230;<\/p>\n","protected":false},"author":1,"featured_media":39508,"comment_status":"closed","ping_status":"closed","sticky":false,"template":"","format":"standard","meta":{"_coblocks_attr":"","_coblocks_dimensions":"","_coblocks_responsive_height":"","_coblocks_accordion_ie_support":"","jetpack_post_was_ever_published":false,"_jetpack_newsletter_access":"","_jetpack_dont_email_post_to_subs":false,"_jetpack_newsletter_tier_id":0,"_jetpack_memberships_contains_paywalled_content":false,"_jetpack_memberships_contains_paid_content":false,"footnotes":"","jetpack_publicize_message":"","jetpack_publicize_feature_enabled":true,"jetpack_social_post_already_shared":false,"jetpack_social_options":{"image_generator_settings":{"template":"highway","default_image_id":0,"enabled":false},"version":2}},"categories":[12,1161,44,6914,6937,15],"tags":[523,5800],"class_list":["post-39468","post","type-post","status-publish","format-standard","has-post-thumbnail","hentry","category-cultura","category-ciudadania","category-noticias-de-hoy","category-opinion-de-reme-sanchez","category-sociedad","category-ultimas-noticias","tag-dia-del-libro","tag-remedios-sanchez"],"jetpack_publicize_connections":[],"jetpack_featured_media_url":"https:\/\/i0.wp.com\/miradordeatarfe.es\/wp-content\/uploads\/2020\/04\/self-improvement-books-700x438-1.jpg?fit=700%2C438&ssl=1","jetpack_likes_enabled":true,"jetpack_sharing_enabled":true,"_links":{"self":[{"href":"https:\/\/miradordeatarfe.es\/index.php?rest_route=\/wp\/v2\/posts\/39468","targetHints":{"allow":["GET"]}}],"collection":[{"href":"https:\/\/miradordeatarfe.es\/index.php?rest_route=\/wp\/v2\/posts"}],"about":[{"href":"https:\/\/miradordeatarfe.es\/index.php?rest_route=\/wp\/v2\/types\/post"}],"author":[{"embeddable":true,"href":"https:\/\/miradordeatarfe.es\/index.php?rest_route=\/wp\/v2\/users\/1"}],"replies":[{"embeddable":true,"href":"https:\/\/miradordeatarfe.es\/index.php?rest_route=%2Fwp%2Fv2%2Fcomments&post=39468"}],"version-history":[{"count":1,"href":"https:\/\/miradordeatarfe.es\/index.php?rest_route=\/wp\/v2\/posts\/39468\/revisions"}],"predecessor-version":[{"id":39509,"href":"https:\/\/miradordeatarfe.es\/index.php?rest_route=\/wp\/v2\/posts\/39468\/revisions\/39509"}],"wp:featuredmedia":[{"embeddable":true,"href":"https:\/\/miradordeatarfe.es\/index.php?rest_route=\/wp\/v2\/media\/39508"}],"wp:attachment":[{"href":"https:\/\/miradordeatarfe.es\/index.php?rest_route=%2Fwp%2Fv2%2Fmedia&parent=39468"}],"wp:term":[{"taxonomy":"category","embeddable":true,"href":"https:\/\/miradordeatarfe.es\/index.php?rest_route=%2Fwp%2Fv2%2Fcategories&post=39468"},{"taxonomy":"post_tag","embeddable":true,"href":"https:\/\/miradordeatarfe.es\/index.php?rest_route=%2Fwp%2Fv2%2Ftags&post=39468"}],"curies":[{"name":"wp","href":"https:\/\/api.w.org\/{rel}","templated":true}]}}