{"id":39470,"date":"2020-04-28T11:00:21","date_gmt":"2020-04-28T09:00:21","guid":{"rendered":"http:\/\/miradordeatarfe.es\/?p=39470"},"modified":"2020-04-27T18:51:41","modified_gmt":"2020-04-27T16:51:41","slug":"atarfe-y-la-provincia-de-granada-que-son-positivos-de-coronavirus","status":"publish","type":"post","link":"https:\/\/miradordeatarfe.es\/?p=39470","title":{"rendered":"ATARFE Y LA PROVINCIA DE GRANADA QUE SON POSITIVOS DE CORONAVIRUS"},"content":{"rendered":"<h2>Estas son las cifras de positivos y fallecimientos en cada localidad que ha ofrecido la Consejer\u00eda de Salud de la Junta de Andaluc\u00eda<\/h2>\n<p>La Consejer\u00eda de Salud de la Junta de Andaluc\u00eda ofreci\u00f3 este lunes de manera oficial los datos que adelantaba IDEAL este fin de semana relativos a cada municipio de la comunidad aut\u00f3noma. En ellos figura por primera vez a un nivel detallado el n\u00famero de contagios y fallecimientos que se han producido en cada localidad. Con estos mapas y tablas interactivas, en las que se puede buscar, discriminar y ordenar por cada uno de los campos, puede conocer en detalle las cifras de su lugar de residencia.<\/p>\n<p><a href=\"https:\/\/i0.wp.com\/miradordeatarfe.es\/wp-content\/uploads\/2020\/04\/Screenshot_2020-04-27-Consulta-los-datos-de-contagiados-y-fallecidos-por-Covid-19-en-tu-municipio-de-Granada.png?ssl=1\"><img data-recalc-dims=\"1\" loading=\"lazy\" decoding=\"async\" class=\"alignnone wp-image-39494 size-full\" src=\"https:\/\/i0.wp.com\/miradordeatarfe.es\/wp-content\/uploads\/2020\/04\/Screenshot_2020-04-27-Consulta-los-datos-de-contagiados-y-fallecidos-por-Covid-19-en-tu-municipio-de-Granada.png?resize=640%2C408&#038;ssl=1\" alt=\"\" width=\"640\" height=\"408\" srcset=\"https:\/\/i0.wp.com\/miradordeatarfe.es\/wp-content\/uploads\/2020\/04\/Screenshot_2020-04-27-Consulta-los-datos-de-contagiados-y-fallecidos-por-Covid-19-en-tu-municipio-de-Granada.png?w=716&amp;ssl=1 716w, https:\/\/i0.wp.com\/miradordeatarfe.es\/wp-content\/uploads\/2020\/04\/Screenshot_2020-04-27-Consulta-los-datos-de-contagiados-y-fallecidos-por-Covid-19-en-tu-municipio-de-Granada.png?resize=300%2C191&amp;ssl=1 300w, https:\/\/i0.wp.com\/miradordeatarfe.es\/wp-content\/uploads\/2020\/04\/Screenshot_2020-04-27-Consulta-los-datos-de-contagiados-y-fallecidos-por-Covid-19-en-tu-municipio-de-Granada.png?resize=600%2C382&amp;ssl=1 600w\" sizes=\"auto, (max-width: 640px) 100vw, 640px\" \/><\/a><\/p>\n<p><a href=\"https:\/\/i0.wp.com\/miradordeatarfe.es\/wp-content\/uploads\/2020\/04\/Screenshot_2020-04-27-Consulta-los-datos-de-contagiados-y-fallecidos-por-Covid-19-en-tu-municipio-de-Granada1.png?ssl=1\"><img data-recalc-dims=\"1\" loading=\"lazy\" decoding=\"async\" class=\"alignnone wp-image-39493 size-full\" src=\"https:\/\/i0.wp.com\/miradordeatarfe.es\/wp-content\/uploads\/2020\/04\/Screenshot_2020-04-27-Consulta-los-datos-de-contagiados-y-fallecidos-por-Covid-19-en-tu-municipio-de-Granada1.png?resize=640%2C364&#038;ssl=1\" alt=\"\" width=\"640\" height=\"364\" srcset=\"https:\/\/i0.wp.com\/miradordeatarfe.es\/wp-content\/uploads\/2020\/04\/Screenshot_2020-04-27-Consulta-los-datos-de-contagiados-y-fallecidos-por-Covid-19-en-tu-municipio-de-Granada1.png?w=818&amp;ssl=1 818w, https:\/\/i0.wp.com\/miradordeatarfe.es\/wp-content\/uploads\/2020\/04\/Screenshot_2020-04-27-Consulta-los-datos-de-contagiados-y-fallecidos-por-Covid-19-en-tu-municipio-de-Granada1.png?resize=300%2C171&amp;ssl=1 300w, https:\/\/i0.wp.com\/miradordeatarfe.es\/wp-content\/uploads\/2020\/04\/Screenshot_2020-04-27-Consulta-los-datos-de-contagiados-y-fallecidos-por-Covid-19-en-tu-municipio-de-Granada1.png?resize=768%2C437&amp;ssl=1 768w, https:\/\/i0.wp.com\/miradordeatarfe.es\/wp-content\/uploads\/2020\/04\/Screenshot_2020-04-27-Consulta-los-datos-de-contagiados-y-fallecidos-por-Covid-19-en-tu-municipio-de-Granada1.png?resize=600%2C341&amp;ssl=1 600w\" sizes=\"auto, (max-width: 640px) 100vw, 640px\" \/><\/a><\/p>\n<h2>Y ESTOS SON LOS DATOS DE CADA UNO DE LOS MUNICIPIOS DE LA PROVINCIA DE GRANADA<\/h2>\n<div class=\"voc-guia-estilos__detail-code\">\n<div class=\"tiled-gallery type-rectangular tiled-gallery-unresized\" data-original-width=\"640\" data-carousel-extra='null' itemscope itemtype=\"http:\/\/schema.org\/ImageGallery\" > <div class=\"gallery-row\" style=\"width: 640px; height: 785px;\" data-original-width=\"640\" data-original-height=\"785\" > <div class=\"gallery-group images-1\" style=\"width: 640px; height: 785px;\" data-original-width=\"640\" data-original-height=\"785\" > <div class=\"tiled-gallery-item tiled-gallery-item-large\" itemprop=\"associatedMedia\" itemscope itemtype=\"http:\/\/schema.org\/ImageObject\"> <a href=\"https:\/\/miradordeatarfe.es\/?attachment_id=39485\" border=\"0\" itemprop=\"url\"> <meta itemprop=\"width\" content=\"636\"> <meta itemprop=\"height\" content=\"781\"> <img decoding=\"async\" class=\"\" data-attachment-id=\"39485\" data-orig-file=\"https:\/\/miradordeatarfe.es\/wp-content\/uploads\/2020\/04\/Screenshot_2020-04-27-13-04-21-858_com.android.browser-2.jpg\" data-orig-size=\"1041,1278\" data-comments-opened=\"\" data-image-meta=\"{&quot;aperture&quot;:&quot;0&quot;,&quot;credit&quot;:&quot;&quot;,&quot;camera&quot;:&quot;&quot;,&quot;caption&quot;:&quot;&quot;,&quot;created_timestamp&quot;:&quot;1588012352&quot;,&quot;copyright&quot;:&quot;&quot;,&quot;focal_length&quot;:&quot;0&quot;,&quot;iso&quot;:&quot;0&quot;,&quot;shutter_speed&quot;:&quot;0&quot;,&quot;title&quot;:&quot;&quot;,&quot;orientation&quot;:&quot;1&quot;}\" data-image-title=\"Screenshot_2020-04-27-13-04-21-858_com.android.browser (2)\" data-image-description=\"\" data-medium-file=\"https:\/\/i0.wp.com\/miradordeatarfe.es\/wp-content\/uploads\/2020\/04\/Screenshot_2020-04-27-13-04-21-858_com.android.browser-2.jpg?fit=244%2C300&#038;ssl=1\" data-large-file=\"https:\/\/i0.wp.com\/miradordeatarfe.es\/wp-content\/uploads\/2020\/04\/Screenshot_2020-04-27-13-04-21-858_com.android.browser-2.jpg?fit=640%2C786&#038;ssl=1\" src=\"https:\/\/i0.wp.com\/miradordeatarfe.es\/wp-content\/uploads\/2020\/04\/Screenshot_2020-04-27-13-04-21-858_com.android.browser-2.jpg?w=636&#038;h=781&#038;ssl=1\" srcset=\"https:\/\/i0.wp.com\/miradordeatarfe.es\/wp-content\/uploads\/2020\/04\/Screenshot_2020-04-27-13-04-21-858_com.android.browser-2.jpg?w=1041&amp;ssl=1 1041w, https:\/\/i0.wp.com\/miradordeatarfe.es\/wp-content\/uploads\/2020\/04\/Screenshot_2020-04-27-13-04-21-858_com.android.browser-2.jpg?resize=244%2C300&amp;ssl=1 244w, https:\/\/i0.wp.com\/miradordeatarfe.es\/wp-content\/uploads\/2020\/04\/Screenshot_2020-04-27-13-04-21-858_com.android.browser-2.jpg?resize=834%2C1024&amp;ssl=1 834w, https:\/\/i0.wp.com\/miradordeatarfe.es\/wp-content\/uploads\/2020\/04\/Screenshot_2020-04-27-13-04-21-858_com.android.browser-2.jpg?resize=768%2C943&amp;ssl=1 768w, https:\/\/i0.wp.com\/miradordeatarfe.es\/wp-content\/uploads\/2020\/04\/Screenshot_2020-04-27-13-04-21-858_com.android.browser-2.jpg?resize=600%2C737&amp;ssl=1 600w\" width=\"636\" height=\"781\" loading=\"lazy\" data-original-width=\"636\" data-original-height=\"781\" itemprop=\"http:\/\/schema.org\/image\" title=\"Screenshot_2020-04-27-13-04-21-858_com.android.browser (2)\" alt=\"Screenshot_2020-04-27-13-04-21-858_com.android.browser (2)\" style=\"width: 636px; height: 781px;\" \/> <\/a> <\/div> <\/div> <!-- close group --> <\/div> <!-- close row --> <\/div>\n<p><a href=\"https:\/\/i0.wp.com\/miradordeatarfe.es\/wp-content\/uploads\/2020\/04\/uAEUR-tasa-de-positivos-por-covid-19-en-los-municipios-de-granada-kBPC-U10010814367362lH-624x385%40Ideal.jpg?ssl=1\"><img data-recalc-dims=\"1\" loading=\"lazy\" decoding=\"async\" class=\"alignnone size-medium wp-image-39492\" src=\"https:\/\/i0.wp.com\/miradordeatarfe.es\/wp-content\/uploads\/2020\/04\/uAEUR-tasa-de-positivos-por-covid-19-en-los-municipios-de-granada-kBPC-U10010814367362lH-624x385%40Ideal.jpg?resize=300%2C204&#038;ssl=1\" alt=\"\" width=\"300\" height=\"204\" srcset=\"https:\/\/i0.wp.com\/miradordeatarfe.es\/wp-content\/uploads\/2020\/04\/uAEUR-tasa-de-positivos-por-covid-19-en-los-municipios-de-granada-kBPC-U10010814367362lH-624x385%40Ideal.jpg?resize=300%2C204&amp;ssl=1 300w, https:\/\/i0.wp.com\/miradordeatarfe.es\/wp-content\/uploads\/2020\/04\/uAEUR-tasa-de-positivos-por-covid-19-en-los-municipios-de-granada-kBPC-U10010814367362lH-624x385%40Ideal.jpg?w=566&amp;ssl=1 566w\" sizes=\"auto, (max-width: 300px) 100vw, 300px\" \/><\/a><\/p>\n<\/div>\n<div>\u00a0<\/div>\n<section class=\"voc-detail-code voc-detail-component \">\n<div class=\"voc-guia-estilos__detail-code\"><iframe id=\"datawrapper-chart-5d4j9\" title=\"Tasa de fallecidos por Covid-19 en cada municipio de Granada\" src=\"https:\/\/datawrapper.dwcdn.net\/5d4j9\/4\/\" height=\"450\" frameborder=\"0\" scrolling=\"no\" aria-label=\"Spain andalusia municipalities choropleth map\" data-mce-fragment=\"1\"><\/iframe><\/div>\n<div><a class=\"voc-author\" title=\"JUANJO CERERO\" href=\"https:\/\/www.ideal.es\/autor\/juanjo-cerero-1525.html\">JUANJO CERERO <\/a><\/div>\n<div>https:\/\/www.ideal.es\/granada\/consulta-datos-contagiados-20200427135747-nt.html<\/div>\n<\/section>\n","protected":false},"excerpt":{"rendered":"<p>Estas son las cifras de positivos y fallecimientos en cada localidad que ha ofrecido la&#8230;<\/p>\n","protected":false},"author":1,"featured_media":39495,"comment_status":"closed","ping_status":"closed","sticky":false,"template":"","format":"standard","meta":{"_coblocks_attr":"","_coblocks_dimensions":"","_coblocks_responsive_height":"","_coblocks_accordion_ie_support":"","jetpack_post_was_ever_published":false,"_jetpack_newsletter_access":"","_jetpack_dont_email_post_to_subs":false,"_jetpack_newsletter_tier_id":0,"_jetpack_memberships_contains_paywalled_content":false,"_jetpack_memberships_contains_paid_content":false,"footnotes":"","jetpack_publicize_message":"","jetpack_publicize_feature_enabled":true,"jetpack_social_post_already_shared":false,"jetpack_social_options":{"image_generator_settings":{"template":"highway","default_image_id":0,"enabled":false},"version":2}},"categories":[1161,7149,44,15],"tags":[7021,7166,129],"class_list":["post-39470","post","type-post","status-publish","format-standard","has-post-thumbnail","hentry","category-ciudadania","category-coronavirus","category-noticias-de-hoy","category-ultimas-noticias","tag-coronavirus","tag-covid-19","tag-granada"],"jetpack_publicize_connections":[],"jetpack_featured_media_url":"https:\/\/i0.wp.com\/miradordeatarfe.es\/wp-content\/uploads\/2020\/04\/coronavirus.jpg?fit=1024%2C576&ssl=1","jetpack_likes_enabled":true,"jetpack_sharing_enabled":true,"_links":{"self":[{"href":"https:\/\/miradordeatarfe.es\/index.php?rest_route=\/wp\/v2\/posts\/39470","targetHints":{"allow":["GET"]}}],"collection":[{"href":"https:\/\/miradordeatarfe.es\/index.php?rest_route=\/wp\/v2\/posts"}],"about":[{"href":"https:\/\/miradordeatarfe.es\/index.php?rest_route=\/wp\/v2\/types\/post"}],"author":[{"embeddable":true,"href":"https:\/\/miradordeatarfe.es\/index.php?rest_route=\/wp\/v2\/users\/1"}],"replies":[{"embeddable":true,"href":"https:\/\/miradordeatarfe.es\/index.php?rest_route=%2Fwp%2Fv2%2Fcomments&post=39470"}],"version-history":[{"count":2,"href":"https:\/\/miradordeatarfe.es\/index.php?rest_route=\/wp\/v2\/posts\/39470\/revisions"}],"predecessor-version":[{"id":39497,"href":"https:\/\/miradordeatarfe.es\/index.php?rest_route=\/wp\/v2\/posts\/39470\/revisions\/39497"}],"wp:featuredmedia":[{"embeddable":true,"href":"https:\/\/miradordeatarfe.es\/index.php?rest_route=\/wp\/v2\/media\/39495"}],"wp:attachment":[{"href":"https:\/\/miradordeatarfe.es\/index.php?rest_route=%2Fwp%2Fv2%2Fmedia&parent=39470"}],"wp:term":[{"taxonomy":"category","embeddable":true,"href":"https:\/\/miradordeatarfe.es\/index.php?rest_route=%2Fwp%2Fv2%2Fcategories&post=39470"},{"taxonomy":"post_tag","embeddable":true,"href":"https:\/\/miradordeatarfe.es\/index.php?rest_route=%2Fwp%2Fv2%2Ftags&post=39470"}],"curies":[{"name":"wp","href":"https:\/\/api.w.org\/{rel}","templated":true}]}}