{"id":39498,"date":"2020-04-29T11:33:31","date_gmt":"2020-04-29T09:33:31","guid":{"rendered":"http:\/\/miradordeatarfe.es\/?p=39498"},"modified":"2020-06-26T12:29:03","modified_gmt":"2020-06-26T10:29:03","slug":"los-apodos-de-los-mejores-atletas-de-la-historia-version-atletismo-atarfe-4a-entrega-por-manuel-jimenez","status":"publish","type":"post","link":"https:\/\/miradordeatarfe.es\/?p=39498","title":{"rendered":"LOS APODOS DE LOS MEJORES ATLETAS DE LA HISTORIA. VERSI\u00d3N ATLETISMO ATARFE (4\u00aa ENTREGA). por Manuel Jim\u00e9nez"},"content":{"rendered":"<h3 style=\"text-align: justify;\">El estado de alarma no comienza su ansiada desescalada por lo que aprovechamos para continuar con nuestro particular repaso de algunos\/as de los\/as mejores atletas de la historia acerc\u00e1ndonos a ellos a trav\u00e9s de los apodos por los que pasaron a la posteridad.<\/h3>\n<p style=\"text-align: justify;\">Comenzamos hoy con un aut\u00e9ntico so\u00f1ador del atletismo, \u201c<strong><b>the dreamer<\/b><\/strong>\u201d sobrenombre por el que se conoce al gran <strong><b>Wayde van Niekerk <\/b><\/strong>\u00fanico atleta en la historia que ha conseguido bajar de 10 en 100 (9.94), de 20 en 200 (19.84), de 31 en 300 (30.81 RM) y de 44 en 400 (y a punto estuvo de ser el primer hombre en bajar de 43 en 400 con sus 43.03 de R\u00edo).<\/p>\n<p style=\"text-align: justify;\">Su Oro en R\u00edo de Janeiro corriendo por la calle 8 y batiendo el record mundial conseguido en su d\u00eda por Michael Johnson (hablaremos m\u00e1s tarde de \u00e9l) en Sevilla pasa por ser una de las im\u00e1genes m\u00e1s ic\u00f3nicas del atletismo.<\/p>\n<p style=\"text-align: justify;\">Es adem\u00e1s doble campe\u00f3n mundial (Pek\u00edn 2015 y Londres 2017) y plata en 200 tambi\u00e9n en Londres. Una lesi\u00f3n en la rodilla en una exhibici\u00f3n ben\u00e9fica de Rugby ha truncado su carrera pero el aplazamiento de Tokio quiz\u00e1s le permita llegar en plenas facultades. Ahora no puede contar con el apoyo de su entrenadora por ser grupo vulnerable al COVID, es su abuela Ans Botha de 74 a\u00f1os de edad.<\/p>\n<p style=\"text-align: justify;\">En estos d\u00edas todos\/as nuestros\/as atletas sue\u00f1an con volver a gozar de plena libertad de movimientos si bien nos centramos en un aut\u00e9ntico so\u00f1ador que ya ha bajado de \u00a07.50 en 60 (7.47), de 12 en 100 (11.89), de 25 en 200 (24.54), de 39 en 300 (38.32) y de 90 en 600 (1.29.92), seguro que lo hab\u00e9is adivinado, hablamos de David Hern\u00e1ndez S\u00e1nchez quien ya sabe lo que es competir en un nacional individual (Sabadell 2019). Como su progresi\u00f3n es constante a poco que se pueda volver a competir dejar\u00e1 desfasados estos datos.<\/p>\n<p style=\"text-align: justify;\">Seguimos con \u201crecordmen\u201d de la vuelta a la pista en este caso con el predecesor de Nierkek, el tejano Michael Johnson apodado \u201c<strong><b>el pato<\/b><\/strong>\u201d por su peculiar estilo de correr, con el culo muy bajo, la espalda recta (por lo que tambi\u00e9n se le conoc\u00eda como \u201c<strong><b>la estatua<\/b><\/strong>\u201d) y dando zancadas relativamente cortas. A quienes le criticaban les respond\u00eda que el resto de atletas eran los que corr\u00edan mal pues con los records mundiales de 200 (19.32) y 400 (43.18) le sobraban argumentos para callar bocas. Por estas marcas y su lugar de nacimiento otros le conoc\u00edan como \u201c<strong><b>el expreso de Waco<\/b><\/strong>\u201d.<\/p>\n<p style=\"text-align: justify;\">Su dominio en 200 y 400 fue abrumador en la d\u00e9cada de los 90 con 4 oros en Juegos Ol\u00edmpicos (relevo 4&#215;400 en Barcelona 92, 200 y 400 en Atlanta 96 y 400 en Sidney) y 8 Oros Mundiales (200 en Tokio 91, 400 y 4&#215;400 en Sttugart 93, 200-400 y 4&#215;400 en Goteborg 95; 400 en Atenas 97 y 400 en Sevilla 99).<\/p>\n<p style=\"text-align: justify;\">En Atletismo Atarfe tenemos al \u201c<strong><b>expreso de Beas<\/b><\/strong>\u201d, Manuel Cort\u00e9s Garrido quien ha inaugurado la l\u00ednea de alt\u00edsima velocidad Beas-Atarfe-Antequera por lo mucho que gusta de competir en la ciudad del Torcal, y ya se sabe que desde aqu\u00ed tiene conexi\u00f3n con todo el pa\u00eds pues su calidad y ganas lo llevar\u00e1n bien pronto a competir a nivel nacional. Destaca tanto por su brazo-catapulta (10.82 con el artefacto de 3 kg que le brindaron un merecido bronce en el Andaluz oriental) como por su potencia y velocidad (7.74 en 60; 10.09 en 80; 19.37 en 150, 40.35 en 300 y 1.20.17 en 500) adem\u00e1s de ser un seguro de vida como rematador del relevo.<\/p>\n<p style=\"text-align: justify;\"><a href=\"https:\/\/i0.wp.com\/miradordeatarfe.es\/wp-content\/uploads\/2020\/04\/Manu-Cort%C3%A9s-Garrido-y-Carlos-Pe%C3%B1a-Guarrom%C3%A1n-2020.jpg?ssl=1\"><img data-recalc-dims=\"1\" loading=\"lazy\" decoding=\"async\" class=\"alignnone wp-image-39499 size-full\" src=\"https:\/\/i0.wp.com\/miradordeatarfe.es\/wp-content\/uploads\/2020\/04\/Manu-Cort%C3%A9s-Garrido-y-Carlos-Pe%C3%B1a-Guarrom%C3%A1n-2020.jpg?resize=640%2C386&#038;ssl=1\" alt=\"\" width=\"640\" height=\"386\" srcset=\"https:\/\/i0.wp.com\/miradordeatarfe.es\/wp-content\/uploads\/2020\/04\/Manu-Cort%C3%A9s-Garrido-y-Carlos-Pe%C3%B1a-Guarrom%C3%A1n-2020.jpg?w=1009&amp;ssl=1 1009w, https:\/\/i0.wp.com\/miradordeatarfe.es\/wp-content\/uploads\/2020\/04\/Manu-Cort%C3%A9s-Garrido-y-Carlos-Pe%C3%B1a-Guarrom%C3%A1n-2020.jpg?resize=300%2C181&amp;ssl=1 300w, https:\/\/i0.wp.com\/miradordeatarfe.es\/wp-content\/uploads\/2020\/04\/Manu-Cort%C3%A9s-Garrido-y-Carlos-Pe%C3%B1a-Guarrom%C3%A1n-2020.jpg?resize=768%2C464&amp;ssl=1 768w, https:\/\/i0.wp.com\/miradordeatarfe.es\/wp-content\/uploads\/2020\/04\/Manu-Cort%C3%A9s-Garrido-y-Carlos-Pe%C3%B1a-Guarrom%C3%A1n-2020.jpg?resize=600%2C362&amp;ssl=1 600w\" sizes=\"auto, (max-width: 640px) 100vw, 640px\" \/><\/a>\u00a0\u00a0\u00a0\u00a0<\/p>\n<p style=\"text-align: justify;\">Si de dominar la combinaci\u00f3n 200-400 en unos Juegos Ol\u00edmpicos nos ocupa no podemos dejar de traer aqu\u00ed a la antillana francesa Marie Jose Perec doble campeona ol\u00edmpica en Atlanta 96 200-400 (con record ol\u00edmpico de 48.25, en su d\u00eda tercera mejor marca mundial de todos los tiempos tras las inalcanzables Katrosvilova y Koch) adem\u00e1s de oro en el 400 de Barcelona 92. En Mundiales atesora otro doblete de oro en 400 (Tokio 91-Goteborg 95) adem\u00e1s de ser Campeona de Europa en Helsinki 95 tanto en 400 como en 4&#215;400. Su carisma transcendi\u00f3 del tart\u00e1n hasta el punto de contar con gui\u00f1ol propio en la TV Francesa y recibir la orden de \u201cCaballero\u201d de la Legi\u00f3n de Honor. Sus cualidades le hicieron acreedora de varios apelativos como \u201c<strong><b>la ca\u00f1a\u201d<\/b><\/strong>\u00a0(de az\u00facar por su estatura), <strong><b>\u201cla gacela\u201d o \u201cla divina\u201d. <\/b><\/strong><\/p>\n<p style=\"text-align: justify;\">Las ni\u00f1as de ATLETISMO ATARFE son sin duda la CA\u00d1A, como ejemplo Elena Carrillo Mesa que lo mismo te corre un 60 en 9.26 que un 300 en 49.27 o un 500 en 1.29.27 o te salta 3.79 en longitud o te traduce una novela del chino mandar\u00edn. Ejemplo de constancia y devoci\u00f3n por la pr\u00e1ctica atl\u00e9tica.<\/p>\n<p><a href=\"https:\/\/i0.wp.com\/miradordeatarfe.es\/wp-content\/uploads\/2020\/04\/Elena-Carrillo-Mesa-Cross-2.jpeg?ssl=1\"><img data-recalc-dims=\"1\" loading=\"lazy\" decoding=\"async\" class=\"alignnone wp-image-39501 size-full\" src=\"https:\/\/i0.wp.com\/miradordeatarfe.es\/wp-content\/uploads\/2020\/04\/Elena-Carrillo-Mesa-Cross-2.jpeg?resize=640%2C447&#038;ssl=1\" alt=\"\" width=\"640\" height=\"447\" srcset=\"https:\/\/i0.wp.com\/miradordeatarfe.es\/wp-content\/uploads\/2020\/04\/Elena-Carrillo-Mesa-Cross-2.jpeg?w=745&amp;ssl=1 745w, https:\/\/i0.wp.com\/miradordeatarfe.es\/wp-content\/uploads\/2020\/04\/Elena-Carrillo-Mesa-Cross-2.jpeg?resize=300%2C209&amp;ssl=1 300w, https:\/\/i0.wp.com\/miradordeatarfe.es\/wp-content\/uploads\/2020\/04\/Elena-Carrillo-Mesa-Cross-2.jpeg?resize=600%2C419&amp;ssl=1 600w\" sizes=\"auto, (max-width: 640px) 100vw, 640px\" \/><\/a><\/p>\n<p style=\"text-align: justify;\">Gacelas son multitud las que se divisan en la sabana atarfe\u00f1a pudiendo singularizar en Marta Salas Molina ejemplo de atleta multiusos capaz de volar hasta 4.23 en longitud o correr los 60 en 9.02, los 80 en 11.68 y los 1.000 en 3.51.68, completar los 60 vallas en 12.23 y los 80 v en 16.76. Adem\u00e1s domina los lanzamientos (peso 5.90 y disco 13.85), sin duda una gacela multiatl\u00e9tica.<\/p>\n<p><a href=\"https:\/\/i0.wp.com\/miradordeatarfe.es\/wp-content\/uploads\/2020\/04\/Mar%C3%ADa-P%C3%A9rez-G%C3%B3mez-Cross-2.jpeg?ssl=1\"><img data-recalc-dims=\"1\" loading=\"lazy\" decoding=\"async\" class=\"alignnone wp-image-39502 size-full\" src=\"https:\/\/i0.wp.com\/miradordeatarfe.es\/wp-content\/uploads\/2020\/04\/Mar%C3%ADa-P%C3%A9rez-G%C3%B3mez-Cross-2.jpeg?resize=640%2C536&#038;ssl=1\" alt=\"\" width=\"640\" height=\"536\" srcset=\"https:\/\/i0.wp.com\/miradordeatarfe.es\/wp-content\/uploads\/2020\/04\/Mar%C3%ADa-P%C3%A9rez-G%C3%B3mez-Cross-2.jpeg?w=750&amp;ssl=1 750w, https:\/\/i0.wp.com\/miradordeatarfe.es\/wp-content\/uploads\/2020\/04\/Mar%C3%ADa-P%C3%A9rez-G%C3%B3mez-Cross-2.jpeg?resize=300%2C251&amp;ssl=1 300w, https:\/\/i0.wp.com\/miradordeatarfe.es\/wp-content\/uploads\/2020\/04\/Mar%C3%ADa-P%C3%A9rez-G%C3%B3mez-Cross-2.jpeg?resize=600%2C502&amp;ssl=1 600w\" sizes=\"auto, (max-width: 640px) 100vw, 640px\" \/><\/a><\/p>\n<p style=\"text-align: justify;\">Y para divina nuestra fondista Mar\u00eda P\u00e9rez G\u00f3mez, temporalmente emigrada a su natal Albolote, atleta con querencia por el medio fondo con 1.45.68 en 600 y 3.18.12 en 1000 pero que ha sorprendido a todos con 1.42 en altura. Motivo extra para volver a utilizar el set completo que Atletismo Ciudad Atarfe ha instalado en la instalaci\u00f3n municipal.<\/p>\n<p style=\"text-align: justify;\">Y para terminar estas entregas de apodos atl\u00e9ticos resulta obligado terminar con el m\u00e1s grande, el gran USAIN BOLT, <strong><b>LIGHTNING BOLT, \u201cel rayo\u201d. <\/b><\/strong>Ocho oros ol\u00edmpicos (Pek\u00edn 08 100-200; Londres 12 100-200-4&#215;100; R\u00edo 16 100-200-4&#215;100) y 13 mundiales le contemplan (tripletes en Berl\u00edn 09, Mosc\u00fa 13 y Pek\u00edn 15 m\u00e1s un doblete en Daegu 11), m\u00e1s dos platas (Osaka 07) y un bronce (Londres 17). Con 16 a\u00f1os ya era capaz de correr los 200 en 20.13 y suyos son los topes hist\u00f3ricos de 100 (9.58) y 200 (19.13). \u00a0\u00a0\u00a0\u00a0\u00a0\u00a0\u00a0\u00a0\u00a0<\/p>\n<p style=\"text-align: justify;\"><a href=\"https:\/\/i0.wp.com\/miradordeatarfe.es\/wp-content\/uploads\/2020\/04\/Jes%C3%BAs-Zamora-Torredonjimeno-2019.jpeg?ssl=1\"><img data-recalc-dims=\"1\" loading=\"lazy\" decoding=\"async\" class=\"alignnone wp-image-39503 size-full\" src=\"https:\/\/i0.wp.com\/miradordeatarfe.es\/wp-content\/uploads\/2020\/04\/Jes%C3%BAs-Zamora-Torredonjimeno-2019.jpeg?resize=640%2C853&#038;ssl=1\" alt=\"\" width=\"640\" height=\"853\" srcset=\"https:\/\/i0.wp.com\/miradordeatarfe.es\/wp-content\/uploads\/2020\/04\/Jes%C3%BAs-Zamora-Torredonjimeno-2019.jpeg?w=768&amp;ssl=1 768w, https:\/\/i0.wp.com\/miradordeatarfe.es\/wp-content\/uploads\/2020\/04\/Jes%C3%BAs-Zamora-Torredonjimeno-2019.jpeg?resize=225%2C300&amp;ssl=1 225w, https:\/\/i0.wp.com\/miradordeatarfe.es\/wp-content\/uploads\/2020\/04\/Jes%C3%BAs-Zamora-Torredonjimeno-2019.jpeg?resize=600%2C800&amp;ssl=1 600w\" sizes=\"auto, (max-width: 640px) 100vw, 640px\" \/><\/a>\u00a0\u00a0\u00a0\u00a0\u00a0\u00a0\u00a0\u00a0<\/p>\n<p style=\"text-align: justify;\">Nos dice la f\u00edsica que un rayo promedio alcanza los 1.500 metros y justo esta es la distancia en la que han empezado a ense\u00f1ar la patita dos figuras en ciernes del medio fondo atarfe\u00f1o: Jes\u00fas Zamora Tortosa es un atleta que desde peque\u00f1o se ha caracterizado por dar pasos cortos pero seguros en su evoluci\u00f3n atl\u00e9tica que lo han llevado a conquistar medallas a nivel andaluz en pista al aire libre y pista cubierta y presencias con la selecci\u00f3n auton\u00f3mica en los nacionales de Cross (59\u00ba este invierno en Soria) adem\u00e1s de ser un fijo en las alineaciones del Nerja Atletismo en los nacionales de campo a trav\u00e9s. En 1500 ha situado su marca en unos interesantes 4.15.72 (medalla de chocolote en el \u00faltimo andaluz Sub 18) cuya \u00faltima vuelta ganando m\u00e1s de cinco puestos levant\u00f3 un estruendo en la grada similar a la de un trueno<\/p>\n<p style=\"text-align: justify;\">A su zaga ha crecido otro milquinientista de futuro, el santaferino \u00c1ngel Torres Villalba que ha marcado este invierno 4.25.58 y unos impresionantes 9.47.42 en 3000 que han deslumbrado a la afici\u00f3n cual rel\u00e1mpago en el cielo. \u00a0<\/p>\n<p><a href=\"https:\/\/i0.wp.com\/miradordeatarfe.es\/wp-content\/uploads\/2020\/04\/%C3%81ngel-Torres-Torredonjimeno-2019.jpeg?ssl=1\"><img data-recalc-dims=\"1\" loading=\"lazy\" decoding=\"async\" class=\"alignnone wp-image-39505 size-full\" src=\"https:\/\/i0.wp.com\/miradordeatarfe.es\/wp-content\/uploads\/2020\/04\/%C3%81ngel-Torres-Torredonjimeno-2019.jpeg?resize=640%2C853&#038;ssl=1\" alt=\"\" width=\"640\" height=\"853\" srcset=\"https:\/\/i0.wp.com\/miradordeatarfe.es\/wp-content\/uploads\/2020\/04\/%C3%81ngel-Torres-Torredonjimeno-2019.jpeg?w=768&amp;ssl=1 768w, https:\/\/i0.wp.com\/miradordeatarfe.es\/wp-content\/uploads\/2020\/04\/%C3%81ngel-Torres-Torredonjimeno-2019.jpeg?resize=225%2C300&amp;ssl=1 225w, https:\/\/i0.wp.com\/miradordeatarfe.es\/wp-content\/uploads\/2020\/04\/%C3%81ngel-Torres-Torredonjimeno-2019.jpeg?resize=600%2C800&amp;ssl=1 600w\" sizes=\"auto, (max-width: 640px) 100vw, 640px\" \/><\/a><\/p>\n","protected":false},"excerpt":{"rendered":"<p>El estado de alarma no comienza su ansiada desescalada por lo que aprovechamos para continuar&#8230;<\/p>\n","protected":false},"author":1,"featured_media":39506,"comment_status":"closed","ping_status":"closed","sticky":false,"template":"","format":"standard","meta":{"_coblocks_attr":"","_coblocks_dimensions":"","_coblocks_responsive_height":"","_coblocks_accordion_ie_support":"","jetpack_post_was_ever_published":false,"_jetpack_newsletter_access":"","_jetpack_dont_email_post_to_subs":false,"_jetpack_newsletter_tier_id":0,"_jetpack_memberships_contains_paywalled_content":false,"_jetpack_memberships_contains_paid_content":false,"footnotes":"","jetpack_publicize_message":"","jetpack_publicize_feature_enabled":true,"jetpack_social_post_already_shared":false,"jetpack_social_options":{"image_generator_settings":{"template":"highway","default_image_id":0,"enabled":false},"version":2}},"categories":[182,186,6915,44,15],"tags":[85,123],"class_list":["post-39498","post","type-post","status-publish","format-standard","has-post-thumbnail","hentry","category-deportes","category-instituciones","category-opinion-de-manuel-jimenez","category-noticias-de-hoy","category-ultimas-noticias","tag-atletismo","tag-deportes"],"jetpack_publicize_connections":[],"jetpack_featured_media_url":"https:\/\/i0.wp.com\/miradordeatarfe.es\/wp-content\/uploads\/2020\/04\/Marta-Salas-Molina-Altura-1-scaled.jpg?fit=2560%2C1280&ssl=1","jetpack_likes_enabled":true,"jetpack_sharing_enabled":true,"_links":{"self":[{"href":"https:\/\/miradordeatarfe.es\/index.php?rest_route=\/wp\/v2\/posts\/39498","targetHints":{"allow":["GET"]}}],"collection":[{"href":"https:\/\/miradordeatarfe.es\/index.php?rest_route=\/wp\/v2\/posts"}],"about":[{"href":"https:\/\/miradordeatarfe.es\/index.php?rest_route=\/wp\/v2\/types\/post"}],"author":[{"embeddable":true,"href":"https:\/\/miradordeatarfe.es\/index.php?rest_route=\/wp\/v2\/users\/1"}],"replies":[{"embeddable":true,"href":"https:\/\/miradordeatarfe.es\/index.php?rest_route=%2Fwp%2Fv2%2Fcomments&post=39498"}],"version-history":[{"count":1,"href":"https:\/\/miradordeatarfe.es\/index.php?rest_route=\/wp\/v2\/posts\/39498\/revisions"}],"predecessor-version":[{"id":39507,"href":"https:\/\/miradordeatarfe.es\/index.php?rest_route=\/wp\/v2\/posts\/39498\/revisions\/39507"}],"wp:featuredmedia":[{"embeddable":true,"href":"https:\/\/miradordeatarfe.es\/index.php?rest_route=\/wp\/v2\/media\/39506"}],"wp:attachment":[{"href":"https:\/\/miradordeatarfe.es\/index.php?rest_route=%2Fwp%2Fv2%2Fmedia&parent=39498"}],"wp:term":[{"taxonomy":"category","embeddable":true,"href":"https:\/\/miradordeatarfe.es\/index.php?rest_route=%2Fwp%2Fv2%2Fcategories&post=39498"},{"taxonomy":"post_tag","embeddable":true,"href":"https:\/\/miradordeatarfe.es\/index.php?rest_route=%2Fwp%2Fv2%2Ftags&post=39498"}],"curies":[{"name":"wp","href":"https:\/\/api.w.org\/{rel}","templated":true}]}}