{"id":39510,"date":"2020-04-29T10:10:42","date_gmt":"2020-04-29T08:10:42","guid":{"rendered":"http:\/\/miradordeatarfe.es\/?p=39510"},"modified":"2020-04-27T19:19:12","modified_gmt":"2020-04-27T17:19:12","slug":"holandeses-avanzan-en-el-escenario-pospandemia-y-proponen-un-modelo-economico-basado-en-el-decrecimiento","status":"publish","type":"post","link":"https:\/\/miradordeatarfe.es\/?p=39510","title":{"rendered":"Holandeses avanzan en el escenario pospandemia y proponen un modelo econ\u00f3mico basado en el decrecimiento"},"content":{"rendered":"<div dir=\"auto\">\n<h3 dir=\"auto\" style=\"text-align: justify;\">\u00a0Al parecer Holanda es el pa\u00eds que con m\u00e1s fuerza est\u00e1 tomando el desaf\u00edo de reestructurar su econom\u00eda a partir de lo que nos toca vivir en el presente.<\/h3>\n<div dir=\"auto\" style=\"text-align: justify;\">En este contexto, 170 acad\u00e9micos holandeses han planteado un manifiesto en 5-puntos para el cambio econ\u00f3mico post crisis del C19, basado en los principios del decrecimiento.<\/div>\n<div dir=\"auto\" style=\"text-align: justify;\">\u00a0<\/div>\n<div dir=\"auto\" style=\"text-align: justify;\">1) Pasar de una econom\u00eda enfocada en el crecimiento del PIB, a diferenciar entre sectores que pueden crecer y requieren inversi\u00f3n (sectores p\u00fablicos cr\u00edticos, energ\u00edas limpias, educaci\u00f3n, salud) y sectores que deben decrecer radicalmente (petr\u00f3leo, gas, miner\u00eda, publicidad, etc)<\/div>\n<div dir=\"auto\" style=\"text-align: justify;\">\u00a0<\/div>\n<div dir=\"auto\" style=\"text-align: justify;\">2) Construir una estructura econ\u00f3mica basada en la redistribuci\u00f3n. Que establece una renta b\u00e1sica universal, un sistema universal de servicios p\u00fablicos, un fuerte impuesto a los ingresos, al lucro y la riqueza, horarios de trabajo reducidos y trabajos compartidos, y que reconoce los trabajos de cuidados.<\/div>\n<div dir=\"auto\" style=\"text-align: justify;\">\u00a0<\/div>\n<div dir=\"auto\" style=\"text-align: justify;\">3) Transformar la agricultura hacia una regenerativa. Basada en la conservaci\u00f3n de la biodiversidad, sustentable y basada en producci\u00f3n local y vegetariana, adem\u00e1s de condiciones de empleo y salarios agr\u00edcolas justos.<\/div>\n<div dir=\"auto\" style=\"text-align: justify;\">\u00a0<\/div>\n<div dir=\"auto\" style=\"text-align: justify;\">4) Reducir el consumo y los viajes. Con un dr\u00e1stico cambio de viajes lujosos y de consumo despilfarrador, a un consumo y viajes b\u00e1sicos, necesarios, sustentables y satisfactorios.<\/div>\n<div dir=\"auto\" style=\"text-align: justify;\">\u00a0<\/div>\n<div dir=\"auto\" style=\"text-align: justify;\">5) Cancelaci\u00f3n de la deuda. Especialmente de trabajadores y poseedores de peque\u00f1os negocios, as\u00ed como de pa\u00edses del Sur Global (tanto la deuda a pa\u00edses como a instituciones financieras internacionales)\u00a0<\/div>\n<\/div>\n<div dir=\"auto\" style=\"text-align: justify;\">\u00a0<\/div>\n<div dir=\"auto\" style=\"text-align: justify;\">En lo que a nosotros respecta, la pregunta ya no es si debemos tomar estos pasos, sino c\u00f3mo lo haremos. No podemos ignorar el hecho de que esta crisis est\u00e1 afectando a algunas personas m\u00e1s que a otras. Pero podemos hacer justicia a los grupos m\u00e1s gravemente afectados mediante la implementaci\u00f3n de reformas de pol\u00edticas que har\u00e1n que las crisis futuras sean menos dif\u00edciles para estos grupos, y para todos nosotros, y generen menos miedo, o incluso eviten otra crisis. Instamos encarecidamente a los pol\u00edticos, a los responsables pol\u00edticos y a nuestros conciudadanos a que ayuden a lograr esta transici\u00f3n.<\/div>\n<div dir=\"auto\" style=\"text-align: justify;\">\u00a0<\/div>\n<div dir=\"auto\" style=\"text-align: justify;\">FIRMAN 170 PERSONALIDADES<\/div>\n<div dir=\"auto\" style=\"text-align: justify;\">\n<div dir=\"auto\">\u00a0<\/div>\n<div dir=\"auto\">\u00a0 \u00a0 \u00a0 \u00a0 \u00a0 https:\/\/www.elclarin.cl\/2020\/<wbr \/>04\/23\/holandeses-avanzan-en-<wbr \/>el-escenario-pospandemia-y-<wbr \/>proponen-un-modelo-economico-<wbr \/>basado-en-el-decrecimiento\/?<wbr \/>fbclid=<wbr \/>IwAR0NhdleAC8maumDWY0ZlOh02kT9<wbr \/>SZR30SoVMcuKnmbLEvvZDFo9V39FFB<wbr \/>8<\/div>\n<\/div>\n<div dir=\"auto\" style=\"text-align: justify;\">\n<p>FOTO:<\/p>\n<div class=\"fusion-flexslider flexslider post-slideshow fusion-post-slideshow\">\n<ul class=\"slides\">\n<li class=\"flex-active-slide\">\n<div class=\"ccfic\">\n<p><span class=\"ccfic-source\">Foto: Dovile Ramoskaite \/ Unsplash<\/span><\/p>\n<div class=\"the-comment\">\n<div class=\"comment-box\">\n<div class=\"comment-text\">\u00a0<\/div>\n<\/div>\n<\/div>\n<\/div>\n<\/li>\n<\/ul>\n<\/div>\n<div class=\"post-content\">\u00a0<\/div>\n<div id=\"comments\" class=\"comments-container\">\u00a0<\/div>\n<aside id=\"sidebar\" class=\"sidebar fusion-widget-area fusion-content-widget-area fusion-sidebar-right fusion-blogsidebar\" role=\"complementary\">\n<section class=\"widget elcla-widget\"><\/section>\n<\/aside>\n<\/div>\n","protected":false},"excerpt":{"rendered":"<p>\u00a0Al parecer Holanda es el pa\u00eds que con m\u00e1s fuerza est\u00e1 tomando el desaf\u00edo de&#8230;<\/p>\n","protected":false},"author":1,"featured_media":39511,"comment_status":"closed","ping_status":"closed","sticky":false,"template":"","format":"standard","meta":{"_coblocks_attr":"","_coblocks_dimensions":"","_coblocks_responsive_height":"","_coblocks_accordion_ie_support":"","jetpack_post_was_ever_published":false,"_jetpack_newsletter_access":"","_jetpack_dont_email_post_to_subs":false,"_jetpack_newsletter_tier_id":0,"_jetpack_memberships_contains_paywalled_content":false,"_jetpack_memberships_contains_paid_content":false,"footnotes":"","jetpack_publicize_message":"","jetpack_publicize_feature_enabled":true,"jetpack_social_post_already_shared":false,"jetpack_social_options":{"image_generator_settings":{"template":"highway","default_image_id":0,"enabled":false},"version":2}},"categories":[1161,7149,44,6937,15],"tags":[65,1468,6036],"class_list":["post-39510","post","type-post","status-publish","format-standard","has-post-thumbnail","hentry","category-ciudadania","category-coronavirus","category-noticias-de-hoy","category-sociedad","category-ultimas-noticias","tag-economia","tag-futuro","tag-holanda"],"jetpack_publicize_connections":[],"jetpack_featured_media_url":"https:\/\/i0.wp.com\/miradordeatarfe.es\/wp-content\/uploads\/2020\/04\/dovile-ramoskaite-x8rDSFN2DpY-unsplash.jpg?fit=1920%2C1199&ssl=1","jetpack_likes_enabled":true,"jetpack_sharing_enabled":true,"_links":{"self":[{"href":"https:\/\/miradordeatarfe.es\/index.php?rest_route=\/wp\/v2\/posts\/39510","targetHints":{"allow":["GET"]}}],"collection":[{"href":"https:\/\/miradordeatarfe.es\/index.php?rest_route=\/wp\/v2\/posts"}],"about":[{"href":"https:\/\/miradordeatarfe.es\/index.php?rest_route=\/wp\/v2\/types\/post"}],"author":[{"embeddable":true,"href":"https:\/\/miradordeatarfe.es\/index.php?rest_route=\/wp\/v2\/users\/1"}],"replies":[{"embeddable":true,"href":"https:\/\/miradordeatarfe.es\/index.php?rest_route=%2Fwp%2Fv2%2Fcomments&post=39510"}],"version-history":[{"count":3,"href":"https:\/\/miradordeatarfe.es\/index.php?rest_route=\/wp\/v2\/posts\/39510\/revisions"}],"predecessor-version":[{"id":39513,"href":"https:\/\/miradordeatarfe.es\/index.php?rest_route=\/wp\/v2\/posts\/39510\/revisions\/39513"}],"wp:featuredmedia":[{"embeddable":true,"href":"https:\/\/miradordeatarfe.es\/index.php?rest_route=\/wp\/v2\/media\/39511"}],"wp:attachment":[{"href":"https:\/\/miradordeatarfe.es\/index.php?rest_route=%2Fwp%2Fv2%2Fmedia&parent=39510"}],"wp:term":[{"taxonomy":"category","embeddable":true,"href":"https:\/\/miradordeatarfe.es\/index.php?rest_route=%2Fwp%2Fv2%2Fcategories&post=39510"},{"taxonomy":"post_tag","embeddable":true,"href":"https:\/\/miradordeatarfe.es\/index.php?rest_route=%2Fwp%2Fv2%2Ftags&post=39510"}],"curies":[{"name":"wp","href":"https:\/\/api.w.org\/{rel}","templated":true}]}}