{"id":39518,"date":"2020-04-28T11:00:35","date_gmt":"2020-04-28T09:00:35","guid":{"rendered":"http:\/\/miradordeatarfe.es\/?p=39518"},"modified":"2020-04-27T19:34:54","modified_gmt":"2020-04-27T17:34:54","slug":"ayuntamiento-de-atarfe-datos-de-personas-contagiadas-de-covid-19","status":"publish","type":"post","link":"https:\/\/miradordeatarfe.es\/?p=39518","title":{"rendered":"AYUNTAMIENTO DE  ATARFE: Datos de personas contagiadas de Covid-19"},"content":{"rendered":"<h3 style=\"text-align: justify;\">La Consejer\u00eda de Salud ha publicado los datos de COVID-19 en Andaluc\u00eda. Los puedes encontrar en el siguiente enlace:<\/h3>\n<p style=\"text-align: justify;\"><a href=\"http:\/\/www.juntadeandalucia.es\/institutodeestadisticaycartografia\/salud\/COVID19.html\">http:\/\/www.juntadeandalucia.es\/institutodeestadisticaycartografia\/salud\/COVID19.html<\/a><\/p>\n<p style=\"text-align: justify;\">En esta web puedes encontrar las cifras de contagios confirmados en Atarfe que en la actualidad es de<strong> 33 personas.<\/strong><\/p>\n<p style=\"text-align: justify;\">Desde el Ayuntamiento de Atarfe queremos trasladar nuestro p\u00e9same a los familiares de l@s dos vecin@s de Atarfe que la Junta de Andaluc\u00eda ha comunicado de manera oficial en el d\u00eda de hoy.<\/p>\n<p style=\"text-align: justify;\">Respecto a los datos facilitados, destacamos que Atarfe posee una de las Tasas de Contagio m\u00e1s bajas del \u00c1rea Metropolitana (17,6 contagiados por cada 10000 habitantes). En gran medida esto se debe a la colaboraci\u00f3n de todos los Atarfe\u00f1os y Atarfe\u00f1as que durante esta cuarentena han seguido las indicaciones de las Autoridades Sanitarias.<\/p>\n<p style=\"text-align: justify;\">Igualmente, en nuestro t\u00e9rmino municipal contamos con una Residencia de la Tercera Edad (Entre \u00c1lamos) que no ha registrado ning\u00fan caso de contagio entre sus residentes y emplead@s.<\/p>\n<p style=\"text-align: justify;\">Hacemos un llamamiento a no bajar la guardia y a extremar las medidas de seguridad ante los nuevos escenarios de desconfinamiento que vamos a vivir los pr\u00f3ximos d\u00edas. Debemos seguir actuando con responsabilidad colectiva para no dar pasos atr\u00e1s en el control de esta enfermedad.<\/p>\n<p style=\"text-align: justify;\">#AtarfeTeNecesita<br \/>\n#AtarfeSeQuedaEnCasa<br \/>\n#TodoVaASalirBien<br \/>\n#EsteVirusLoParamosUnidos<\/p>\n","protected":false},"excerpt":{"rendered":"<p>La Consejer\u00eda de Salud ha publicado los datos de COVID-19 en Andaluc\u00eda. Los puedes encontrar&#8230;<\/p>\n","protected":false},"author":1,"featured_media":0,"comment_status":"closed","ping_status":"closed","sticky":false,"template":"","format":"standard","meta":{"_coblocks_attr":"","_coblocks_dimensions":"","_coblocks_responsive_height":"","_coblocks_accordion_ie_support":"","jetpack_post_was_ever_published":false,"_jetpack_newsletter_access":"","_jetpack_dont_email_post_to_subs":false,"_jetpack_newsletter_tier_id":0,"_jetpack_memberships_contains_paywalled_content":false,"_jetpack_memberships_contains_paid_content":false,"footnotes":"","jetpack_publicize_message":"","jetpack_publicize_feature_enabled":true,"jetpack_social_post_already_shared":false,"jetpack_social_options":{"image_generator_settings":{"template":"highway","default_image_id":0,"enabled":false},"version":2}},"categories":[6916,7149,44,15],"tags":[7021,2369],"class_list":["post-39518","post","type-post","status-publish","format-standard","hentry","category-ayuntamiento-de-atarfe","category-coronavirus","category-noticias-de-hoy","category-ultimas-noticias","tag-coronavirus","tag-datos"],"jetpack_publicize_connections":[],"jetpack_featured_media_url":"","jetpack_likes_enabled":true,"jetpack_sharing_enabled":true,"_links":{"self":[{"href":"https:\/\/miradordeatarfe.es\/index.php?rest_route=\/wp\/v2\/posts\/39518","targetHints":{"allow":["GET"]}}],"collection":[{"href":"https:\/\/miradordeatarfe.es\/index.php?rest_route=\/wp\/v2\/posts"}],"about":[{"href":"https:\/\/miradordeatarfe.es\/index.php?rest_route=\/wp\/v2\/types\/post"}],"author":[{"embeddable":true,"href":"https:\/\/miradordeatarfe.es\/index.php?rest_route=\/wp\/v2\/users\/1"}],"replies":[{"embeddable":true,"href":"https:\/\/miradordeatarfe.es\/index.php?rest_route=%2Fwp%2Fv2%2Fcomments&post=39518"}],"version-history":[{"count":1,"href":"https:\/\/miradordeatarfe.es\/index.php?rest_route=\/wp\/v2\/posts\/39518\/revisions"}],"predecessor-version":[{"id":39519,"href":"https:\/\/miradordeatarfe.es\/index.php?rest_route=\/wp\/v2\/posts\/39518\/revisions\/39519"}],"wp:attachment":[{"href":"https:\/\/miradordeatarfe.es\/index.php?rest_route=%2Fwp%2Fv2%2Fmedia&parent=39518"}],"wp:term":[{"taxonomy":"category","embeddable":true,"href":"https:\/\/miradordeatarfe.es\/index.php?rest_route=%2Fwp%2Fv2%2Fcategories&post=39518"},{"taxonomy":"post_tag","embeddable":true,"href":"https:\/\/miradordeatarfe.es\/index.php?rest_route=%2Fwp%2Fv2%2Ftags&post=39518"}],"curies":[{"name":"wp","href":"https:\/\/api.w.org\/{rel}","templated":true}]}}