{"id":3952,"date":"2015-10-11T09:28:49","date_gmt":"2015-10-11T09:28:49","guid":{"rendered":"http:\/\/miradordeatarfe.es\/?p=3952"},"modified":"2015-10-18T08:11:44","modified_gmt":"2015-10-18T08:11:44","slug":"encuentro-del-ayuntamiento-con-los-vecinos-de-caparacena-para-tratar-de-solucionar-los-problemas-de-agua-y-luz","status":"publish","type":"post","link":"https:\/\/miradordeatarfe.es\/?p=3952","title":{"rendered":"Encuentro del Ayuntamiento con los vecinos de Caparacena para tratar de solucionar los problemas de agua y luz"},"content":{"rendered":"<p><span class=\"contenidos_subtitulo\">El gobierno municipal se compromete a mediar para que Aguasvira solucione los problemas de presi\u00f3n de agua y Sevillana Endesa mejore el suministro el\u00e9ctrico.<br \/>\n<\/span><!--more--><\/p>\n<p>El gobierno municipal ha mantenido en los \u00faltimos d\u00edas un encuentro con los vecinos de <strong>Caparacena <\/strong>para tratar de resolver los problemas que sufren en la pedan\u00eda y atender una serie de necesidades que demandan desde hace a\u00f1os.<\/p>\n<p>El alcalde <strong>Francisco Rodr\u00edguez Quesada<\/strong> (Por Atarfe S\u00ed) y la concejal de Urbanismo y Bienestar Social, <strong>Rosa F\u00e9lix<\/strong>, se reunieron el pasado viernes 3 de octubre con medio centenar de vecinos de Caparacena que reclaman soluciones a los problemas de cortes de luz y presi\u00f3n de agua que afectan a numerosas viviendas.<\/p>\n<p>El alcalde se comprometi\u00f3 a trasladar la demanda a <strong>Sevillana Endesa<\/strong> y a la empresa de abastecimiento <strong>Aguasvira<\/strong> para que mejoren tanto el suministro el\u00e9ctrico como la presi\u00f3n del agua que se reduce de forma ostensible en las viviendas con altura. Los vecinos tambi\u00e9n reivindican la necesidad de contar con instalaciones para la pr\u00e1ctica deportiva de los j\u00f3venes de la pedan\u00eda, en concreto un campo de f\u00fatbol y un front\u00f3n.<\/p>\n<p>En el cap\u00edtulo de mantenimiento, los residentes solicitaron la instalaci\u00f3n de un punto verde para el reciclaje de los residuos, y mayor frecuencia en la limpiaza viaria y en los contenedores.<\/p>\n<p>Otra de las peticiones que le hicieron llegar al nuevo equipo de gobierno fue el acondicionamiento de caminos rurales para la pr\u00e1ctica del senderismo, la creaci\u00f3n de un carril bici y la restauraci\u00f3n de la ribera del r\u00edo.<\/p>\n<p>Quieren, por otra parte, que puedan adecuar el local social para la celebraci\u00f3n de distintas actividades culturales, que se mejore la red Wifi por los problemas de conexi\u00f3n y se valle la zona de la depuradora para evitar que se produzcan accidentes.<\/p>\n<p>Los vecinos reclamaron la posibilidad de que se constituya un colegio electoral en la pedan\u00eda para no tener que acudir a Atarfe cada ven que tengan que depositar su voto en unas elecciones. El gobierno municipal tambi\u00e9n fue informado del proceso de elecci\u00f3n del alcalde ped\u00e1neo y la posterior creaci\u00f3n del Consejo de Participaci\u00f3n Ciudadana.<\/p>\n<p>Por \u00faltimo, mostraron inter\u00e9s en ayudar a los posibles refugiados sirios que lleguen a Atarfe. De hecho, una familia de Caparacena, con un negocio en la zona, ofreci\u00f3 una vivienda para dar cobijo a una de las muchas familias que han llegado a Europa escapando de la guerra.<\/p>\n","protected":false},"excerpt":{"rendered":"<p>El gobierno municipal se compromete a mediar para que Aguasvira solucione los problemas de presi\u00f3n&#8230;<\/p>\n","protected":false},"author":1,"featured_media":3953,"comment_status":"closed","ping_status":"closed","sticky":false,"template":"","format":"standard","meta":{"_coblocks_attr":"","_coblocks_dimensions":"","_coblocks_responsive_height":"","_coblocks_accordion_ie_support":"","jetpack_post_was_ever_published":false,"_jetpack_newsletter_access":"","_jetpack_dont_email_post_to_subs":false,"_jetpack_newsletter_tier_id":0,"_jetpack_memberships_contains_paywalled_content":false,"_jetpack_memberships_contains_paid_content":false,"footnotes":"","jetpack_publicize_message":"","jetpack_publicize_feature_enabled":true,"jetpack_social_post_already_shared":false,"jetpack_social_options":{"image_generator_settings":{"template":"highway","default_image_id":0,"enabled":false},"version":2}},"categories":[2,1],"tags":[249,1434,587,1433],"class_list":["post-3952","post","type-post","status-publish","format-standard","has-post-thumbnail","hentry","category-atarfe","category-uncategorized","tag-agua","tag-caparacena","tag-luz","tag-vecinos"],"jetpack_publicize_connections":[],"jetpack_featured_media_url":"https:\/\/i0.wp.com\/miradordeatarfe.es\/wp-content\/uploads\/2015\/10\/amalurra-granada.jpg?fit=550%2C330&ssl=1","jetpack_likes_enabled":true,"jetpack_sharing_enabled":true,"_links":{"self":[{"href":"https:\/\/miradordeatarfe.es\/index.php?rest_route=\/wp\/v2\/posts\/3952","targetHints":{"allow":["GET"]}}],"collection":[{"href":"https:\/\/miradordeatarfe.es\/index.php?rest_route=\/wp\/v2\/posts"}],"about":[{"href":"https:\/\/miradordeatarfe.es\/index.php?rest_route=\/wp\/v2\/types\/post"}],"author":[{"embeddable":true,"href":"https:\/\/miradordeatarfe.es\/index.php?rest_route=\/wp\/v2\/users\/1"}],"replies":[{"embeddable":true,"href":"https:\/\/miradordeatarfe.es\/index.php?rest_route=%2Fwp%2Fv2%2Fcomments&post=3952"}],"version-history":[{"count":1,"href":"https:\/\/miradordeatarfe.es\/index.php?rest_route=\/wp\/v2\/posts\/3952\/revisions"}],"predecessor-version":[{"id":3954,"href":"https:\/\/miradordeatarfe.es\/index.php?rest_route=\/wp\/v2\/posts\/3952\/revisions\/3954"}],"wp:featuredmedia":[{"embeddable":true,"href":"https:\/\/miradordeatarfe.es\/index.php?rest_route=\/wp\/v2\/media\/3953"}],"wp:attachment":[{"href":"https:\/\/miradordeatarfe.es\/index.php?rest_route=%2Fwp%2Fv2%2Fmedia&parent=3952"}],"wp:term":[{"taxonomy":"category","embeddable":true,"href":"https:\/\/miradordeatarfe.es\/index.php?rest_route=%2Fwp%2Fv2%2Fcategories&post=3952"},{"taxonomy":"post_tag","embeddable":true,"href":"https:\/\/miradordeatarfe.es\/index.php?rest_route=%2Fwp%2Fv2%2Ftags&post=3952"}],"curies":[{"name":"wp","href":"https:\/\/api.w.org\/{rel}","templated":true}]}}