{"id":39520,"date":"2020-04-28T09:39:33","date_gmt":"2020-04-28T07:39:33","guid":{"rendered":"http:\/\/miradordeatarfe.es\/?p=39520"},"modified":"2020-04-27T19:42:31","modified_gmt":"2020-04-27T17:42:31","slug":"ayudas-al-alquiler-de-vivienda-habitual","status":"publish","type":"post","link":"https:\/\/miradordeatarfe.es\/?p=39520","title":{"rendered":"Ayudas al Alquiler de Vivienda habitual"},"content":{"rendered":"<p>La ayuda para bonificaci\u00f3n del alquiler de viviendas puede solicitarse para el abono del alquiler desde el 1 de abril y durante un plazo de seis meses. La bonificaci\u00f3n m\u00e1xima ser\u00e1 de 900 euros.<\/p>\n<p>La Solicitud se realiza de manera telem\u00e1tica en el siguiente enlace:<\/p>\n<p style=\"text-align: justify;\"><a href=\"https:\/\/www.juntadeandalucia.es\/organismos\/fomentoinfraestructurasyordenaciondelterritorio\/areas\/vivienda-rehabilitacion\/fomento-alquiler\/paginas\/formularios-presentacion-telematica-alquila.html\">https:\/\/www.juntadeandalucia.es\/organismos\/fomentoinfraestructurasyordenaciondelterritorio\/areas\/vivienda-rehabilitacion\/fomento-alquiler\/paginas\/formularios-presentacion-telematica-alquila.html<\/a><\/p>\n<p style=\"text-align: justify;\">Los solicitantes pueden hacer uso de la declaraci\u00f3n responsable para avalar los requisitos, y tienen el un plazo de un mes para justificarlos.<\/p>\n<p style=\"text-align: justify;\"><strong>Requisitos de la persona solicitante:<\/strong><\/p>\n<p style=\"text-align: justify;\">&#8211; Est\u00e9 en el desempleo o afectado por una interrupci\u00f3n temporal de empleo (ERTE);<\/p>\n<p style=\"text-align: justify;\">&#8211; Que los ingresos de la unidad familiar sean menores en tres veces el IPREM (1.613 euros al mes) y, en caso de unidades familiares con alguno de sus miembros con discapacidad igual o superior al 33%, situaci\u00f3n de dependencia o enfermedad que le incapacite acreditadamente de forma permanente para realizar una actividad laboral, cuatro veces el IMPREM (1).<\/p>\n<p style=\"text-align: justify;\">La ayuda se financiar\u00e1, en parte, con la partida que el Gobierno de Espa\u00f1a destina a Andaluc\u00eda seg\u00fan la Orden TMA\/336\/2020, de 9 de abril, por la que se incorpora, sustituye y modifican sendos programas de ayuda del Plan Estatal de Vivienda 2018-2021, en cumplimiento de lo dispuesto en los art\u00edculos 10, 11 y 12 del Real Decreto-ley 11\/2020, de 31 de marzo, por el que se adoptan medidas urgentes complementarias en el \u00e1mbito social y econ\u00f3mico para hacer frente al COVID-19, y el Gobierno andaluz, que ampliar\u00e1 la dotaci\u00f3n de la partida.<\/p>\n<p style=\"text-align: justify;\">(1) Modificado en el Real Decreto ley 15\/2020 de 22 de abril que modifica el Real Decreto del 31 de marzo de medidas urgentes complementarias en el \u00e1mbito social y econ\u00f3mico para hacer frente al Covid-19<\/p>\n<p>#AtarfeTeNecesita<br \/>\n#AtarfeSeQuedaEnCasa<br \/>\n#TodoVaASalirBien<br \/>\n#EsteVirusLoParamosUnidos<\/p>\n<p>&nbsp;<\/p>\n","protected":false},"excerpt":{"rendered":"<p>La ayuda para bonificaci\u00f3n del alquiler de viviendas puede solicitarse para el abono del alquiler&#8230;<\/p>\n","protected":false},"author":1,"featured_media":39521,"comment_status":"closed","ping_status":"closed","sticky":false,"template":"","format":"standard","meta":{"_coblocks_attr":"","_coblocks_dimensions":"","_coblocks_responsive_height":"","_coblocks_accordion_ie_support":"","jetpack_post_was_ever_published":false,"_jetpack_newsletter_access":"","_jetpack_dont_email_post_to_subs":false,"_jetpack_newsletter_tier_id":0,"_jetpack_memberships_contains_paywalled_content":false,"_jetpack_memberships_contains_paid_content":false,"footnotes":"","jetpack_publicize_message":"","jetpack_publicize_feature_enabled":true,"jetpack_social_post_already_shared":false,"jetpack_social_options":{"image_generator_settings":{"template":"highway","default_image_id":0,"enabled":false},"version":2}},"categories":[1161,7149,44,6937,15],"tags":[1228,7279],"class_list":["post-39520","post","type-post","status-publish","format-standard","has-post-thumbnail","hentry","category-ciudadania","category-coronavirus","category-noticias-de-hoy","category-sociedad","category-ultimas-noticias","tag-ayudas","tag-vivienda-habitual"],"jetpack_publicize_connections":[],"jetpack_featured_media_url":"https:\/\/i0.wp.com\/miradordeatarfe.es\/wp-content\/uploads\/2020\/04\/ayuda_alquiler_nuevo_sinsello.jpg?fit=366%2C117&ssl=1","jetpack_likes_enabled":true,"jetpack_sharing_enabled":true,"_links":{"self":[{"href":"https:\/\/miradordeatarfe.es\/index.php?rest_route=\/wp\/v2\/posts\/39520","targetHints":{"allow":["GET"]}}],"collection":[{"href":"https:\/\/miradordeatarfe.es\/index.php?rest_route=\/wp\/v2\/posts"}],"about":[{"href":"https:\/\/miradordeatarfe.es\/index.php?rest_route=\/wp\/v2\/types\/post"}],"author":[{"embeddable":true,"href":"https:\/\/miradordeatarfe.es\/index.php?rest_route=\/wp\/v2\/users\/1"}],"replies":[{"embeddable":true,"href":"https:\/\/miradordeatarfe.es\/index.php?rest_route=%2Fwp%2Fv2%2Fcomments&post=39520"}],"version-history":[{"count":1,"href":"https:\/\/miradordeatarfe.es\/index.php?rest_route=\/wp\/v2\/posts\/39520\/revisions"}],"predecessor-version":[{"id":39522,"href":"https:\/\/miradordeatarfe.es\/index.php?rest_route=\/wp\/v2\/posts\/39520\/revisions\/39522"}],"wp:featuredmedia":[{"embeddable":true,"href":"https:\/\/miradordeatarfe.es\/index.php?rest_route=\/wp\/v2\/media\/39521"}],"wp:attachment":[{"href":"https:\/\/miradordeatarfe.es\/index.php?rest_route=%2Fwp%2Fv2%2Fmedia&parent=39520"}],"wp:term":[{"taxonomy":"category","embeddable":true,"href":"https:\/\/miradordeatarfe.es\/index.php?rest_route=%2Fwp%2Fv2%2Fcategories&post=39520"},{"taxonomy":"post_tag","embeddable":true,"href":"https:\/\/miradordeatarfe.es\/index.php?rest_route=%2Fwp%2Fv2%2Ftags&post=39520"}],"curies":[{"name":"wp","href":"https:\/\/api.w.org\/{rel}","templated":true}]}}